{"id":25025,"date":"2010-10-11T10:33:08","date_gmt":"2010-10-11T08:33:08","guid":{"rendered":"http:\/\/kulturbloggen.com\/?p=25025"},"modified":"2010-10-11T10:33:08","modified_gmt":"2010-10-11T08:33:08","slug":"nagon-mer-som-trottnat-pa-politiska-bloggare","status":"publish","type":"post","link":"https:\/\/kulturbloggen.com\/?p=25025","title":{"rendered":"N\u00e5gon mer som tr\u00f6ttnat p\u00e5 politiska bloggare?"},"content":{"rendered":"<p><a href=\"http:\/\/kulturbloggen.com\/wp-content\/uploads\/2010\/10\/opassande.jpg\"><img loading=\"lazy\" decoding=\"async\" src=\"http:\/\/kulturbloggen.com\/wp-content\/uploads\/2010\/10\/opassande-300x225.jpg\" alt=\"\" title=\"opassande\" width=\"300\" height=\"225\" class=\"aligncenter size-medium wp-image-25027\" \/><\/a><br \/>\nOpassande som vann Stora Bloggpriset i kategorin politik f\u00f6rsta g\u00e5ngen priset arrangerades av Aftonbladet verkar tr\u00f6ttna s\u00e5 sm\u00e5tt p\u00e5 det politiska bloggandet.<br \/>\n<a href=\"http:\/\/opassande.se\/index.php\/2010\/10\/11\/du-som-ar-politisk-bloggare-vad-tillfor-du-egentligen\/\">Emma p\u00e5 Opassande skriver i ett inl\u00e4gg:<\/a><\/p>\n<blockquote><p>Fr\u00e5gan \u00e4r om vi verkligen har n\u00e5t att komma med n\u00e4r vi \u201ctalar om\u201d och \u00e4r \u201cinsatta\u201d i olika fr\u00e5gest\u00e4llningar, n\u00e4r vi inte riktigt fixar att v\u00e5rda v\u00e5r egna nisch \u2014 eller vad man nu ska kalla m\u00f6jligheten att kunna sl\u00e4nga in sina tv\u00e5 sp\u00e4nn i samh\u00e4llsdebatten.<\/p>\n<p>Det d\u00e4r viktiga, v\u00e4rdefulla, var och ens m\u00f6jlighet att p\u00e5verka debatten har drunknat (inte f\u00f6r gott hoppas jag) i ett evigt megaf\u00e5nande.<\/p>\n<p>M\u00e5ste politik vara s\u00e5? F\u00f6r att vara riktigt jobbig \u2014 m\u00e5ste \u201cpolitik\u201d vara \u201cpolitik\u201d, ens? Medan jag sitter h\u00e4r och funderar p\u00e5 om jag \u00f6ver huvud taget tillf\u00f6r n\u00e5got \u2014 om jag ska f\u00f6r\u00e4ndra n\u00e5got eller s\u00e5, skulle det vara intressant att h\u00f6ra er andras tankar om vad ni tycker om den politiska bloggosf\u00e4ren.<\/p><\/blockquote>\n<p>Upplagt f\u00f6r diskussion, allts\u00e5.<\/p>\n<p>Jag kan sj\u00e4lv bli grymt tr\u00f6tt p\u00e5 det politiska bloggandet, kan uppleva det som v\u00e4ldigt f\u00f6ruts\u00e4gbart. Att jag vet innan jag l\u00e4ser ett blogginl\u00e4gg vad som ska f\u00f6ras fram, eftersom jag vet var bloggaren ifr\u00e5ga st\u00e5r politiskt.<br \/>\nEn bloggare som jag i alla fall tidigare uppfattat som att han g\u00e5r sin egen v\u00e4g och inte f\u00f6ljer partilinjen utan \u00e4r sig sj\u00e4lv \u00e4r <a href=\"http:\/\/soilander.wordpress.com\/\">Soilander p\u00e5 Under den lugna korkeken.<\/a><\/p>\n<p>F\u00f6r en kulturm\u00e4nniska kan det var jobbigt. En film eller en teaterpj\u00e4s som \u00e4r f\u00f6ruts\u00e4gbar \u00e4r s\u00e4llan bra.<br \/>\nNu kan politiska bloggar ha olika syften. En del \u00e4r mer till f\u00f6r den egna gruppen. Och det \u00e4r inget fel i det.  Andra \u00e4r till f\u00f6r att skribenten vill g\u00f6ra karri\u00e4r inom politiken och d\u00e5 \u00e4r en v\u00e4lsk\u00f6tt och v\u00e4lskriven blogg ett bra verktyg f\u00f6r att marknadsf\u00f6ra sig.<\/p>\n<p>Det finns olika slags politiska bloggare. Det finns till exempel politiker, k\u00e4nda eller ok\u00e4nda, som bloggar. Med bloggverktyget har de ett verktyg som de r\u00e4tt anv\u00e4nt kan uppn\u00e5 kommunikation med v\u00e4ljare och andra. Ett helt suver\u00e4nt verktyg, om de anv\u00e4nder det till att lyssna med och \u00f6dmjukt kommunicera. En kommunikativ riksdagspolitiker som jag uppfattar \u00e4r p\u00e5 r\u00e4tt v\u00e4g n\u00e4r det g\u00e4ller detta \u00e4r <a href=\"http:\/\/evalenajansson.blogspot.com\/\">Eva-Lena Jansson som bloggar h\u00e4r.<\/a><\/p>\n<p>Men inf\u00f6r valet 2010 tycker jag att m\u00e5nga bloggar, p\u00e5 b\u00e5da sidor, blev mer ointressanta och jag uppfattade till och med hur de slutade l\u00e4nka till varandra \u00f6ver blockgr\u00e4nserna.<\/p>\n<p>Fast det som kan f\u00e5 mig att tr\u00f6ttna allra mer p\u00e5 det politiska bloggandet \u00e4r egentligen bloggandet, inte det politiska.<br \/>\nAtt blogga \u00e4r t\u00e4tt knutet till realtidsfl\u00f6det. Jag kan bli tr\u00f6tt p\u00e5 att allt ska ske s\u00e5 snabbt.<br \/>\nIbland vill jag jobba mer med eftertanke, mer genomarbetat.<\/p>\n<p>Fast det kan ju en bloggare g\u00f6ra, i och f\u00f6r sig. Jag t\u00e4nker p\u00e5 <a href=\"http:\/\/storstad.wordpress.com\/\">Marika p\u00e5 Storstad<\/a>. Hon uppdaterar inte dagligen utan g\u00f6r l\u00e4ngre, mer genomarbetade analyser.<\/p>\n<p>S\u00e5 jag inte s\u00e4ga att jag tr\u00f6ttnat p\u00e5 politiska bloggare, f\u00f6r det kan vara allt m\u00f6jligt. D\u00e4remot kan jag sj\u00e4lv vara inne i en period d\u00e4r jag \u00e4r \u00e4r s\u00f6ker mer efter bloggar med funderingar och som inte s\u00e5 m\u00e5nga raka, enkla svar.<\/p>\n<p>Blogg kan vara s\u00e5 mycket och s\u00e5 olika.<br \/>\nL\u00e4s \u00e4ven andra bloggares \u00e5sikter om <a href=\"http:\/\/bloggar.se\/om\/Opassande\" rel=\"tag\">Opassande<\/a>, <a href=\"http:\/\/bloggar.se\/om\/Under+den+lugna+korkeken\" rel=\"tag\">Under den lugna korkeken<\/a>, <a href=\"http:\/\/bloggar.se\/om\/Eva-Lena+Jansson\" rel=\"tag\">Eva-Lena Jansson<\/a>, <a href=\"http:\/\/bloggar.se\/om\/politik\" rel=\"tag\">politik<\/a>, <a href=\"http:\/\/bloggar.se\/om\/Storstad\" rel=\"tag\">Storstad<\/a><\/p>\n","protected":false},"excerpt":{"rendered":"<p>Opassande som vann Stora Bloggpriset i kategorin politik f\u00f6rsta g\u00e5ngen priset arrangerades av Aftonbladet verkar tr\u00f6ttna s\u00e5 sm\u00e5tt p\u00e5 det politiska bloggandet. Emma p\u00e5 Opassande skriver i ett inl\u00e4gg: Fr\u00e5gan \u00e4r om vi verkligen har n\u00e5t att komma med n\u00e4r vi \u201ctalar om\u201d och \u00e4r \u201cinsatta\u201d i olika fr\u00e5gest\u00e4llningar, n\u00e4r vi inte riktigt fixar att [&hellip;]<\/p>\n","protected":false},"author":2,"featured_media":0,"comment_status":"open","ping_status":"open","sticky":false,"template":"","format":"standard","meta":{"_genesis_hide_title":false,"_genesis_hide_breadcrumbs":false,"_genesis_hide_singular_image":false,"_genesis_hide_footer_widgets":false,"_genesis_custom_body_class":"","_genesis_custom_post_class":"","_genesis_layout":"","footnotes":""},"categories":[20],"tags":[1601,4143,12284,6077],"class_list":{"0":"post-25025","1":"post","2":"type-post","3":"status-publish","4":"format-standard","6":"category-film","7":"tag-eva-lena-jansson","8":"tag-opassande","9":"tag-politik","10":"tag-under-den-lugna-korkeken","11":"entry"},"_links":{"self":[{"href":"https:\/\/kulturbloggen.com\/index.php?rest_route=\/wp\/v2\/posts\/25025","targetHints":{"allow":["GET"]}}],"collection":[{"href":"https:\/\/kulturbloggen.com\/index.php?rest_route=\/wp\/v2\/posts"}],"about":[{"href":"https:\/\/kulturbloggen.com\/index.php?rest_route=\/wp\/v2\/types\/post"}],"author":[{"embeddable":true,"href":"https:\/\/kulturbloggen.com\/index.php?rest_route=\/wp\/v2\/users\/2"}],"replies":[{"embeddable":true,"href":"https:\/\/kulturbloggen.com\/index.php?rest_route=%2Fwp%2Fv2%2Fcomments&post=25025"}],"version-history":[{"count":0,"href":"https:\/\/kulturbloggen.com\/index.php?rest_route=\/wp\/v2\/posts\/25025\/revisions"}],"wp:attachment":[{"href":"https:\/\/kulturbloggen.com\/index.php?rest_route=%2Fwp%2Fv2%2Fmedia&parent=25025"}],"wp:term":[{"taxonomy":"category","embeddable":true,"href":"https:\/\/kulturbloggen.com\/index.php?rest_route=%2Fwp%2Fv2%2Fcategories&post=25025"},{"taxonomy":"post_tag","embeddable":true,"href":"https:\/\/kulturbloggen.com\/index.php?rest_route=%2Fwp%2Fv2%2Ftags&post=25025"}],"curies":[{"name":"wp","href":"https:\/\/api.w.org\/{rel}","templated":true}]}}