{"id":24564,"date":"2010-09-29T19:24:20","date_gmt":"2010-09-29T17:24:20","guid":{"rendered":"http:\/\/kulturbloggen.com\/?p=24564"},"modified":"2010-09-29T19:24:20","modified_gmt":"2010-09-29T17:24:20","slug":"neil-youngs-le-noise-film-har-premiar-pa-youtube-30-september","status":"publish","type":"post","link":"https:\/\/kulturbloggen.com\/?p=24564","title":{"rendered":"Neil Youngs Le Noise-film har premi\u00e4r p\u00e5 YouTube 30 september"},"content":{"rendered":"<p><a href=\"http:\/\/kulturbloggen.com\/wp-content\/uploads\/2010\/09\/neilyoung.jpg\"><img loading=\"lazy\" decoding=\"async\" src=\"http:\/\/kulturbloggen.com\/wp-content\/uploads\/2010\/09\/neilyoung-300x168.jpg\" alt=\"\" title=\"neilyoung\" width=\"300\" height=\"168\" class=\"aligncenter size-medium wp-image-24565\" \/><\/a><br \/>\nFilmen Le Noise \u2014 en 38-minuters svart-vit film med \u00e5tta live-i-studio-framtr\u00e4danden av de \u00e5tta s\u00e5nger som finns med p\u00e5 rocklegendaren Neil Youngs nya album Le Noise kommer att ha premi\u00e4r exklusivt p\u00e5 YouTube med start 30 september (<a href=\"http:\/\/www.youtube.com\/neilyoung\">http:\/\/www.youtube.com\/neilyoung<\/a>).<\/p>\n<p>F\u00f6rutom de musikaliska framtr\u00e4dandena kommer det \u00e4ven finnas en introduktion till albumet av Neil Young sj\u00e4lv, samt dokument\u00e4rmaterial fr\u00e5n inspelningen av albumet med producenten Daniel Lanois, och annat. Framtr\u00e4dandena, som \u00e4r filmade av filmmakaren Adam CK Vollick, inneh\u00e5ller Neil p\u00e5 akustiska och elektriska gitarrer i Lanois hemstudio i Silverlake, CA, d\u00e4r Neil och Lanois spelade in albumet Le Noise.<\/p>\n<p>\u00c5ttasp\u00e5rsalbumet, som redan f\u00e5tt lysande recensioner, \u00e4r ett samarbete mellan den hyllade rockikonen och musikern, l\u00e5tskrivaren och flertalet g\u00e5nger om Grammy-vinnande producenten Daniel Lanois som \u00e4r k\u00e4nd f\u00f6r sitt arbete med bland andra U2, Bob Dylan, Peter Gabriel, Brian Eno, Emmylou Harris, Willie Nelson, The Neville Brothers och m\u00e5nga, m\u00e5nga fler.<\/p>\n<p>Le Noise \u00e4r Neil p\u00e5 akustiska och elektriska gitarrer med Lanois karakt\u00e4ristiska producentdrag och tillsammans blir det ett av de mest f\u00e5ngande album Neil har spelat in. Inget band, inga p\u00e5l\u00e4gg, bara \u201ca man on a stool and me doing a nice job on the recording\u201d, som Lanois beskriver det.<\/p>\n<p>Los Angeles Times fick h\u00f6ra albumet i Lanois hem, och skrev efter\u00e5t att \u201cWhat\u2019s striking about Le Noise is the way it both summarizes and distills Young\u2019s singular approach to music, predominantly just Neil and a guitar: Arguably Young&#8217;s most consistently potent work in the last decade.&#8221;<\/p>\n<p>The Chicago Tribune ans\u00e5g att det \u00e4r &#8221;One of Young\u2019s finest recordings.&#8221;<\/p>\n<p>Rolling Stone Magazine gav albumet fyra stj\u00e4rnor och sammanfattade albumet som \u201cLe Noise is, ultimately, an extreme simplicity: the sound of a man who won\u2019t give up.\u201d<\/p>\n<p><a href=\"http:\/\/www.expressen.se\/noje\/recensioner\/skivor\/1.2148571\/neil-young-le-noise\">Expressen skriver<\/a>:<br \/>\n<em>Det \u00e4r en pungspark rakt in i &#8221;Idol&#8221;\u2013tr\u00e4sket&#8221; och delar ut 4\/5 medan Dalarnas Tidningar \u00e4ven de ger en 4:a och skriver att Le Noise &#8221;\u00e4r en f\u00e4ngslande resa.<\/em><\/p>\n<p>Le Noise sl\u00e4pps i flera format, inklusive standardcd, vinyl och digital download. I november kommer det \u00e4ven en Blu-Rayutg\u00e5va, som inneh\u00e5ller Lanois och Vollicks vackert filmade Youngframtr\u00e4danden.<\/p>\n<p>Neil Young har alldeles nyligen avslutat sin turn\u00e9 l\u00e4ngs golfkusten, d\u00e4r han slog sig samman med Tyson Foods f\u00f6r att bek\u00e4mpa hungersn\u00f6den i omr\u00e5dena som drabbats av den fruktansv\u00e4rda oljeolyckan i april. 2 oktober kommer han att framtr\u00e4da p\u00e5 Farm Aid i Miller Park, Milwaukee, och kommer att \u00e5terf\u00f6renas med Buffalo Springfieldmedlemmarna Stephen Stills och Richie Furay f\u00f6r detta \u00e5rs v\u00e4lg\u00f6renhetskonserter p\u00e5 Bridge School.<\/p>\n<p>Spelningarna, d\u00e4r \u00e4ven Pearl Jam, Elton John &#038; Leon Russell, Elvis Costello, Lucinda Williams, mfl, medverkar kommer att h\u00e5llas p\u00e5 Shoreline Amphitheatre i Mountain View, CA, 23-24 oktober.<\/p>\n<p>Relaterat:<br \/>\n<a href=\"http:\/\/www.dn.se\/kultur-noje\/skivrecensioner\/neil-young-le-noise-1.1179036\">Betyg 4 i Dagens Nyheter<\/a><br \/>\n<a href=\"http:\/\/www.mynewsdesk.com\/se\/pressroom\/warnermusic\/pressrelease\/view\/neil-youngs-le-noise-film-har-premiaer-paa-youtube-30-september-485193\">Pressmeddelande p\u00e5 Newsdesk<\/a><\/p>\n<p>L\u00e4s \u00e4ven andra bloggares \u00e5sikter om <a href=\"http:\/\/bloggar.se\/om\/Neil+Young\" rel=\"tag\">Neil Young<\/a>, <a href=\"http:\/\/bloggar.se\/om\/Youtube\" rel=\"tag\">Youtube<\/a>, <a href=\"http:\/\/bloggar.se\/om\/Le+Noise\" rel=\"tag\">Le Noise<\/a><\/p>\n","protected":false},"excerpt":{"rendered":"<p>Filmen Le Noise \u2014 en 38-minuters svart-vit film med \u00e5tta live-i-studio-framtr\u00e4danden av de \u00e5tta s\u00e5nger som finns med p\u00e5 rocklegendaren Neil Youngs nya album Le Noise kommer att ha premi\u00e4r exklusivt p\u00e5 YouTube med start 30 september (http:\/\/www.youtube.com\/neilyoung). F\u00f6rutom de musikaliska framtr\u00e4dandena kommer det \u00e4ven finnas en introduktion till albumet av Neil Young sj\u00e4lv, samt [&hellip;]<\/p>\n","protected":false},"author":13,"featured_media":0,"comment_status":"open","ping_status":"open","sticky":false,"template":"","format":"standard","meta":{"_genesis_hide_title":false,"_genesis_hide_breadcrumbs":false,"_genesis_hide_singular_image":false,"_genesis_hide_footer_widgets":false,"_genesis_custom_body_class":"","_genesis_custom_post_class":"","_genesis_layout":"","footnotes":""},"categories":[7],"tags":[3239,3944,6475],"class_list":{"0":"post-24564","1":"post","2":"type-post","3":"status-publish","4":"format-standard","6":"category-musik","7":"tag-le-noise","8":"tag-neil-young","9":"tag-youtube","10":"entry"},"_links":{"self":[{"href":"https:\/\/kulturbloggen.com\/index.php?rest_route=\/wp\/v2\/posts\/24564","targetHints":{"allow":["GET"]}}],"collection":[{"href":"https:\/\/kulturbloggen.com\/index.php?rest_route=\/wp\/v2\/posts"}],"about":[{"href":"https:\/\/kulturbloggen.com\/index.php?rest_route=\/wp\/v2\/types\/post"}],"author":[{"embeddable":true,"href":"https:\/\/kulturbloggen.com\/index.php?rest_route=\/wp\/v2\/users\/13"}],"replies":[{"embeddable":true,"href":"https:\/\/kulturbloggen.com\/index.php?rest_route=%2Fwp%2Fv2%2Fcomments&post=24564"}],"version-history":[{"count":0,"href":"https:\/\/kulturbloggen.com\/index.php?rest_route=\/wp\/v2\/posts\/24564\/revisions"}],"wp:attachment":[{"href":"https:\/\/kulturbloggen.com\/index.php?rest_route=%2Fwp%2Fv2%2Fmedia&parent=24564"}],"wp:term":[{"taxonomy":"category","embeddable":true,"href":"https:\/\/kulturbloggen.com\/index.php?rest_route=%2Fwp%2Fv2%2Fcategories&post=24564"},{"taxonomy":"post_tag","embeddable":true,"href":"https:\/\/kulturbloggen.com\/index.php?rest_route=%2Fwp%2Fv2%2Ftags&post=24564"}],"curies":[{"name":"wp","href":"https:\/\/api.w.org\/{rel}","templated":true}]}}