{"id":24383,"date":"2010-09-23T00:53:15","date_gmt":"2010-09-22T22:53:15","guid":{"rendered":"http:\/\/kulturbloggen.com\/?p=24383"},"modified":"2010-09-23T00:53:15","modified_gmt":"2010-09-22T22:53:15","slug":"facbook-har-problem-ikvall","status":"publish","type":"post","link":"https:\/\/kulturbloggen.com\/?p=24383","title":{"rendered":"Facebook har problem"},"content":{"rendered":"<p><a href=\"http:\/\/kulturbloggen.com\/wp-content\/uploads\/2010\/09\/facebug.jpg\"><img loading=\"lazy\" decoding=\"async\" class=\"aligncenter size-full wp-image-24384\" title=\"facebug\" src=\"http:\/\/kulturbloggen.com\/wp-content\/uploads\/2010\/09\/facebug.jpg\" alt=\"\" width=\"257\" height=\"189\" \/><\/a><\/p>\n<p><a href=\"http:\/\/mashable.com\/2010\/09\/22\/facebook-down-for-some\/?utm_source=feedburner&amp;utm_medium=feed&amp;utm_campaign=Feed%3A+Mashable+%28Mashable%29&amp;utm_content=Google+Reader\">L\u00e4ste just p\u00e5 Mashable<\/a> att Facebook har problem. Enligt inl\u00e4gget r\u00f6r det sig om att en leverant\u00f6r har problem med att leverera bandbredd. Arbetet p\u00e5g\u00e5r f\u00f6r att l\u00f6sa problemet.<\/p>\n<p>Som vanligt flyttar diskussionen p\u00e5 sig och det har varit en hel del kommentarer p\u00e5 Twitter om detta.<\/p>\n<p>Internet byggdes f\u00f6r att var i princip os\u00e5rbart. Data skall forts\u00e4tta transporteras \u00e4ven om delar av n\u00e4tet har problem. Nu b\u00f6rjar webben ta liknande former. V\u00e5ra samtal forts\u00e4tter i andra kanaler n\u00e4r det kr\u00e5nglar.<\/p>\n<p>Samma sak h\u00e4nde f\u00f6rra \u00e5ret n\u00e4r <a href=\"http:\/\/www.theinquirer.net\/inquirer\/news\/1532184\/millions-users-businesses-hit-gmail-outage\">Gmail havererade<\/a>. Det var besv\u00e4rligt f\u00f6r m\u00e5nga. \u00c4ven om det fanns dom som sa att deras produktivitet \u00f6kade f\u00f6r att de inte st\u00f6rdes a eposten hela tiden. Diskussionen tog snabbt fart p\u00e5 FriendFeed och Twitter. Det fanns ocks\u00e5 en hel del information i andra kanaler. \u00c4ven om det var besv\u00e4rligt \u00e4r det bra inte vara ensam<\/p>\n<p>Problemen med Facebook har i alla fall inte jag m\u00e4rkt av men i kommentarerna p\u00e5 Mashable finns det en del som har saker att s\u00e4ga. Ber\u00e4tta g\u00e4rna om du haft problem idag och hur det p\u00e5verkar dig.<\/p>\n<p><a href=\"http:\/\/intressant.se\/intressant\">Intressant?<\/a> L\u00e4s \u00e4ven andra bloggares \u00e5sikter om <a rel=\"tag\" href=\"http:\/\/bloggar.se\/om\/Facebook\">Facebook<\/a>, <a rel=\"tag\" href=\"http:\/\/bloggar.se\/om\/Twitter\">Twitter<\/a>, <a rel=\"tag\" href=\"http:\/\/bloggar.se\/om\/Gmail\">Gmail<\/a>, <a rel=\"tag\" href=\"http:\/\/bloggar.se\/om\/Mashable\">Mashable<\/a>, <a rel=\"tag\" href=\"http:\/\/bloggar.se\/om\/kanaler\">kanaler<\/a>, <a rel=\"tag\" href=\"http:\/\/bloggar.se\/om\/internet\">internet<\/a><\/p>\n","protected":false},"excerpt":{"rendered":"<p>L\u00e4ste just p\u00e5 Mashable att Facebook har problem. Enligt inl\u00e4gget r\u00f6r det sig om att en leverant\u00f6r har problem med att leverera bandbredd. Arbetet p\u00e5g\u00e5r f\u00f6r att l\u00f6sa problemet. Som vanligt flyttar diskussionen p\u00e5 sig och det har varit en hel del kommentarer p\u00e5 Twitter om detta. Internet byggdes f\u00f6r att var i princip os\u00e5rbart. [&hellip;]<\/p>\n","protected":false},"author":13,"featured_media":0,"comment_status":"open","ping_status":"open","sticky":false,"template":"","format":"standard","meta":{"_genesis_hide_title":false,"_genesis_hide_breadcrumbs":false,"_genesis_hide_singular_image":false,"_genesis_hide_footer_widgets":false,"_genesis_custom_body_class":"","_genesis_custom_post_class":"","_genesis_layout":"","footnotes":""},"categories":[20],"tags":[1626,2024,2512,2851,3539,6045],"class_list":{"0":"post-24383","1":"post","2":"type-post","3":"status-publish","4":"format-standard","6":"category-film","7":"tag-facebook","8":"tag-gmail","9":"tag-internet","10":"tag-kanaler","11":"tag-mashable","12":"tag-twitter","13":"entry"},"_links":{"self":[{"href":"https:\/\/kulturbloggen.com\/index.php?rest_route=\/wp\/v2\/posts\/24383","targetHints":{"allow":["GET"]}}],"collection":[{"href":"https:\/\/kulturbloggen.com\/index.php?rest_route=\/wp\/v2\/posts"}],"about":[{"href":"https:\/\/kulturbloggen.com\/index.php?rest_route=\/wp\/v2\/types\/post"}],"author":[{"embeddable":true,"href":"https:\/\/kulturbloggen.com\/index.php?rest_route=\/wp\/v2\/users\/13"}],"replies":[{"embeddable":true,"href":"https:\/\/kulturbloggen.com\/index.php?rest_route=%2Fwp%2Fv2%2Fcomments&post=24383"}],"version-history":[{"count":0,"href":"https:\/\/kulturbloggen.com\/index.php?rest_route=\/wp\/v2\/posts\/24383\/revisions"}],"wp:attachment":[{"href":"https:\/\/kulturbloggen.com\/index.php?rest_route=%2Fwp%2Fv2%2Fmedia&parent=24383"}],"wp:term":[{"taxonomy":"category","embeddable":true,"href":"https:\/\/kulturbloggen.com\/index.php?rest_route=%2Fwp%2Fv2%2Fcategories&post=24383"},{"taxonomy":"post_tag","embeddable":true,"href":"https:\/\/kulturbloggen.com\/index.php?rest_route=%2Fwp%2Fv2%2Ftags&post=24383"}],"curies":[{"name":"wp","href":"https:\/\/api.w.org\/{rel}","templated":true}]}}