{"id":24324,"date":"2010-09-21T15:52:06","date_gmt":"2010-09-21T13:52:06","guid":{"rendered":"http:\/\/kulturbloggen.com\/?p=24324"},"modified":"2010-09-21T15:52:06","modified_gmt":"2010-09-21T13:52:06","slug":"folj-carl-noren-dag-for-dag-infor-lanseringen-av-singeln-och-videoklipp-med-kommande-singeln","status":"publish","type":"post","link":"https:\/\/kulturbloggen.com\/?p=24324","title":{"rendered":"F\u00f6lj Carl Nor\u00e9n dag f\u00f6r dag inf\u00f6r lanseringen av singeln &#8211; och videoklipp med kommande singeln"},"content":{"rendered":"<p><a href=\"http:\/\/kulturbloggen.com\/wp-content\/uploads\/2010\/09\/carlnoren-480.jpg\"><img loading=\"lazy\" decoding=\"async\" src=\"http:\/\/kulturbloggen.com\/wp-content\/uploads\/2010\/09\/carlnoren-480-300x156.jpg\" alt=\"\" title=\"carlnoren-480\" width=\"300\" height=\"156\" class=\"aligncenter size-medium wp-image-24325\" \/><\/a><\/p>\n<p><a href=\"http:\/\/blogg.svt.se\/psl\/\">Per Sinding Larsens musikblogg PSL<\/a>  f\u00f6ljde Carl Nor\u00e9n under en dag i hans f\u00f6delseort Borl\u00e4nge i somras.<br \/>\nResulatet kan vi se i PSL:s blogg d\u00e4r han l\u00e4gger upp ett klipp om dagen d\u00e4r Carl visar er runt i sin hemstad. H\u00e4r \u00e4r det f\u00f6rsta blogginl\u00e4gget med filmklipp, <a href=\"http:\/\/blogg.svt.se\/psl\/2010\/09\/21\/hemma-hos-carl-noren-%E2%80%93-del-1-av-6\/\">del 1 av 6<\/a>.<\/p>\n<p>Men dessutom delar PSL med sig, vi andra bloggare kan ocks\u00e5 l\u00e4gga in filmklippen i v\u00e5ra bloggar.<\/p>\n<p>Carl Nor\u00e9ns f\u00f6rsta singel The Anger sl\u00e4pps den 4 oktober. Solodebutalbumet sl\u00e4pps i b\u00f6rjan av n\u00e4sta \u00e5r.<\/p>\n<p>Carl Nor\u00e9n har gjort en akustisk tolkning av sin kommande singel The Anger uppe p\u00e5 Mariaberget i Stockholm och den kan du se h\u00e4r nedan:<br \/>\n(<a href=\"http:\/\/blogg.svt.se\/psl\/2010\/09\/20\/musik-med-carl-noren\/\">Ocks\u00e5 n\u00e5got som PSL bjuder p\u00e5<\/a>.)<\/p>\n<p><object classid=\"clsid:D27CDB6E-AE6D-11cf-96B8-444553540000\" width=\"508\" height=\"315\"><param name=\"movie\" value=\"http:\/\/blogg.svt.se\/psl\/wordpress\/wp-content\/themes\/psl\/flash\/player-16-9.swf?movie_id=16051\"><param name=\"quality\" value=\"high\"><param name=\"allowFullScreen\" value=\"true\"><embed type=\"application\/x-shockwave-flash\" src=\"http:\/\/blogg.svt.se\/psl\/wordpress\/wp-content\/themes\/psl\/flash\/player-16-9.swf?movie_id=16051\" width=\"508\" height=\"315\" quality=\"high\" allowFullScreen=\"true\"><\/\n\n\n<object classid=\"clsid:D27CDB6E-AE6D-11cf-96B8-444553540000\" width=\"508\" height=\"315\"><param name=\"movie\" value=\"http:\/\/blogg.svt.se\/psl\/wordpress\/wp-content\/themes\/psl\/flash\/player-16-9.swf?movie_id=16085\"><param name=\"quality\" value=\"high\"><param name=\"allowFullScreen\" value=\"true\"><embed type=\"application\/x-shockwave-flash\" src=\"http:\/\/blogg.svt.se\/psl\/wordpress\/wp-content\/themes\/psl\/flash\/player-16-9.swf?movie_id=16085\" width=\"508\" height=\"315\" quality=\"high\" allowFullScreen=\"true\"><\/embed><\/object><\/p>\n<p>L\u00e4s \u00e4ven andra bloggares \u00e5sikter om <a href=\"http:\/\/bloggar.se\/om\/Carl+Nor%E9n\" rel=\"tag\">Carl Nor\u00e9n<\/a>, <a href=\"http:\/\/bloggar.se\/om\/skivnytt\" rel=\"tag\">skivnytt<\/a>, <a href=\"http:\/\/bloggar.se\/om\/videoklipp\" rel=\"tag\">videoklipp<\/a>, <a href=\"http:\/\/bloggar.se\/om\/Per+Sinding+Larsen\" rel=\"tag\">Per Sinding Larsen<\/a>, <a href=\"http:\/\/bloggar.se\/om\/PSL\" rel=\"tag\">PSL<\/a>, <a href=\"http:\/\/bloggar.se\/om\/musikblogg\" rel=\"tag\">musikblogg<\/a><\/p>\n","protected":false},"excerpt":{"rendered":"<p>Per Sinding Larsens musikblogg PSL f\u00f6ljde Carl Nor\u00e9n under en dag i hans f\u00f6delseort Borl\u00e4nge i somras. Resulatet kan vi se i PSL:s blogg d\u00e4r han l\u00e4gger upp ett klipp om dagen d\u00e4r Carl visar er runt i sin hemstad. H\u00e4r \u00e4r det f\u00f6rsta blogginl\u00e4gget med filmklipp, del 1 av 6. Men dessutom delar PSL [&hellip;]<\/p>\n","protected":false},"author":13,"featured_media":0,"comment_status":"open","ping_status":"open","sticky":false,"template":"","format":"standard","meta":{"_genesis_hide_title":false,"_genesis_hide_breadcrumbs":false,"_genesis_hide_singular_image":false,"_genesis_hide_footer_widgets":false,"_genesis_custom_body_class":"","_genesis_custom_post_class":"","_genesis_layout":"","footnotes":""},"categories":[7],"tags":[938,3835,4312,4547,5121],"class_list":{"0":"post-24324","1":"post","2":"type-post","3":"status-publish","4":"format-standard","6":"category-musik","7":"tag-carl-noren","8":"tag-musikblogg","9":"tag-per-sinding-larsen","10":"tag-psl","11":"tag-skivnytt","12":"entry"},"_links":{"self":[{"href":"https:\/\/kulturbloggen.com\/index.php?rest_route=\/wp\/v2\/posts\/24324","targetHints":{"allow":["GET"]}}],"collection":[{"href":"https:\/\/kulturbloggen.com\/index.php?rest_route=\/wp\/v2\/posts"}],"about":[{"href":"https:\/\/kulturbloggen.com\/index.php?rest_route=\/wp\/v2\/types\/post"}],"author":[{"embeddable":true,"href":"https:\/\/kulturbloggen.com\/index.php?rest_route=\/wp\/v2\/users\/13"}],"replies":[{"embeddable":true,"href":"https:\/\/kulturbloggen.com\/index.php?rest_route=%2Fwp%2Fv2%2Fcomments&post=24324"}],"version-history":[{"count":0,"href":"https:\/\/kulturbloggen.com\/index.php?rest_route=\/wp\/v2\/posts\/24324\/revisions"}],"wp:attachment":[{"href":"https:\/\/kulturbloggen.com\/index.php?rest_route=%2Fwp%2Fv2%2Fmedia&parent=24324"}],"wp:term":[{"taxonomy":"category","embeddable":true,"href":"https:\/\/kulturbloggen.com\/index.php?rest_route=%2Fwp%2Fv2%2Fcategories&post=24324"},{"taxonomy":"post_tag","embeddable":true,"href":"https:\/\/kulturbloggen.com\/index.php?rest_route=%2Fwp%2Fv2%2Ftags&post=24324"}],"curies":[{"name":"wp","href":"https:\/\/api.w.org\/{rel}","templated":true}]}}