{"id":24299,"date":"2010-09-20T11:27:08","date_gmt":"2010-09-20T09:27:08","guid":{"rendered":"http:\/\/kulturbloggen.com\/?p=24299"},"modified":"2010-09-20T11:27:08","modified_gmt":"2010-09-20T09:27:08","slug":"kamelfargat-och-beige","status":"publish","type":"post","link":"https:\/\/kulturbloggen.com\/?p=24299","title":{"rendered":"Kamelf\u00e4rgat och beige"},"content":{"rendered":"<p><a href=\"http:\/\/kulturbloggen.com\/wp-content\/uploads\/2010\/09\/beige.jpg\"><img loading=\"lazy\" decoding=\"async\" src=\"http:\/\/kulturbloggen.com\/wp-content\/uploads\/2010\/09\/beige-300x291.jpg\" alt=\"\" title=\"beige\" width=\"300\" height=\"291\" class=\"aligncenter size-medium wp-image-24301\" \/><\/a><br \/>\nDet syns p\u00e5 catwalken, i tidningar, i aff\u00e4rer, p\u00e5 m\u00e4nniskor. Beige och kamelf\u00e4rgat. Dessa tv\u00e5 f\u00e4rger, som finns i en stor f\u00e4rgskala, g\u00e5r l\u00e4tt att kombinera. Beige \u00e4r en f\u00e4rg som alltid kommer och g\u00e5r. Det som \u00e4r f\u00f6rtjusande h\u00f6sten till \u00e4ra \u00e4r att m\u00e5nga designers satsat p\u00e5 bekv\u00e4mligheten. Kl\u00e4derna beh\u00f6ver varken sitta tajt eller vara kalla f\u00f6r att anv\u00e4ndas, och det kan man bland annat tacka Chlo\u00e9 f\u00f6r.<\/p>\n<p>Om man ser p\u00e5 Chlo\u00e9s RTWkollektion h\u00f6st\/vinter 10, s\u00e5 \u00e4r det l\u00e5nga ullkappor, l\u00e5ng\u00e4rmade sidenblusar och l\u00e5ngbyxor. Personligen \u00e4r det v\u00e4l uppskattat, d\u00e5 frysa \u00e4r det v\u00e4rsta som finns.<\/p>\n<p>N\u00e4r jag ska kl\u00e4 mig i n\u00e5got som jag aldrig kl\u00e4tt mig i tidigare f\u00f6rs\u00f6ker jag alltid hitta p\u00e5 ett tema att anpassa mig efter. D\u00e5 jag aldrig har kl\u00e4tt mig i varken beige eller kamelf\u00e4rgat tidigare skapar jag mig en inriktning som jag sedan har i \u00e5tanke. Med just beigetf\u00f6redrar jag att kombinera det med ljusa f\u00e4rger, trots h\u00f6stens framfart. Jag har precis inf\u00f6rskaffat mig ett par grova beige linnebyxor som jag kombinerar med en vaniljvit genomskinlig blus. Materialkontrasterna \u00e4r intressanta, samtidigt som beiget och vaniljvitt \u00e4r tv\u00e5 s\u00e4kra kort.<\/p>\n<p>Men just beige \u00e4r s\u00e5 varierande, vilket man tydligt kan se; Chlo\u00e9s beigea \u00e4r f\u00f6r businesskvinnan. Acnes beigea \u00e4r f\u00f6r Star Trek-karakt\u00e4rer som landat mitt i stan. Dagmar t\u00e4nker sig en mysh\u00f6st.<\/p>\n<p>\u00c4ven fast kamelf\u00e4rgat exploderat fram och \u00e4r v\u00e4l uppskattad v\u00e4rlden \u00f6ver, s\u00e5 \u00e4r den f\u00e4rgen betydligt mer tempor\u00e4r \u00e4n beige. Beiget har alltid kommit och g\u00e5tt, och ska man investera i en l\u00e5ng lammullskappa rekommenderar jag att v\u00e4lja beige.<\/p>\n<p>Relaterat:<br \/>\n<a href=\"http:\/\/helenaengstrom.blogg.se\/2010\/september\/zaras-host-kollektion.html\">Helena Engstr\u00f6ms blogg tar ocks\u00e5 upp h\u00f6stens f\u00e4rger.<\/a><\/p>\n<p>L\u00e4s \u00e4ven andra bloggares \u00e5sikter om <a href=\"http:\/\/bloggar.se\/om\/beige\" rel=\"tag\">beige<\/a>, <a href=\"http:\/\/bloggar.se\/om\/kamelf%E4rgat\" rel=\"tag\">kamelf\u00e4rgat<\/a>, <a href=\"http:\/\/bloggar.se\/om\/h%F6st\" rel=\"tag\">h\u00f6st<\/a>, <a href=\"http:\/\/bloggar.se\/om\/mode\" rel=\"tag\">mode<\/a>, <a href=\"http:\/\/bloggar.se\/om\/h%F6stmode\" rel=\"tag\">h\u00f6stmode<\/a><\/p>\n","protected":false},"excerpt":{"rendered":"<p>Det syns p\u00e5 catwalken, i tidningar, i aff\u00e4rer, p\u00e5 m\u00e4nniskor. Beige och kamelf\u00e4rgat. Dessa tv\u00e5 f\u00e4rger, som finns i en stor f\u00e4rgskala, g\u00e5r l\u00e4tt att kombinera. Beige \u00e4r en f\u00e4rg som alltid kommer och g\u00e5r. Det som \u00e4r f\u00f6rtjusande h\u00f6sten till \u00e4ra \u00e4r att m\u00e5nga designers satsat p\u00e5 bekv\u00e4mligheten. Kl\u00e4derna beh\u00f6ver varken sitta tajt eller [&hellip;]<\/p>\n","protected":false},"author":13,"featured_media":0,"comment_status":"open","ping_status":"open","sticky":false,"template":"","format":"standard","meta":{"_genesis_hide_title":false,"_genesis_hide_breadcrumbs":false,"_genesis_hide_singular_image":false,"_genesis_hide_footer_widgets":false,"_genesis_custom_body_class":"","_genesis_custom_post_class":"","_genesis_layout":"","footnotes":""},"categories":[20],"tags":[569,2391,2840,3729],"class_list":["post-24299","post","type-post","status-publish","format-standard","category-film","tag-beige","tag-host","tag-kamelfargat","tag-mode","entry"],"_links":{"self":[{"href":"https:\/\/kulturbloggen.com\/index.php?rest_route=\/wp\/v2\/posts\/24299","targetHints":{"allow":["GET"]}}],"collection":[{"href":"https:\/\/kulturbloggen.com\/index.php?rest_route=\/wp\/v2\/posts"}],"about":[{"href":"https:\/\/kulturbloggen.com\/index.php?rest_route=\/wp\/v2\/types\/post"}],"author":[{"embeddable":true,"href":"https:\/\/kulturbloggen.com\/index.php?rest_route=\/wp\/v2\/users\/13"}],"replies":[{"embeddable":true,"href":"https:\/\/kulturbloggen.com\/index.php?rest_route=%2Fwp%2Fv2%2Fcomments&post=24299"}],"version-history":[{"count":0,"href":"https:\/\/kulturbloggen.com\/index.php?rest_route=\/wp\/v2\/posts\/24299\/revisions"}],"wp:attachment":[{"href":"https:\/\/kulturbloggen.com\/index.php?rest_route=%2Fwp%2Fv2%2Fmedia&parent=24299"}],"wp:term":[{"taxonomy":"category","embeddable":true,"href":"https:\/\/kulturbloggen.com\/index.php?rest_route=%2Fwp%2Fv2%2Fcategories&post=24299"},{"taxonomy":"post_tag","embeddable":true,"href":"https:\/\/kulturbloggen.com\/index.php?rest_route=%2Fwp%2Fv2%2Ftags&post=24299"}],"curies":[{"name":"wp","href":"https:\/\/api.w.org\/{rel}","templated":true}]}}