{"id":24204,"date":"2010-09-17T18:32:40","date_gmt":"2010-09-17T16:32:40","guid":{"rendered":"http:\/\/kulturbloggen.com\/?p=24204"},"modified":"2010-09-17T18:32:40","modified_gmt":"2010-09-17T16:32:40","slug":"vampyren-robert-pattinson-sop-istallet-for-att-spela-in-skivan","status":"publish","type":"post","link":"https:\/\/kulturbloggen.com\/?p=24204","title":{"rendered":"Vampyren Robert Pattinson s\u00f6p ist\u00e4llet f\u00f6r att spela in skivan"},"content":{"rendered":"<p><a href=\"http:\/\/kulturbloggen.com\/wp-content\/uploads\/2010\/09\/RobertPattinson.jpg\"><img loading=\"lazy\" decoding=\"async\" src=\"http:\/\/kulturbloggen.com\/wp-content\/uploads\/2010\/09\/RobertPattinson-199x300.jpg\" alt=\"\" title=\"RobertPattinson\" width=\"199\" height=\"300\" class=\"aligncenter size-medium wp-image-24205\" \/><\/a><\/p>\n<p>\u201dTwilight\u201d-stj\u00e4rnan Robert Pattinson vill bli popstj\u00e4rna och hade hyrt in duktiga musiker och bokat tid i studio f\u00f6r att spela in l\u00e5tar till en skiva. Men skivan blev rena &#8221;fylleskivan&#8221; eller r\u00e4ttare sagt en stor fyllefest ist\u00e4llet, ber\u00e4ttar Aftonbladets Hollywood-expert <a href=\"http:\/\/www.aftonbladet.se\/nojesbladet\/klick\/article7799432.ab\">Magnus Sundholm som skriver<\/a>:<\/p>\n<blockquote><p>H\u00e4ndelsen intr\u00e4ffade n\u00e4r Pattinson den 30 augusti hyrt en inspelningsstudio i Los Angeles och anlitat proffsmusiker.<br \/>\nMen enligt k\u00e4llan fick han ingenting gjort eftersom han bjudit in ett g\u00e4ng kompisar som kom \u00f6ver med \u201dmassor av sprit\u201d.<br \/>\n\u2013 Robert blev s\u00e5 packad att han inte kunde spela in en enda l\u00e5t, s\u00e4ger k\u00e4llan.<\/p><\/blockquote>\n<p>Det finns en blogg som verkar ha totalkoll p\u00e5 Robert Pattinson och den ber\u00e4ttar att han <a href=\"http:\/\/robertpattinson.blogg.se\/2010\/september\/inget-music-awards-for-rob.html\">inte deltog i \u00e5rets MTV Awards<\/a>.<\/p>\n<blockquote><p>Enligt E! online s\u00e5 kommer inte Robert delta i \u00e5rets mtv music awards. S\u00e5 i \u00e5r verkar det inte som Robert kommer delta. Om Kristen Stewart eller de anda i the twilight saga ska delta \u00e4r fortfarande oklart. <\/p><\/blockquote>\n<p>Han kanske v\u00e4ntar tills han har en egen skiva?<br \/>\nFast \u00e5 andra sidan: det d\u00e4r med att han vill spela in en skiva, hur s\u00e4ker kan man vara p\u00e5 att det \u00e4r sant? Han har ju visat sig ha en rej\u00e4l tendens att skapa rubriker och snacka med medier.<\/p>\n<p>Som n\u00e4r han ber\u00e4ttade att han hatar kvinnors k\u00f6nsorgan, <a href=\"http:\/\/www.expressen.se\/noje\/extra\/1.1882037\/robert-pattinson-jag-hatar-vaginor\">ur Expressen<\/a>:<br \/>\n<em>Robert Pattinson, 23, har en fobi:<br \/>\nDet kvinnliga underlivet.<br \/>\n&#8211; Jag hatar verkligen vaginor, s\u00e4ger flickidolen till Detalis.<\/em><\/p>\n<p>Men i <a href=\"http:\/\/solomag.se\/2010\/01\/robert-pattinson-jag-ar-ung-fri-och-singel\/\">en annan intervju<\/a> s\u00e4ger han att han gillar fram\u00e5t tjejer:<br \/>\n<em>&#8211; Vi \u00e4r v\u00e4nner. Jag \u00e4r absolut singel och p\u00e5 jakt. Jag har nog ingen typ s\u00e5d\u00e4r, men jag gillar n\u00e4r tjejer \u00e4r fram\u00e5t och starka. Jag tar vad jag kan f\u00e5.<br \/>\n<\/em><\/p>\n<p>F\u00f6r min del f\u00e5r han vara vad han vill: homo, bi, hetero eller asexuell. Det ena \u00e4r inte finare \u00e4n det andra.<\/p>\n<p>L\u00e4s \u00e4ven andra bloggares \u00e5sikter om <a href=\"http:\/\/bloggar.se\/om\/Robert+Pattinson\" rel=\"tag\">Robert Pattinson<\/a>, <a href=\"http:\/\/bloggar.se\/om\/k%E4ndisar\" rel=\"tag\">k\u00e4ndisar<\/a>, <a href=\"http:\/\/bloggar.se\/om\/Hollywood\" rel=\"tag\">Hollywood<\/a>, <a href=\"http:\/\/bloggar.se\/om\/fyllefest\" rel=\"tag\">fyllefest<\/a>, <a href=\"http:\/\/bloggar.se\/om\/alkohol\" rel=\"tag\">alkohol<\/a>, <a href=\"http:\/\/bloggar.se\/om\/k%E4ndisar\" rel=\"tag\">k\u00e4ndisar<\/a><\/p>\n","protected":false},"excerpt":{"rendered":"<p>\u201dTwilight\u201d-stj\u00e4rnan Robert Pattinson vill bli popstj\u00e4rna och hade hyrt in duktiga musiker och bokat tid i studio f\u00f6r att spela in l\u00e5tar till en skiva. Men skivan blev rena &#8221;fylleskivan&#8221; eller r\u00e4ttare sagt en stor fyllefest ist\u00e4llet, ber\u00e4ttar Aftonbladets Hollywood-expert Magnus Sundholm som skriver: H\u00e4ndelsen intr\u00e4ffade n\u00e4r Pattinson den 30 augusti hyrt en inspelningsstudio i [&hellip;]<\/p>\n","protected":false},"author":13,"featured_media":0,"comment_status":"open","ping_status":"open","sticky":false,"template":"","format":"standard","meta":{"_genesis_hide_title":false,"_genesis_hide_breadcrumbs":false,"_genesis_hide_singular_image":false,"_genesis_hide_footer_widgets":false,"_genesis_custom_body_class":"","_genesis_custom_post_class":"","_genesis_layout":"","footnotes":""},"categories":[50,20],"tags":[208,1903,2297,3171,4782],"class_list":{"0":"post-24204","1":"post","2":"type-post","3":"status-publish","4":"format-standard","6":"category-filmfilm","7":"category-film","8":"tag-alkohol","9":"tag-fyllefest","10":"tag-hollywood","11":"tag-kandisar","12":"tag-robert-pattinson","13":"entry"},"_links":{"self":[{"href":"https:\/\/kulturbloggen.com\/index.php?rest_route=\/wp\/v2\/posts\/24204","targetHints":{"allow":["GET"]}}],"collection":[{"href":"https:\/\/kulturbloggen.com\/index.php?rest_route=\/wp\/v2\/posts"}],"about":[{"href":"https:\/\/kulturbloggen.com\/index.php?rest_route=\/wp\/v2\/types\/post"}],"author":[{"embeddable":true,"href":"https:\/\/kulturbloggen.com\/index.php?rest_route=\/wp\/v2\/users\/13"}],"replies":[{"embeddable":true,"href":"https:\/\/kulturbloggen.com\/index.php?rest_route=%2Fwp%2Fv2%2Fcomments&post=24204"}],"version-history":[{"count":0,"href":"https:\/\/kulturbloggen.com\/index.php?rest_route=\/wp\/v2\/posts\/24204\/revisions"}],"wp:attachment":[{"href":"https:\/\/kulturbloggen.com\/index.php?rest_route=%2Fwp%2Fv2%2Fmedia&parent=24204"}],"wp:term":[{"taxonomy":"category","embeddable":true,"href":"https:\/\/kulturbloggen.com\/index.php?rest_route=%2Fwp%2Fv2%2Fcategories&post=24204"},{"taxonomy":"post_tag","embeddable":true,"href":"https:\/\/kulturbloggen.com\/index.php?rest_route=%2Fwp%2Fv2%2Ftags&post=24204"}],"curies":[{"name":"wp","href":"https:\/\/api.w.org\/{rel}","templated":true}]}}