{"id":24142,"date":"2010-09-16T09:24:41","date_gmt":"2010-09-16T07:24:41","guid":{"rendered":"http:\/\/kulturbloggen.com\/?p=24142"},"modified":"2010-09-16T09:24:41","modified_gmt":"2010-09-16T07:24:41","slug":"nu-gar-det-att-onska-artisterforumdeltagare-till-peace-love-2011","status":"publish","type":"post","link":"https:\/\/kulturbloggen.com\/?p=24142","title":{"rendered":"Nu g\u00e5r det att \u00f6nska artister\/Forumdeltagare till Peace &amp; Love 2011"},"content":{"rendered":"<p>Knappt har h\u00f6sten kommit och planeringen inf\u00f6r n\u00e4sta sommars underbara musikfestivaler \u00e4r redan i full g\u00e5ng.<\/p>\n<p>H\u00e4r ett mail fr\u00e5n arrang\u00f6rerna av Peace &#038; Love:<br \/>\nSommarens Peace &#038; Love var en formidabel succ\u00e9 och resulterade ibland annat 42 000 s\u00e5lda biljetter och en Rockbj\u00f6rn som \u201d\u00c5rets festival\u201d. Nu planeras det f\u00f6r fullt inf\u00f6r n\u00e4sta \u00e5rs upplaga. Fr\u00e5n och med i dag g\u00e5r det att \u00f6nska artister samt deltagare till Forum via festivalens hemsida.<\/p>\n<p>\u00d6nskar artister\/Forumdeltagare g\u00f6r man p\u00e5 www.peaceandlove.nu<\/p>\n<p>Peace &#038; Love 2011 blir en dag kortare \u00e4n under de senaste \u00e5ren. Detta eftersom Forumdagarna integreras ytterligare med musikdagarna f\u00f6r att ge en \u00e4n mer maxad upplevelse till bes\u00f6karna.<\/p>\n<p>Datum f\u00f6r Peace &#038; Love 2011 blir 28 juni &#8211; 2 juli (campingen \u00f6ppnar 27:e juni och st\u00e4nger 3:e juli).<\/p>\n<p>Fr\u00e5n och med onsdag den 27:e oktober sl\u00e4pps de f\u00f6rsta artisterna och biljettf\u00f6rs\u00e4ljningen startar.<\/p>\n<p>Tema f\u00f6r n\u00e4sta \u00e5rs festival presenteras senare.<\/p>\n<p>Om Peace &#038; Love:<br \/>\nPeace &#038; Love startade 1999 och har s\u00e5lt ut varje upplaga sedan 2003. 2010 s\u00e5ldes totalt 42 000 biljetter. Forumdagarna har varit en del av festivalen sedan 2004 och har som syfte att f\u00f6rs\u00f6ka f\u00f6r\u00e4ndra v\u00e4rlden p\u00e5 det s\u00e4tt festivalen f\u00f6rm\u00e5r, d.v.s. genom att ifr\u00e5gas\u00e4tta, sprida medvetenhet och v\u00e4cka engagemang kring ett speciellt tema.<\/p>\n<p><a href=\"http:\/\/www.peaceandlove.nu\">Mer info om Peace &#038; Love finns p\u00e5 www.peaceandlove.nu<\/a><\/p>\n<p>L\u00e4s \u00e4ven andra bloggares \u00e5sikter om <a href=\"http:\/\/bloggar.se\/om\/Peace+%26+Love\" rel=\"tag\">Peace &#038; Love<\/a>, <a href=\"http:\/\/bloggar.se\/om\/musik\" rel=\"tag\">musik<\/a>, <a href=\"http:\/\/bloggar.se\/om\/musikfestivaler\" rel=\"tag\">musikfestivaler<\/a><\/p>\n","protected":false},"excerpt":{"rendered":"<p>Knappt har h\u00f6sten kommit och planeringen inf\u00f6r n\u00e4sta sommars underbara musikfestivaler \u00e4r redan i full g\u00e5ng. H\u00e4r ett mail fr\u00e5n arrang\u00f6rerna av Peace &#038; Love: Sommarens Peace &#038; Love var en formidabel succ\u00e9 och resulterade ibland annat 42 000 s\u00e5lda biljetter och en Rockbj\u00f6rn som \u201d\u00c5rets festival\u201d. Nu planeras det f\u00f6r fullt inf\u00f6r n\u00e4sta \u00e5rs [&hellip;]<\/p>\n","protected":false},"author":13,"featured_media":0,"comment_status":"open","ping_status":"open","sticky":false,"template":"","format":"standard","meta":{"_genesis_hide_title":false,"_genesis_hide_breadcrumbs":false,"_genesis_hide_singular_image":false,"_genesis_hide_footer_widgets":false,"_genesis_custom_body_class":"","_genesis_custom_post_class":"","_genesis_layout":"","footnotes":""},"categories":[7],"tags":[12282,4290],"class_list":{"0":"post-24142","1":"post","2":"type-post","3":"status-publish","4":"format-standard","6":"category-musik","7":"tag-musik","8":"tag-peace-love","9":"entry"},"_links":{"self":[{"href":"https:\/\/kulturbloggen.com\/index.php?rest_route=\/wp\/v2\/posts\/24142","targetHints":{"allow":["GET"]}}],"collection":[{"href":"https:\/\/kulturbloggen.com\/index.php?rest_route=\/wp\/v2\/posts"}],"about":[{"href":"https:\/\/kulturbloggen.com\/index.php?rest_route=\/wp\/v2\/types\/post"}],"author":[{"embeddable":true,"href":"https:\/\/kulturbloggen.com\/index.php?rest_route=\/wp\/v2\/users\/13"}],"replies":[{"embeddable":true,"href":"https:\/\/kulturbloggen.com\/index.php?rest_route=%2Fwp%2Fv2%2Fcomments&post=24142"}],"version-history":[{"count":0,"href":"https:\/\/kulturbloggen.com\/index.php?rest_route=\/wp\/v2\/posts\/24142\/revisions"}],"wp:attachment":[{"href":"https:\/\/kulturbloggen.com\/index.php?rest_route=%2Fwp%2Fv2%2Fmedia&parent=24142"}],"wp:term":[{"taxonomy":"category","embeddable":true,"href":"https:\/\/kulturbloggen.com\/index.php?rest_route=%2Fwp%2Fv2%2Fcategories&post=24142"},{"taxonomy":"post_tag","embeddable":true,"href":"https:\/\/kulturbloggen.com\/index.php?rest_route=%2Fwp%2Fv2%2Ftags&post=24142"}],"curies":[{"name":"wp","href":"https:\/\/api.w.org\/{rel}","templated":true}]}}