{"id":24138,"date":"2010-09-16T09:21:06","date_gmt":"2010-09-16T07:21:06","guid":{"rendered":"http:\/\/kulturbloggen.com\/?p=24138"},"modified":"2010-09-16T09:21:06","modified_gmt":"2010-09-16T07:21:06","slug":"anna-von-hausswolff-pa-sverigeturne","status":"publish","type":"post","link":"https:\/\/kulturbloggen.com\/?p=24138","title":{"rendered":"Anna von Hausswolff p\u00e5 Sverigeturn\u00e9"},"content":{"rendered":"<p><a href=\"http:\/\/kulturbloggen.com\/wp-content\/uploads\/2010\/09\/anna-lug.jpg\"><img loading=\"lazy\" decoding=\"async\" src=\"http:\/\/kulturbloggen.com\/wp-content\/uploads\/2010\/09\/anna-lug-300x166.jpg\" alt=\"\" title=\"anna-lug\" width=\"300\" height=\"166\" class=\"aligncenter size-medium wp-image-24139\" \/><\/a><\/p>\n<p><a href=\"http:\/\/www.annavonhausswolff.com\">Anna von Hausswolff<\/a> vars album i b\u00f6rjan av \u00e5rets hyllades s\u00e5 av kritiker \u00e4r nu p\u00e5 v\u00e4g ut p\u00e5 Sverigeturn\u00e9.<br \/>\n1 november &#8211; Bor\u00e5s, Bor\u00e5s Konstmuseum<br \/>\n12 november &#8211; Helsingborg, Dunkers Kulturhus<br \/>\n26 november &#8211; G\u00f6teborg, Stenhammarsalen<br \/>\n27 november &#8211; Malm\u00f6, Babel<br \/>\n30 november &#8211; Stockholm, Bryggarsalen<br \/>\n1 december &#8211; Uppsala, Katalin<br \/>\n10 december &#8211; Vara, Vara Konserthus<\/p>\n<p>Pressmeddelandet:<\/p>\n<blockquote><p>2010. Mycket har h\u00e4nt sedan Anna von Hausswolff sl\u00e4ntrade in p\u00e5 Way Out Wests scen f\u00f6rra \u00e5ret och lite blygsamt fick hela publiken p\u00e5 fall. Samtliga i lokalen f\u00f6ll pladask och det fanns inga relingar att h\u00e5lla sig fast vid.<\/p>\n<p>Ja, en hel del vatten under broarna; &#8221;Singing From The Grave&#8221;, Anna Von Hausswolffs debutalbum, d\u00f6k upp i maj. Kritikerna slog knut p\u00e5 sig sj\u00e4lva i f\u00f6rs\u00f6ken att beskriva hennes intensiva liveframtr\u00e4danen och storheten med debutalbumet. &#8221;En debutskiva som m\u00e5nga bara kan dr\u00f6mma om att g\u00f6ra&#8221; sa Fredrik Thor\u00e9n p\u00e5 Gaffa medan Fredrik Strage satt och gr\u00e4t i sin l\u00e4genhet med skivan p\u00e5 repeat.<\/p>\n<p>Folk har st\u00e5tt i milsl\u00e5nga k\u00f6er f\u00f6r att se henne spela, f\u00f6r att f\u00e5 en glimt av det d\u00e4r utomjordiska som alla som sett henne predikat om. Nu \u00e4r det dags att uppt\u00e4cka det sj\u00e4lv, det d\u00e4r som g\u00f6r att du sveps med, dr\u00f6mmer dig bort och f\u00f6rlorar dig sj\u00e4lv i den v\u00e4rld som Anna von Hausswolff bygger upp med sitt piano och sin r\u00f6st.<\/p>\n<p>\u201dYou lose it all the time, the track of time.\u201d<\/p><\/blockquote>\n<p><strong><br \/>\n<a href=\"http:\/\/kulturbloggen.com\/?p=20281\"><br \/>\nH\u00e4r ber\u00e4ttade Kulturbloggen om Anna von Hausswolffs spelning p\u00e5 S\u00f6dra Teatern<\/a><\/strong><\/p>\n<p><object width=\"640\" height=\"385\"><param name=\"movie\" value=\"http:\/\/www.youtube.com\/v\/_iYW48sS3xM?fs=1&amp;hl=sv_SE\"><\/param><param name=\"allowFullScreen\" value=\"true\"><\/param><param name=\"allowscriptaccess\" value=\"always\"><\/param><embed src=\"http:\/\/www.youtube.com\/v\/_iYW48sS3xM?fs=1&amp;hl=sv_SE\" type=\"application\/x-shockwave-flash\" allowscriptaccess=\"always\" allowfullscreen=\"true\" width=\"640\" height=\"385\"><\/embed><\/object><\/p>\n<p>L\u00e4s \u00e4ven andra bloggares \u00e5sikter om <a href=\"http:\/\/bloggar.se\/om\/Anna+von+Hausswolff\" rel=\"tag\">Anna von Hausswolff<\/a>, <a href=\"http:\/\/bloggar.se\/om\/musik\" rel=\"tag\">musik<\/a>, <a href=\"http:\/\/bloggar.se\/om\/indie\" rel=\"tag\">indie<\/a>, <a href=\"http:\/\/bloggar.se\/om\/Sverigeturn%E9\" rel=\"tag\">Sverigeturn\u00e9<\/a><\/p>\n","protected":false},"excerpt":{"rendered":"<p>Anna von Hausswolff vars album i b\u00f6rjan av \u00e5rets hyllades s\u00e5 av kritiker \u00e4r nu p\u00e5 v\u00e4g ut p\u00e5 Sverigeturn\u00e9. 1 november &#8211; Bor\u00e5s, Bor\u00e5s Konstmuseum 12 november &#8211; Helsingborg, Dunkers Kulturhus 26 november &#8211; G\u00f6teborg, Stenhammarsalen 27 november &#8211; Malm\u00f6, Babel 30 november &#8211; Stockholm, Bryggarsalen 1 december &#8211; Uppsala, Katalin 10 december &#8211; [&hellip;]<\/p>\n","protected":false},"author":13,"featured_media":0,"comment_status":"open","ping_status":"open","sticky":false,"template":"","format":"standard","meta":{"_genesis_hide_title":false,"_genesis_hide_breadcrumbs":false,"_genesis_hide_singular_image":false,"_genesis_hide_footer_widgets":false,"_genesis_custom_body_class":"","_genesis_custom_post_class":"","_genesis_layout":"","footnotes":""},"categories":[7],"tags":[316,2467,3824,5539],"class_list":{"0":"post-24138","1":"post","2":"type-post","3":"status-publish","4":"format-standard","6":"category-musik","7":"tag-anna-von-hausswolff","8":"tag-indie","9":"tag-musi","10":"tag-sverigeturne","11":"entry"},"_links":{"self":[{"href":"https:\/\/kulturbloggen.com\/index.php?rest_route=\/wp\/v2\/posts\/24138","targetHints":{"allow":["GET"]}}],"collection":[{"href":"https:\/\/kulturbloggen.com\/index.php?rest_route=\/wp\/v2\/posts"}],"about":[{"href":"https:\/\/kulturbloggen.com\/index.php?rest_route=\/wp\/v2\/types\/post"}],"author":[{"embeddable":true,"href":"https:\/\/kulturbloggen.com\/index.php?rest_route=\/wp\/v2\/users\/13"}],"replies":[{"embeddable":true,"href":"https:\/\/kulturbloggen.com\/index.php?rest_route=%2Fwp%2Fv2%2Fcomments&post=24138"}],"version-history":[{"count":0,"href":"https:\/\/kulturbloggen.com\/index.php?rest_route=\/wp\/v2\/posts\/24138\/revisions"}],"wp:attachment":[{"href":"https:\/\/kulturbloggen.com\/index.php?rest_route=%2Fwp%2Fv2%2Fmedia&parent=24138"}],"wp:term":[{"taxonomy":"category","embeddable":true,"href":"https:\/\/kulturbloggen.com\/index.php?rest_route=%2Fwp%2Fv2%2Fcategories&post=24138"},{"taxonomy":"post_tag","embeddable":true,"href":"https:\/\/kulturbloggen.com\/index.php?rest_route=%2Fwp%2Fv2%2Ftags&post=24138"}],"curies":[{"name":"wp","href":"https:\/\/api.w.org\/{rel}","templated":true}]}}