{"id":23833,"date":"2010-09-10T07:05:40","date_gmt":"2010-09-10T05:05:40","guid":{"rendered":"http:\/\/kulturbloggen.com\/?p=23833"},"modified":"2010-09-10T07:05:40","modified_gmt":"2010-09-10T05:05:40","slug":"barnteater-och-bio-i-september","status":"publish","type":"post","link":"https:\/\/kulturbloggen.com\/?p=23833","title":{"rendered":"Barnteater och bio i september"},"content":{"rendered":"<p><a href=\"http:\/\/kulturbloggen.com\/wp-content\/uploads\/2010\/09\/bamse.jpg\"><img loading=\"lazy\" decoding=\"async\" class=\"aligncenter size-full wp-image-23834\" title=\"bamse\" src=\"http:\/\/kulturbloggen.com\/wp-content\/uploads\/2010\/09\/bamse.jpg\" alt=\"\" width=\"167\" height=\"219\" \/><\/a><br \/>\nFyra kulturnyheter i h\u00f6st som inte f\u00e5r missas av oss med sm\u00e5barn i Stockholmstrakten, varav ett tips p\u00e5 en underbar dockteater.<\/p>\n<p>F\u00f6rst ut \u00e4r premi\u00e4ren av Intimans stora satsning,\u00a0<a href=\"http:\/\/www.bamseteater.se\/\" target=\"_blank\"><em>Bamse och v\u00e4rldsm\u00e4staren i elakhet<\/em><\/a>.  Fr\u00e5n 18 september kan man se Bamse, Lille Skutt, Skalman och Nina Kanin  p\u00e5 scenen fightas med tuffingarna och h\u00e4xan Krax och Reinard R\u00e4v.  Regisserat har Linus Wahlgren gjort och som h\u00e4lsade till svenskan i  v\u00e5ras att han hoppas f\u00f6rest\u00e4llningen blir lika rolig f\u00f6r vuxna som f\u00f6r  barn. R\u00e4tt massiv reklam g\u00f6r man och enda farh\u00e5gan jag har \u00e4r att det  kommer k\u00e4nns lite f\u00f6r kommersiellt med Bamse som musikal. \u00a0Man kan vinna  biljetter lite \u00f6verallt. B\u00e5de p\u00e5 Intimans egen\u00a0<a href=\"http:\/\/bamseteater.se\/contest.html\" target=\"_blank\">Bamseteater-sida<\/a> och hos\u00a0<a href=\"http:\/\/www.barnistan.se\/stockholm\/1267\" target=\"_blank\">Barnistan.se<\/a>.<\/p>\n<p>24 september har filmen\u00a0<em>Vem? <\/em>premi\u00e4r.  Filmen bygger p\u00e5 Stina Wirs\u00e9ns fina b\u00f6cker om Nallegrisen, F\u00e5gel, Kanin  och de andra \u00e4lskade djuren. Filmen kommer visas b\u00e5de p\u00e5 bio (SF) och  senare p\u00e5 Bollibompa. Totalt blir biofilmen \u00e4r ungef\u00e4r 30 minuter l\u00e5ng  best\u00e5ende av flera kortfilmer, bland annat Vem bl\u00f6der. \u00a0<a href=\"http:\/\/vimeo.com\/14460712\" target=\"_blank\">H\u00e4r kan se en fin trailer<\/a>.\u00a0Hos SVT kan man ocks\u00e5 se \u00a0en\u00a0<a href=\"http:\/\/svtplay.se\/v\/2007213\/dagens_gast_stina_wirsen\" target=\"_blank\">intervju med Stina Wirs\u00e9n om filmen<\/a>.<\/p>\n<p><a href=\"http:\/\/kulturbloggen.com\/wp-content\/uploads\/2010\/09\/sivsovervilse.jpg\"><img loading=\"lazy\" decoding=\"async\" class=\"alignright size-full wp-image-23835\" title=\"sivsovervilse\" src=\"http:\/\/kulturbloggen.com\/wp-content\/uploads\/2010\/09\/sivsovervilse.jpg\" alt=\"\" width=\"168\" height=\"219\" \/><\/a>26 september har\u00a0<a href=\"http:\/\/www.teatertre.se\/\" target=\"_blank\">Teater tre<\/a> premi\u00e4r p\u00e5 sin stora satsning\u00a0<em>Siv sover vilse<\/em>,  en pj\u00e4s efter Pija Lindenbaums bok. Mest sp\u00e4nnande \u00e4r att redan den 25e  kan dom som vill och v\u00e5gar vara med i Teater tres filosoficamp. \u00c4r man  mellan fem och nio \u00e5r f\u00e5r man ta med sig en f\u00f6r\u00e4ldrer och sova \u00f6ver med  Siv. D\u00e5 ing\u00e5r en f\u00f6rhandsvisning av pj\u00e4sen, middag, saga och frukost.  F\u00f6rst till kvarn g\u00e4ller. Platserna kan ta slut fort.\u00a0<a href=\"http:\/\/www.teatertre.se\/index.php?option=com_content&amp;view=article&amp;id=198&amp;Itemid=93\" target=\"_blank\">L\u00e4s mer h\u00e4<\/a>r.<\/p>\n<p><a href=\"http:\/\/kulturbloggen.com\/wp-content\/uploads\/2010\/09\/matilda.jpg\"><img loading=\"lazy\" decoding=\"async\" src=\"http:\/\/kulturbloggen.com\/wp-content\/uploads\/2010\/09\/matilda-300x199.jpg\" alt=\"\" title=\"matilda\" width=\"300\" height=\"199\" class=\"alignright size-medium wp-image-23836\" \/><\/a>Matilda \u00c4ppel P\u00e4ppel!  med Dockteater Amus\u00e9 den 19 september i Stora v\u00e4xthuset p\u00e5 Rosendals Tr\u00e4dg\u00e5rd, Djurg\u00e5rden.<br \/>\nTa med picknickkorgen och se en fantastisk dockteater-f\u00f6rest\u00e4llning:<\/p>\n<p>T\u00e4nk n\u00e4r man s\u00e5 g\u00e4rna vill ha n\u00e5got som \u00e4r n\u00e5gon annans&#8230;<br \/>\nMatilda \u00e4r v\u00e4ldigt bra p\u00e5 att kl\u00e4ttra i tr\u00e4d. Varje dag g\u00e5r hon f\u00f6rbi Sn\u00e5la Gumman som har tr\u00e4dg\u00e5rden full med \u00e4ppeltr\u00e4d. Matilda vill g\u00e4rna smaka p\u00e5 de d\u00e4r \u00e4pplena. Men s\u00e5 en dag h\u00e4nder n\u00e5gonting ov\u00e4ntat. Matilda \u00c4ppel P\u00e4ppel! \u00e4r en f\u00f6rest\u00e4llning om ditt och datt, om att sn\u00e5la och att dela med sig. Ni f\u00e5r tr\u00e4ffa Marionett-dockan Matilda, Sn\u00e5la Gumman, en vevgrammofon och ett samvete p\u00e5 flykt. \u00c4ppelfiskdamm f\u00f6r alla barn!<br \/>\n<a href=\"http:\/\/www.kulturdirekt.se\/event.php?id=921&#038;show=93582\">L\u00e4s mer h\u00e4r.<\/a><\/p>\n<p><a href=\"http:\/\/www.breakfastbookclub.se\/2010\/09\/09\/barnteater-och-bio-i-september\/\">Breakfast Book Club har ocks\u00e5 tipsat om en del av de h\u00e4r arrangemangen.<\/a><\/p>\n<p>L\u00e4s \u00e4ven andra bloggares \u00e5sikter om <a href=\"http:\/\/bloggar.se\/om\/barn\" rel=\"tag\">barn<\/a>, <a href=\"http:\/\/bloggar.se\/om\/dockteater\" rel=\"tag\">dockteater<\/a>, <a href=\"http:\/\/bloggar.se\/om\/teater\" rel=\"tag\">teater<\/a>, <a href=\"http:\/\/bloggar.se\/om\/barnteater\" rel=\"tag\">barnteater<\/a><\/p>\n","protected":false},"excerpt":{"rendered":"<p>Fyra kulturnyheter i h\u00f6st som inte f\u00e5r missas av oss med sm\u00e5barn i Stockholmstrakten, varav ett tips p\u00e5 en underbar dockteater. F\u00f6rst ut \u00e4r premi\u00e4ren av Intimans stora satsning,\u00a0Bamse och v\u00e4rldsm\u00e4staren i elakhet. Fr\u00e5n 18 september kan man se Bamse, Lille Skutt, Skalman och Nina Kanin p\u00e5 scenen fightas med tuffingarna och h\u00e4xan Krax och [&hellip;]<\/p>\n","protected":false},"author":13,"featured_media":0,"comment_status":"open","ping_status":"open","sticky":false,"template":"","format":"standard","meta":{"_genesis_hide_title":false,"_genesis_hide_breadcrumbs":false,"_genesis_hide_singular_image":false,"_genesis_hide_footer_widgets":false,"_genesis_custom_body_class":"","_genesis_custom_post_class":"","_genesis_layout":"","footnotes":""},"categories":[20,30],"tags":[529,543,1324,12288],"class_list":{"0":"post-23833","1":"post","2":"type-post","3":"status-publish","4":"format-standard","6":"category-film","7":"category-teater","8":"tag-barn","9":"tag-barnteater","10":"tag-dockteater","11":"tag-teater","12":"entry"},"_links":{"self":[{"href":"https:\/\/kulturbloggen.com\/index.php?rest_route=\/wp\/v2\/posts\/23833","targetHints":{"allow":["GET"]}}],"collection":[{"href":"https:\/\/kulturbloggen.com\/index.php?rest_route=\/wp\/v2\/posts"}],"about":[{"href":"https:\/\/kulturbloggen.com\/index.php?rest_route=\/wp\/v2\/types\/post"}],"author":[{"embeddable":true,"href":"https:\/\/kulturbloggen.com\/index.php?rest_route=\/wp\/v2\/users\/13"}],"replies":[{"embeddable":true,"href":"https:\/\/kulturbloggen.com\/index.php?rest_route=%2Fwp%2Fv2%2Fcomments&post=23833"}],"version-history":[{"count":0,"href":"https:\/\/kulturbloggen.com\/index.php?rest_route=\/wp\/v2\/posts\/23833\/revisions"}],"wp:attachment":[{"href":"https:\/\/kulturbloggen.com\/index.php?rest_route=%2Fwp%2Fv2%2Fmedia&parent=23833"}],"wp:term":[{"taxonomy":"category","embeddable":true,"href":"https:\/\/kulturbloggen.com\/index.php?rest_route=%2Fwp%2Fv2%2Fcategories&post=23833"},{"taxonomy":"post_tag","embeddable":true,"href":"https:\/\/kulturbloggen.com\/index.php?rest_route=%2Fwp%2Fv2%2Ftags&post=23833"}],"curies":[{"name":"wp","href":"https:\/\/api.w.org\/{rel}","templated":true}]}}