{"id":23824,"date":"2010-09-09T23:57:45","date_gmt":"2010-09-09T21:57:45","guid":{"rendered":"http:\/\/kulturbloggen.com\/?p=23824"},"modified":"2010-09-09T23:57:45","modified_gmt":"2010-09-09T21:57:45","slug":"bedrovligt-att-partierna-inte-redovisar-sin-it-politik-i-valet","status":"publish","type":"post","link":"https:\/\/kulturbloggen.com\/?p=23824","title":{"rendered":"Bedr\u00f6vligt att partierna inte redovisar sin IT-politik i valet"},"content":{"rendered":"<p><a href=\"http:\/\/kulturbloggen.com\/wp-content\/uploads\/2010\/09\/snack.jpg\"><img loading=\"lazy\" decoding=\"async\" class=\"aligncenter size-medium wp-image-23826\" title=\"snack\" src=\"http:\/\/kulturbloggen.com\/wp-content\/uploads\/2010\/09\/snack-300x171.jpg\" alt=\"\" width=\"300\" height=\"171\" \/><\/a><\/p>\n<p>Det \u00e4r val och IT fr\u00e5gor lyser med sin fr\u00e5nvaro. Om du tycker att fr\u00e5gor om demokrati p\u00e5 n\u00e4tet och digitala r\u00e4ttigheter kan du kolla Metro Teknik. D\u00e4r finns en <a href=\"http:\/\/www.metro.se\/2010\/09\/09\/40363\/tanker-ert-parti-satsa-pengar-pa-stud\/index.xml\">del intressanta fr\u00e5gor<\/a>.<\/p>\n<p>Eftersom dessa fr\u00e5gor har st\u00e5tt i rampljuset de senaste \u00e5ren \u00e4r det konstigt att partierna sj\u00e4lvmant redovisar sina st\u00e5ndpunkter. Det g\u00e4ller ju inte bara <a href=\"http:\/\/www.metro.se\/2010\/09\/08\/51064\/har-sverige-bra-natneutralitet\/\">demokratiska fr\u00e5gor<\/a> utan ocks\u00e5 om utbyggnaden av infrastrukturen (fiber till alla i Sverige!)<\/p>\n<p><a href=\"http:\/\/intressant.se\/intressant\">Intressant?<\/a> L\u00e4s \u00e4ven andra bloggares \u00e5sikter om <a rel=\"tag\" href=\"http:\/\/bloggar.se\/om\/politik\">politik<\/a>, <a rel=\"tag\" href=\"http:\/\/bloggar.se\/om\/val\">val<\/a>, <a rel=\"tag\" href=\"http:\/\/bloggar.se\/om\/IT-politik\">IT-politik<\/a>, <a rel=\"tag\" href=\"http:\/\/bloggar.se\/om\/demokrati\">demokrati<\/a>, <a rel=\"tag\" href=\"http:\/\/bloggar.se\/om\/infrastruktur\">infrastruktur<\/a>, <a rel=\"tag\" href=\"http:\/\/bloggar.se\/om\/teknik\">teknik<\/a>, <a rel=\"tag\" href=\"http:\/\/bloggar.se\/om\/internet\">internet<\/a><\/p>\n","protected":false},"excerpt":{"rendered":"<p>Det \u00e4r val och IT fr\u00e5gor lyser med sin fr\u00e5nvaro. Om du tycker att fr\u00e5gor om demokrati p\u00e5 n\u00e4tet och digitala r\u00e4ttigheter kan du kolla Metro Teknik. D\u00e4r finns en del intressanta fr\u00e5gor. Eftersom dessa fr\u00e5gor har st\u00e5tt i rampljuset de senaste \u00e5ren \u00e4r det konstigt att partierna sj\u00e4lvmant redovisar sina st\u00e5ndpunkter. Det g\u00e4ller ju [&hellip;]<\/p>\n","protected":false},"author":13,"featured_media":0,"comment_status":"open","ping_status":"open","sticky":false,"template":"","format":"standard","meta":{"_genesis_hide_title":false,"_genesis_hide_breadcrumbs":false,"_genesis_hide_singular_image":false,"_genesis_hide_footer_widgets":false,"_genesis_custom_body_class":"","_genesis_custom_post_class":"","_genesis_layout":"","footnotes":""},"categories":[20],"tags":[1214,2482,2512,2576,12284,5669,6161],"class_list":{"0":"post-23824","1":"post","2":"type-post","3":"status-publish","4":"format-standard","6":"category-film","7":"tag-demokrati","8":"tag-infrastruktur","9":"tag-internet","10":"tag-it-politik","11":"tag-politik","12":"tag-teknik","13":"tag-val","14":"entry"},"_links":{"self":[{"href":"https:\/\/kulturbloggen.com\/index.php?rest_route=\/wp\/v2\/posts\/23824","targetHints":{"allow":["GET"]}}],"collection":[{"href":"https:\/\/kulturbloggen.com\/index.php?rest_route=\/wp\/v2\/posts"}],"about":[{"href":"https:\/\/kulturbloggen.com\/index.php?rest_route=\/wp\/v2\/types\/post"}],"author":[{"embeddable":true,"href":"https:\/\/kulturbloggen.com\/index.php?rest_route=\/wp\/v2\/users\/13"}],"replies":[{"embeddable":true,"href":"https:\/\/kulturbloggen.com\/index.php?rest_route=%2Fwp%2Fv2%2Fcomments&post=23824"}],"version-history":[{"count":0,"href":"https:\/\/kulturbloggen.com\/index.php?rest_route=\/wp\/v2\/posts\/23824\/revisions"}],"wp:attachment":[{"href":"https:\/\/kulturbloggen.com\/index.php?rest_route=%2Fwp%2Fv2%2Fmedia&parent=23824"}],"wp:term":[{"taxonomy":"category","embeddable":true,"href":"https:\/\/kulturbloggen.com\/index.php?rest_route=%2Fwp%2Fv2%2Fcategories&post=23824"},{"taxonomy":"post_tag","embeddable":true,"href":"https:\/\/kulturbloggen.com\/index.php?rest_route=%2Fwp%2Fv2%2Ftags&post=23824"}],"curies":[{"name":"wp","href":"https:\/\/api.w.org\/{rel}","templated":true}]}}