{"id":2381,"date":"2008-10-09T11:00:45","date_gmt":"2008-10-09T11:00:45","guid":{"rendered":"http:\/\/kulturbloggen.com\/?p=2381"},"modified":"2008-10-09T11:00:45","modified_gmt":"2008-10-09T11:00:45","slug":"antligen-nobelpriset-till-fransmannen","status":"publish","type":"post","link":"https:\/\/kulturbloggen.com\/?p=2381","title":{"rendered":"\u00c4ntligen: Nobelpriset till fransmannen Le Cl\u00e9zio"},"content":{"rendered":"<p><a href=\"http:\/\/sodergren.com\/kulturbloggen\/wp-content\/uploads\/2008\/10\/clezio125.jpg\"><img loading=\"lazy\" decoding=\"async\" src=\"http:\/\/sodergren.com\/kulturbloggen\/wp-content\/uploads\/2008\/10\/clezio125.jpg\" alt=\"\" title=\"clezio125\" width=\"125\" height=\"250\" class=\"alignnone size-medium wp-image-2443\" \/><\/a>Nobelpriset 2008 gick till  Le Cl\u00e9zio<\/p>\n<p>\u00c4ntligen.<\/p>\n<p>Eller? N\u00e4r Gert Fylking inte l\u00e4ngre f\u00e5r st\u00e5 d\u00e4r inne och ropa &#8221;\u00c4ntligen&#8221; m\u00e5ste ju n\u00e5gon g\u00f6ra det.<\/p>\n<p>&#8211; Ett roligt pris att dela ut, var Svenska Akademiens st\u00e4ndige sekreterare Horace Engdahls kommentar till valet av fransmannen.<\/p>\n<p>Le Cl\u00e9zio anses \u00f6verlag vara ett ovanligt l\u00e4tt-tillg\u00e4nglig f\u00f6rfattare f\u00f6r att f\u00e5 Nobelpriset.<\/p>\n<p>Och: visst m\u00e5ste Sveriges Television ha f\u00e5tt f\u00f6rhandsinformation f\u00f6r de hade ett bra program om Le Cl\u00e9zio som de kunde visa direkt, f\u00e4rdigklippt.<\/p>\n<p>Le Cl\u00e9zio var ju spelbolagens storfavorit. Fr\u00e5n Londom kom under dagen innan priset tillk\u00e4nnagavs att m\u00e5nga spelade p\u00e5 att J M G Le Clezio skulle f\u00e5 prisent och var favorit till att vinna \u00e5rets Nobelspris i litteratur.<\/p>\n<blockquote><p>\u00c5rets omg\u00e5ng har varit kort, n\u00e4r vi \u00f6ppnade spelet under slutet av september stod Le Clezio i 15 g\u00e5nger pengarna&#8221; s\u00e4ger Lasse Dilschmann, Ladbrokes VD i Norden i en kommentar.<\/p><\/blockquote>\n<p><a href=\"http:\/\/dagensbok.com\/litteraturnyhet.asp?id=571\">Tidigare i \u00e5r fick ha f\u00f6rresten Stig Dagerman-priset ocks\u00e5.<\/a><\/p>\n<p><a href=\"http:\/\/www.dn.se\/DNet\/jsp\/polopoly.jsp?d=1353&#038;a=747050\">H\u00e4r skrev Ola Larsmo om Le Cl\u00e9zio i DN i v\u00e5ras<\/a>:<\/p>\n<blockquote><p>Den st\u00e4ndigt Nobelpristippade J?M?G Le Cl\u00e9zio tillh\u00f6r dem som f\u00f6rnyade romankonsten i Frankrike p\u00e5 sextiotalet. Hans nya bok &#8221;Allt \u00e4r vind&#8221; inleder trevande, men Ola Larsmo finner sig alltmer uppslukad av hans v\u00e4rld.<\/p><\/blockquote>\n<p>Imponerande f\u00f6rresten att <a href=\"http:\/\/sv.wikipedia.org\/wiki\/Jean-Marie_Gustave_Le_Cl%C3%A9zio\">Wikipedia<\/a> redan skrivet in att han fick Nobelpriset 2008.<\/p>\n<p>&#8212;<br \/>\nBara s\u00e5 ni uppm\u00e4rksammar detta. Kulturbloggen hade nyheten i flera minuter och varken AB, DN eller SVD har hunnit f\u00e5 ut det. Vi sm\u00e5ttingar r\u00f6r p\u00e5 oss snabbare \u00e4n de stora elefanterna. Alltid kul. F\u00f6r \u00f6vrigt var SVD f\u00f6rst av de stora elefanterna med att f\u00e5 in Nobelpristagarens namn p\u00e5 sin sajts f\u00f6rsta sida. De \u00f6vriga verkar tycka det r\u00e4cker med att s\u00e4nda sin webb-tv i hela fem minuter. Kul att l\u00e4gga m\u00e4rke till. Fast sedan n\u00e4r de v\u00e4l var ig\u00e5ng m\u00e4rktes det att en del var mer f\u00f6rberedda, som SVT som hade mycket bra intervjuer p\u00e5 en g\u00e5ng.<\/p>\n<p>Nobelprisrelaterat:<\/p>\n<p><a href=\"http:\/\/www.aftonbladet.se\/nyheter\/article3500022.ab\">Aftonbladet<\/a><\/p>\n<p><a href=\"http:\/\/www.dn.se\/DNet\/jsp\/polopoly.jsp?d=3484&#038;a=837959\">Dagens Nyheter<\/a><\/p>\n<p><a href=\"http:\/\/www.svd.se\/kulturnoje\/nyheter\/artikel_1856339.svd\">Svenska Dagbladet<\/a><br \/>\n<a href=\"http:\/\/sydsvenskan.se\/kultur\/article376920\/Jean-Marie-Gustave-Le-Cl\u00e9zio-far-litteraturpriset.html\"><br \/>\nSydsvenskan<\/a><\/p>\n<p><a href=\"http:\/\/hd.se\/kultur\/2008\/10\/09\/jean-marie-gustave-le-clezio-faar\/\">Helsingborgs Dagblad<\/a><\/p>\n<p><a href=\"http:\/\/svt.se\/svt\/jsp\/Crosslink.jsp?d=22620&#038;a=1272682&#038;lid=puff_1272680&#038;lpos=rubrik\">Sveriges Television<\/a><\/p>\n<p>Andra bloggar om: <a href=\"http:\/\/bloggar.se\/om\/Nobelpriset\" rel=\"tag\">Nobelpriset<\/a>, <a href=\"http:\/\/bloggar.se\/om\/f%F6rfattare\" rel=\"tag\">f\u00f6rfattare<\/a>, <a href=\"http:\/\/bloggar.se\/om\/priser\" rel=\"tag\">priser<\/a>,  <a href=\"http:\/\/bloggar.se\/om\/Horace+Engdahl\" rel=\"tag\">Horace Engdahl<\/a><\/p>\n<p>Andra bloggar om:  <a href=\"http:\/\/bloggar.se\/om\/f%F6rfattare\" rel=\"tag\">f\u00f6rfattare<\/a>, <a href=\"http:\/\/bloggar.se\/om\/priser+litteratur\" rel=\"tag\">priser litteratur<\/a>, <a href=\"http:\/\/bloggar.se\/om\/litteraturpriset\" rel=\"tag\">litteraturpriset<\/a>, <a href=\"http:\/\/bloggar.se\/om\/litteraturpris\" rel=\"tag\">litteraturpris<\/a>, <a href=\"http:\/\/bloggar.se\/om\/Svenska+Akademin\" rel=\"tag\">Svenska Akademin<\/a><\/p>\n","protected":false},"excerpt":{"rendered":"<p>Nobelpriset 2008 gick till Le Cl\u00e9zio \u00c4ntligen. Eller? N\u00e4r Gert Fylking inte l\u00e4ngre f\u00e5r st\u00e5 d\u00e4r inne och ropa &#8221;\u00c4ntligen&#8221; m\u00e5ste ju n\u00e5gon g\u00f6ra det. &#8211; Ett roligt pris att dela ut, var Svenska Akademiens st\u00e4ndige sekreterare Horace Engdahls kommentar till valet av fransmannen. Le Cl\u00e9zio anses \u00f6verlag vara ett ovanligt l\u00e4tt-tillg\u00e4nglig f\u00f6rfattare f\u00f6r att [&hellip;]<\/p>\n","protected":false},"author":2,"featured_media":0,"comment_status":"open","ping_status":"open","sticky":false,"template":"","format":"standard","meta":{"_genesis_hide_title":false,"_genesis_hide_breadcrumbs":false,"_genesis_hide_singular_image":false,"_genesis_hide_footer_widgets":false,"_genesis_custom_body_class":"","_genesis_custom_post_class":"","_genesis_layout":"","footnotes":""},"categories":[3],"tags":[1919,4005,4506,4508],"class_list":{"0":"post-2381","1":"post","2":"type-post","3":"status-publish","4":"format-standard","6":"category-litteratur","7":"tag-forfattare","8":"tag-nobelpriset","9":"tag-pris","10":"tag-priser","11":"entry"},"_links":{"self":[{"href":"https:\/\/kulturbloggen.com\/index.php?rest_route=\/wp\/v2\/posts\/2381","targetHints":{"allow":["GET"]}}],"collection":[{"href":"https:\/\/kulturbloggen.com\/index.php?rest_route=\/wp\/v2\/posts"}],"about":[{"href":"https:\/\/kulturbloggen.com\/index.php?rest_route=\/wp\/v2\/types\/post"}],"author":[{"embeddable":true,"href":"https:\/\/kulturbloggen.com\/index.php?rest_route=\/wp\/v2\/users\/2"}],"replies":[{"embeddable":true,"href":"https:\/\/kulturbloggen.com\/index.php?rest_route=%2Fwp%2Fv2%2Fcomments&post=2381"}],"version-history":[{"count":0,"href":"https:\/\/kulturbloggen.com\/index.php?rest_route=\/wp\/v2\/posts\/2381\/revisions"}],"wp:attachment":[{"href":"https:\/\/kulturbloggen.com\/index.php?rest_route=%2Fwp%2Fv2%2Fmedia&parent=2381"}],"wp:term":[{"taxonomy":"category","embeddable":true,"href":"https:\/\/kulturbloggen.com\/index.php?rest_route=%2Fwp%2Fv2%2Fcategories&post=2381"},{"taxonomy":"post_tag","embeddable":true,"href":"https:\/\/kulturbloggen.com\/index.php?rest_route=%2Fwp%2Fv2%2Ftags&post=2381"}],"curies":[{"name":"wp","href":"https:\/\/api.w.org\/{rel}","templated":true}]}}