{"id":23541,"date":"2010-09-01T21:49:41","date_gmt":"2010-09-01T19:49:41","guid":{"rendered":"http:\/\/kulturbloggen.com\/?p=23541"},"modified":"2010-09-01T21:49:41","modified_gmt":"2010-09-01T19:49:41","slug":"tva-nya-debattsajter-lanseras-samma-dag-och-konkurrerar-med-newsmill","status":"publish","type":"post","link":"https:\/\/kulturbloggen.com\/?p=23541","title":{"rendered":"Tv\u00e5 nya debattsajter lanseras samma dag och konkurrerar med Newsmill"},"content":{"rendered":"<p>Svenska Dagbladet har lanserat en opinionssajt <a href=\"http:\/\/www.svd.se\/nyheter\/inrikes\/svd-opinion-en-naturlig-plats-for-makthavarna_5224545.svd\">ber\u00e4ttar SvD<\/a>.<\/p>\n<blockquote><p>Tanken \u00e4r att SvD Opinion ska ta till vara p\u00e5 l\u00e4sarnas engagemang och l\u00e5ta det spela en framtr\u00e4dande roll p\u00e5 sajten.<br \/>\nL\u00e4sarna har m\u00f6jlighet att kommentera artiklar och r\u00f6sta i l\u00e4sarunders\u00f6kningar. Och Anders Haraldsson kommer ocks\u00e5 att lyfta n\u00e5gra inl\u00e4gg varje dag i h\u00f6gerspalten p\u00e5 sidan. <\/p><\/blockquote>\n<p>L\u00e5ter i mina \u00f6ron som en r\u00e4tt d\u00e5lig konkurrent om det \u00e4r allt var l\u00e4sarna\/bes\u00f6karna kan g\u00f6ra.<\/p>\n<p><a href=\"http:\/\/dagensarena.se\/\">Dagens Arena<\/a> lanserar ocks\u00e5 en Newsmill-konkurrent och ber\u00e4ttar om detta i ett pressmeddelande:<\/p>\n<blockquote><p>Dagens Arena startar fr\u00e5n och med i dag en debattsida. Tanken \u00e4r att utg\u00f6ra ett alternativ till alla de etablerade och stora debattsidorna, b\u00e5de i tryckta medier och p\u00e5 n\u00e4tet.<\/p>\n<p>Den n\u00e4tbaserade tidningen Dagens Arena, med beteckningen oberoende, radikal och progressiv, vill erbjuda ett debattforum till dem som refuseras av stora tidningar som DN och SvD. Dagens Arenas debattsida ska \u00e4ven vara ett alternativ till dem som inte vill skriva p\u00e5 Newsmill.<\/p>\n<p>\u2013 Tanken med debattsidan \u00e4r att erbjuda en seri\u00f6s debattplats till dem som vill ge sin syn p\u00e5 viktiga fr\u00e5gor som r\u00f6r politik och samh\u00e4lle, men som inte v\u00e4rderas som nyhetsm\u00e4ssiga av de stora tidningarna, s\u00e4ger Nisha Besara, chefredakt\u00f6r f\u00f6r Dagens Arena.<\/p><\/blockquote>\n<p>Det \u00e4r bra med fler debattsidor. Absolut. Och jag hoppas att \u00e5tminstone Dagens Arena utvecklas mer s\u00e5 den p\u00e5 allvar kan konkurrera med Newsmill.<br \/>\nMen d\u00e5 kr\u00e4vs det mer \u00e4n att publicera debattartiklar p\u00e5 samma s\u00e4tt som traditionella medier alltid har gjort. <a href=\"http:\/\/www.newsmill.se\/\">Newsmill<\/a> har \u00e4nd\u00e5 mer \u00e4n s\u00e5: d\u00e4r kan i stort sett vem som vill skriva en debattartikel.<\/p>\n<p>F\u00f6rsta debattartikeln<br \/>\nhttp:\/\/dagensarena.se\/debatt\/hans-dahlgren-vardvalet-okar-jamlikheten\/<\/p>\n<p>Men s\u00e5 mycket till Newsmill-konkurrent \u00e4r det inte i nul\u00e4get.<br \/>\nTrots allt nobbar Newsmill ingen. Vem som vill kan ju skriva ett debattinl\u00e4gg p\u00e5 Newsmill. Sedan \u00e4r bara hur synligt det blir d\u00e4r.<\/p>\n<p><a href=\"http:\/\/www.dagensmedia.se\/nyheter\/dig\/article2464535.ece\">Dagens media har ocks\u00e5 ber\u00e4ttar om Dagens Arenas nya satsning.<\/a><\/p>\n<p>L\u00e4s \u00e4ven andra bloggares \u00e5sikter om <a href=\"http:\/\/bloggar.se\/om\/debatt\" rel=\"tag\">debatt<\/a>, <a href=\"http:\/\/bloggar.se\/om\/opinion\" rel=\"tag\">opinion<\/a>, <a href=\"http:\/\/bloggar.se\/om\/Dagens+Arena\" rel=\"tag\">Dagens Arena<\/a>, <a href=\"http:\/\/bloggar.se\/om\/SVD+Opinion\" rel=\"tag\">SVD Opinion<\/a>, <a href=\"http:\/\/bloggar.se\/om\/Newsmill\" rel=\"tag\">Newsmill<\/a><\/p>\n","protected":false},"excerpt":{"rendered":"<p>Svenska Dagbladet har lanserat en opinionssajt ber\u00e4ttar SvD. Tanken \u00e4r att SvD Opinion ska ta till vara p\u00e5 l\u00e4sarnas engagemang och l\u00e5ta det spela en framtr\u00e4dande roll p\u00e5 sajten. L\u00e4sarna har m\u00f6jlighet att kommentera artiklar och r\u00f6sta i l\u00e4sarunders\u00f6kningar. Och Anders Haraldsson kommer ocks\u00e5 att lyfta n\u00e5gra inl\u00e4gg varje dag i h\u00f6gerspalten p\u00e5 sidan. L\u00e5ter [&hellip;]<\/p>\n","protected":false},"author":2,"featured_media":0,"comment_status":"open","ping_status":"open","sticky":false,"template":"","format":"standard","meta":{"_genesis_hide_title":false,"_genesis_hide_breadcrumbs":false,"_genesis_hide_singular_image":false,"_genesis_hide_footer_widgets":false,"_genesis_custom_body_class":"","_genesis_custom_post_class":"","_genesis_layout":"","footnotes":""},"categories":[62],"tags":[1094,1191,3964,4191,5511],"class_list":{"0":"post-23541","1":"post","2":"type-post","3":"status-publish","4":"format-standard","6":"category-medie-och-kulturpolitik","7":"tag-dagens-arena","8":"tag-debatt","9":"tag-newsmill","10":"tag-opinion","11":"tag-svd-opinion","12":"entry"},"_links":{"self":[{"href":"https:\/\/kulturbloggen.com\/index.php?rest_route=\/wp\/v2\/posts\/23541","targetHints":{"allow":["GET"]}}],"collection":[{"href":"https:\/\/kulturbloggen.com\/index.php?rest_route=\/wp\/v2\/posts"}],"about":[{"href":"https:\/\/kulturbloggen.com\/index.php?rest_route=\/wp\/v2\/types\/post"}],"author":[{"embeddable":true,"href":"https:\/\/kulturbloggen.com\/index.php?rest_route=\/wp\/v2\/users\/2"}],"replies":[{"embeddable":true,"href":"https:\/\/kulturbloggen.com\/index.php?rest_route=%2Fwp%2Fv2%2Fcomments&post=23541"}],"version-history":[{"count":0,"href":"https:\/\/kulturbloggen.com\/index.php?rest_route=\/wp\/v2\/posts\/23541\/revisions"}],"wp:attachment":[{"href":"https:\/\/kulturbloggen.com\/index.php?rest_route=%2Fwp%2Fv2%2Fmedia&parent=23541"}],"wp:term":[{"taxonomy":"category","embeddable":true,"href":"https:\/\/kulturbloggen.com\/index.php?rest_route=%2Fwp%2Fv2%2Fcategories&post=23541"},{"taxonomy":"post_tag","embeddable":true,"href":"https:\/\/kulturbloggen.com\/index.php?rest_route=%2Fwp%2Fv2%2Ftags&post=23541"}],"curies":[{"name":"wp","href":"https:\/\/api.w.org\/{rel}","templated":true}]}}