{"id":23468,"date":"2010-08-31T08:07:17","date_gmt":"2010-08-31T06:07:17","guid":{"rendered":"http:\/\/kulturbloggen.com\/?p=23468"},"modified":"2010-08-31T08:07:17","modified_gmt":"2010-08-31T06:07:17","slug":"endast-de-rodgrona-forstar-att-vi-maste-gora-nagot-for-klimatfragan","status":"publish","type":"post","link":"https:\/\/kulturbloggen.com\/?p=23468","title":{"rendered":"Endast de r\u00f6dgr\u00f6na f\u00f6rst\u00e5r att vi m\u00e5ste g\u00f6ra n\u00e5got f\u00f6r klimatfr\u00e5gan"},"content":{"rendered":"<p>Centerpartiet m\u00e5 i sina valaffischer kalla sig borgerlighetens gr\u00f6na r\u00f6st. Men det \u00e4r inte mycket till gr\u00f6n r\u00f6st: Centern kan inte visa upp s\u00e4rskilt mycket efter fyra \u00e5r i regering.<\/p>\n<p>Jag tror v\u00e4stv\u00e4rlden sticker huvudet i sanden och inte f\u00f6rst\u00e5r vad som kommer att h\u00e4nda med v\u00e4rlden, klimaten och milj\u00f6n om vi inte nu g\u00f6r n\u00e5got. Det r\u00e4cker inte med sm\u00e5lappningar.<\/p>\n<p><a href=\"http:\/\/www.dn.se\/debatt\/bortglomda-klimatmiljarder-kan-framja-ny-miljoteknik-1.1162000\">Som tankesmedjan Fores skriver i en debattartikel:<\/a><\/p>\n<blockquote><p>Tankesmedjan Fores: B\u00e5da de politiska blocken struntar i de l\u00f6ften om gr\u00f6n skattev\u00e4xling som tidigare st\u00e4llts ut. Nu beh\u00f6vs en tydlig strategi. De politiska partierna har under valr\u00f6relsen inte lagt fram ett enda konkret f\u00f6rslag om gr\u00f6n skattev\u00e4xling \u2013 trots att klimatfr\u00e5gan \u00e4r mer aktuell \u00e4n n\u00e5gonsin.<\/p><\/blockquote>\n<p>Nu kommer \u00e4ntligen ett av blocken med rej\u00e4la f\u00f6rslag p\u00e5 \u00e5tg\u00e4rder f\u00f6r att ta itu med utsl\u00e4ppen av koldioxid, i alla fall.<br \/>\n<a href=\"http:\/\/www.dn.se\/nyheter\/valet2010\/rodgrona-vill-minska-eu-utslapp-1.1162156\">Ur Dagens Nyheter:<\/a><\/p>\n<blockquote><p>EU ska minska utsl\u00e4ppen av koldioxid med 30 procent till 2030, s\u00e4ger oppositionspartierna i sitt valmanifest som de l\u00e4gger fram p\u00e5 tisdagen<\/p><\/blockquote>\n<p><a href=\"http:\/\/hbt-sossen.blogspot.com\/2010\/08\/il-manifesto-rosso-verde.html\">Alexandra har bloggat om detta<\/a>:<\/p>\n<blockquote><p>Nu p\u00e5 morgonen kunde vi l\u00e4sa i <a href=\"http:\/\/www.dn.se\/nyheter\/valet2010\/rodgrona-vill-minska-eu-utslapp-1.1162156\">DN<\/a>, <a href=\"http:\/\/www.svd.se\/nyheter\/politik\/valet2010\/rodgronas-valmanifest-presenteras_5222351.svd\">SvD<\/a> och p\u00e5 <a href=\"http:\/\/sverigesradio.se\/sida\/artikel.aspx?programid=83&amp;artikel=3965304\">SR<\/a> om <a href=\"http:\/\/www.rodgron.se\/\">de R\u00f6dgr\u00f6nas <\/a>manifest.<br \/>\nPrecis som milj\u00f6ministrarna i Tyskland, Frankrike och Storbritannien, vill de R\u00f6dgr\u00f6na minska utsl\u00e4ppen av koldioxid med 30 procent till 2030.<\/p><\/blockquote>\n<p>och  mellan raderna kan man utl\u00e4sa att hon p\u00e5pekar att de traditionella medierna inte sl\u00e4pper igenom hela bilden.<\/p>\n<p><a href=\"http:\/\/alltidrottalltidratt.blogspot.com\/2010\/08\/konsekvenser-av-allianspolitiken.html\">Alltid r\u00f6tt, alltid r\u00e4tt, har ocks\u00e5 bloggat om klimatfr\u00e5gorna.<\/a><\/p>\n<p><a href=\"http:\/\/minamoderatakarameller.blogspot.com\/2010\/08\/socialdemokratin-har-blivit-omodern.html\">Moderata Karameller<\/a> skriver under rubriken &#8221;Socialdemokratian har nog blivit omodern2. Men det \u00e4r tv\u00e4rtom. Borgeligheten \u00e4r omoderna, de struntar i milj\u00f6fr\u00e5gor och de vill bygga ett samh\u00e4lle d\u00e4r de starkaste vinner. Det \u00e4r inget modernt i det.<\/p>\n<p>Relaterat: <a href=\"http:\/\/www.aftonbladet.se\/nyheter\/valet2010\/article7698860.ab\">Aftonbladet<\/a><\/p>\n<p>.<\/p>\n","protected":false},"excerpt":{"rendered":"<p>Centerpartiet m\u00e5 i sina valaffischer kalla sig borgerlighetens gr\u00f6na r\u00f6st. Men det \u00e4r inte mycket till gr\u00f6n r\u00f6st: Centern kan inte visa upp s\u00e4rskilt mycket efter fyra \u00e5r i regering. Jag tror v\u00e4stv\u00e4rlden sticker huvudet i sanden och inte f\u00f6rst\u00e5r vad som kommer att h\u00e4nda med v\u00e4rlden, klimaten och milj\u00f6n om vi inte nu g\u00f6r [&hellip;]<\/p>\n","protected":false},"author":2,"featured_media":0,"comment_status":"open","ping_status":"open","sticky":false,"template":"","format":"standard","meta":{"_genesis_hide_title":false,"_genesis_hide_breadcrumbs":false,"_genesis_hide_singular_image":false,"_genesis_hide_footer_widgets":false,"_genesis_custom_body_class":"","_genesis_custom_post_class":"","_genesis_layout":"","footnotes":""},"categories":[20],"tags":[],"class_list":{"0":"post-23468","1":"post","2":"type-post","3":"status-publish","4":"format-standard","6":"category-film","7":"entry"},"_links":{"self":[{"href":"https:\/\/kulturbloggen.com\/index.php?rest_route=\/wp\/v2\/posts\/23468","targetHints":{"allow":["GET"]}}],"collection":[{"href":"https:\/\/kulturbloggen.com\/index.php?rest_route=\/wp\/v2\/posts"}],"about":[{"href":"https:\/\/kulturbloggen.com\/index.php?rest_route=\/wp\/v2\/types\/post"}],"author":[{"embeddable":true,"href":"https:\/\/kulturbloggen.com\/index.php?rest_route=\/wp\/v2\/users\/2"}],"replies":[{"embeddable":true,"href":"https:\/\/kulturbloggen.com\/index.php?rest_route=%2Fwp%2Fv2%2Fcomments&post=23468"}],"version-history":[{"count":0,"href":"https:\/\/kulturbloggen.com\/index.php?rest_route=\/wp\/v2\/posts\/23468\/revisions"}],"wp:attachment":[{"href":"https:\/\/kulturbloggen.com\/index.php?rest_route=%2Fwp%2Fv2%2Fmedia&parent=23468"}],"wp:term":[{"taxonomy":"category","embeddable":true,"href":"https:\/\/kulturbloggen.com\/index.php?rest_route=%2Fwp%2Fv2%2Fcategories&post=23468"},{"taxonomy":"post_tag","embeddable":true,"href":"https:\/\/kulturbloggen.com\/index.php?rest_route=%2Fwp%2Fv2%2Ftags&post=23468"}],"curies":[{"name":"wp","href":"https:\/\/api.w.org\/{rel}","templated":true}]}}