{"id":23377,"date":"2010-08-29T12:40:14","date_gmt":"2010-08-29T10:40:14","guid":{"rendered":"http:\/\/kulturbloggen.com\/?p=23377"},"modified":"2010-08-29T12:40:14","modified_gmt":"2010-08-29T10:40:14","slug":"staende-ovantioner-for-kjell-bergqvist-pa-premiaren-av-fadern-pa-stadsteatern","status":"publish","type":"post","link":"https:\/\/kulturbloggen.com\/?p=23377","title":{"rendered":"St\u00e5ende ovantioner f\u00f6r Kjell Bergqvist p\u00e5 premi\u00e4ren av Fadern p\u00e5 Stadsteatern"},"content":{"rendered":"<p><a href=\"http:\/\/kulturbloggen.com\/wp-content\/uploads\/2010\/08\/fadern1.jpg\"><img loading=\"lazy\" decoding=\"async\" src=\"http:\/\/kulturbloggen.com\/wp-content\/uploads\/2010\/08\/fadern1-300x200.jpg\" alt=\"\" title=\"fadern1\" width=\"300\" height=\"200\" class=\"aligncenter size-medium wp-image-23384\" \/><\/a><br \/>\nKraftiga appl\u00e5der ekade och publiken stampade i golvet och visslade f\u00f6r att visa hur mycket de \u00e4lskade f\u00f6rest\u00e4llningen av Strindbergspj\u00e4sen &#8221;Fadern&#8221; som hade premi\u00e4r p\u00e5 Stockholms stadssteater l\u00f6rdag 28 augusti. Och n\u00e4r Kjell Bergqvist kom in p\u00e5 scen ensam reste sig publiken f\u00f6r st\u00e5ende ovationer.<\/p>\n<p>August Strindbergs Fadren har f\u00e5tt ny titel, en mer modern stavning: &#8221;Fadern&#8221; n\u00e4r  Philip Zand\u00e9n regisserar och Ryttm\u00e4staren spelas av Kjell Bergqvist och hans motst\u00e5ndare hustrun Laura av  Eva R\u00f6se.<br \/>\nF\u00f6r motst\u00e5ndare \u00e4r vad makarna i Fadern \u00e4r. Det som spelas upp \u00e4r ett \u00e4ktenskap i s\u00f6nderfall och den slutliga striden kommer n\u00e4r fadern best\u00e4mmer att dottern Bertha ska flytta till staden f\u00f6r att studera till l\u00e4rarinna och mamman, Laura, absolut inte vill att dottern ska flytta.<\/p>\n<p>Dialogerna visar s\u00e5 tydligt hur ord tr\u00e4nger sig in i tankarna och de gr\u00e4lande att missf\u00f6rst\u00e5, f\u00f6r att de inte l\u00e4ngre vill f\u00f6rst\u00e5. Regiss\u00f6ren har valt att s\u00e4tta upp Strindbergs pj\u00e4s p\u00e5 ett roligare s\u00e4tt \u00e4n den brukar, dessutom.  Kjell Bergqvists s\u00e4tt att ta itu med rollen som Ryttm\u00e4staren mycket fysisk, hans manliga sj\u00e4lvs\u00e4kerhet str\u00e5lar ut i varenda por och i g\u00e5ngen med kn\u00e4cks brutalt och pendlar mellan f\u00f6rtvivlan och stolthet.<\/p>\n<p>En liten krydda som jag hade lite extra kul \u00e5t var Jonas Hellman-Driessen som Doktor \u00d6stermark. L\u00e4karen \u00e4r en h\u00e4rlig karikatyr p\u00e5 p\u00f6smunkar till myndighetspersoner som blir uppbl\u00e5sta n\u00e4r de f\u00e5r en roll att spela i ett drama i andra m\u00e4nniskors liv. S\u00e5 tr\u00e4ffande att se hur dessa p\u00f6smunkar med makt kan f\u00f6rst\u00f6ra ist\u00e4llet f\u00f6r att bygga upp.<br \/>\nEtt \u00e4ktenskap som blir s\u00e5 fel som det mellan Ryttm\u00e4staren och Laura beh\u00f6ver ju st\u00f6d och hj\u00e4lp att i samtal hitta varandra, oavsett om de sedan ska g\u00e5 skilda v\u00e4gar eller inte.<\/p>\n<p>I dagens samh\u00e4lle finns ju faderskapstest. Ett s\u00e5dant test skulle givetvis  kunna ta bort de f\u00f6rt\u00e4rande tvivel som sl\u00e5r rot i Ryttm\u00e4staren. Men det \u00e4r inte grejen egentligen. N\u00e4r misstroendet sl\u00e5r rot spelar det inte n\u00e5gon roll vilka fakta som finns. D\u00e5 h\u00f6r vi bara de ord vi vill h\u00f6ra och som ger \u00e4nnu mer grogrund f\u00f6r konflikten.<\/p>\n<p>Och som oftast n\u00e4r tv\u00e5 makar hatar varandra \u00e4r det barnet som hamnar i kl\u00e4m. Inte bryr sig modern om vad barnet vill. Inte fadern heller. Det \u00e4r maktkamp mellan dem.<br \/>\nEn tr\u00f6st \u00e4r v\u00e4l att i det l\u00e5nga loppet v\u00e4xer barnet upp och g\u00e5r sin egen v\u00e4g i livet. Hur mycket de vuxna \u00e4n br\u00e5kar om barnen kan de \u00e4nd\u00e5 inte l\u00e5sa in barnet,  det blir en vuxen m\u00e4nniska som g\u00e5r sin egen v\u00e4g i livet. Men de vuxna kan ta bort mycket av barnets tillit till v\u00e4rlden genom att s\u00e4tta sig sj\u00e4lva i fr\u00e4msta rummet.<\/p>\n<p>&#8221;Fadern&#8221; \u00e4r en ber\u00e4ttelse om mansrollen som f\u00f6rt\u00e4r m\u00e4nnen, men den g\u00e5r att se som en helt annan slags ber\u00e4ttelse ocks\u00e5. Tycker jag i alla fall. En ber\u00e4ttelse om hur omgivningen kan driva en m\u00e4nniska in i psykisk sjukdom. Det \u00e4r lite av en styrka i en f\u00f6rest\u00e4llningen att det som sker, sker i betraktarens \u00f6ga. Att f\u00f6rest\u00e4llningen \u00f6ppnar f\u00f6r flera s\u00e4tt att se den p\u00e5.<\/p>\n<p>Om jag har n\u00e5gra reservationer mot f\u00f6rest\u00e4llningen \u00e4r det i s\u00e5 fall p\u00e5 Eva R\u00f6ses roll som Laura. Hon \u00e4r ung och mycket s\u00f6t, en vacker Laura. Men hon verkar inte pendla i k\u00e4nslorna gentemot Ryttm\u00e4staren utan hon \u00e4r sig ganska lik hela tiden. S\u00e5 antingen \u00e4r det f\u00f6r att hon redan gett upp allt hopp om \u00e4ktenskapet och vara drivs att hatet mot sin make &#8211; och d\u00e5 \u00e4r hennes s\u00e4tt att spela helt r\u00e4tt, f\u00f6rst\u00e5s.<br \/>\nEller s\u00e5 ska hon pendla lite, tvivla lite mer p\u00e5 sina k\u00e4nslor och i s\u00e5 fall kanske det s\u00e4tter sig efter n\u00e5gra f\u00f6rest\u00e4llningar.<\/p>\n<p><a href=\"http:\/\/axess.se\/blog\/post\/2010\/08\/28\/Nya-genusgrepp-i-teaterns-varld.aspx\">Tidningen Axess har intervjuat regiss\u00f6ren och \u00e4r lite ifr\u00e5gas\u00e4ttande inf\u00f6r upps\u00e4ttningen:<\/a><\/p>\n<blockquote><p>Idag intervjuas sk\u00e5despelaren och regiss\u00f6ren Philip Zand\u00e9n i SvD. Anledningen \u00e4r hans upps\u00e4ttning av Strindbergs Fadren p\u00e5 Stockholms stadsteater. Redan intervjuns inledning ger anledningar till viss oro. P\u00e5 fr\u00e5gan om vad han t\u00e4nkte n\u00e4r han l\u00e4ste om pj\u00e4sen inf\u00f6r upps\u00e4ttningen, svarar Zand\u00e9n: &#8221;Jag t\u00e4nkte att jag inte kan g\u00f6ra en s\u00e5dan d\u00e4r traditionell Strindbergsupps\u00e4ttning med gamla m\u00f6bler, vinr\u00f6da och m\u00f6rkgr\u00f6na f\u00e4rger, salongsgev\u00e4r, palmer&#8230; ja du vet, det k\u00e4ndes inte meningsfullt&#8221;<br \/>\nDesv\u00e4rre f\u00f6ljs svaret inte upp av n\u00e5gon f\u00f6ljdfr\u00e5ga om varf\u00f6r det inte skulle vara meningsfullt. Eller en f\u00f6ljdfr\u00e5ga om varf\u00f6r han \u00f6verhuvudtaget kom p\u00e5 id\u00e9n att s\u00e4tta upp en pj\u00e4s som uppenbarligen i sig sj\u00e4lv inte har tillr\u00e4ckliga kvaliteter f\u00f6r att duga att s\u00e4ttas upp p\u00e5 Stadsteatern.  Varf\u00f6r d\u00e5 inte helt enkelt v\u00e4lja en<br \/>\nannan pj\u00e4s? Eller skriva en ny pj\u00e4s?<\/p><\/blockquote>\n<p>Jag tycker det \u00e4r en n\u00e5got m\u00e4rklig kommentar. F\u00f6r visst kan en pj\u00e4s vara intressant \u00e4ven om regiss\u00f6ren vill \u00e4ndra och s\u00e4tta in den i nyare sammanhang.<\/p>\n<p>I rollerna<br \/>\nRyttm\u00e4staren  \tKjell Bergqvist<br \/>\nLaura \tEva R\u00f6se<br \/>\nBertha \tJosefin Ljungman<br \/>\nDoktor \u00d6stermark \tJonas Hellman-Driessen<br \/>\nPastorn \tUlf Eklund<br \/>\nAmman \tLena-Pia Bernhardsson<br \/>\nN\u00f6jd \tAlexander Stocks<br \/>\nKalfaktorn \tMichael Jonsson<br \/>\nSv\u00e4rmodern \tLilian Johansson<\/p>\n<p><a href=\"http:\/\/www.stadsteatern.stockholm.se\/index.asp?pjaser\/fadren.asp&#038;mainhttp:\/\/www.stadsteatern.stockholm.se\/index.asp?pjaser\/fadren.asp&#038;main\">Mer om f\u00f6rest\u00e4llning p\u00e5 Stocksholms Stadsteaters hemsida.<\/a><\/p>\n<p>Bilden ovan:<br \/>\n<strong>Foto: Petra Hellberg<\/strong><br \/>\n<em>Bildtext: Eva R\u00f6se och Kjell Bergqvist i Fadern av August Strindberg.<\/em><\/p>\n<p>Bilderna nedan:<br \/>\n<strong>Foto: Petra Hellberg<\/strong><\/p>\n<p>Kjell Bergqvist, Josefin Ljugman och Eva R\u00f6se i Fadern av August Strindberg.<br \/>\n<a href=\"http:\/\/kulturbloggen.com\/wp-content\/uploads\/2010\/08\/fadern2.jpg\"><img loading=\"lazy\" decoding=\"async\" src=\"http:\/\/kulturbloggen.com\/wp-content\/uploads\/2010\/08\/fadern2-300x200.jpg\" alt=\"\" title=\"fadern2\" width=\"300\" height=\"200\" class=\"aligncenter size-medium wp-image-23385\" \/><\/a><\/p>\n<p>Eva R\u00f6se och Kjell Bergqvist i Fadern<br \/>\n<a href=\"http:\/\/kulturbloggen.com\/wp-content\/uploads\/2010\/08\/fadern3.jpg\"><img loading=\"lazy\" decoding=\"async\" src=\"http:\/\/kulturbloggen.com\/wp-content\/uploads\/2010\/08\/fadern3-200x300.jpg\" alt=\"\" title=\"fadern3\" width=\"200\" height=\"300\" class=\"aligncenter size-medium wp-image-23386\" \/><\/a><\/p>\n<p>Kjell Bergqvist i Fadern av August Strindberg.<br \/>\n<a href=\"http:\/\/kulturbloggen.com\/wp-content\/uploads\/2010\/08\/fadern4.jpg\"><img loading=\"lazy\" decoding=\"async\" src=\"http:\/\/kulturbloggen.com\/wp-content\/uploads\/2010\/08\/fadern4-200x300.jpg\" alt=\"\" title=\"fadern4\" width=\"200\" height=\"300\" class=\"aligncenter size-medium wp-image-23387\" \/><\/a><\/p>\n<p>Jonas Hellman-Driessen, Kjell Bergqvist och Ulf Eklund.<br \/>\n<a href=\"http:\/\/kulturbloggen.com\/wp-content\/uploads\/2010\/08\/fadern5.jpg\"><img loading=\"lazy\" decoding=\"async\" src=\"http:\/\/kulturbloggen.com\/wp-content\/uploads\/2010\/08\/fadern5-200x300.jpg\" alt=\"\" title=\"fadern5\" width=\"200\" height=\"300\" class=\"aligncenter size-medium wp-image-23388\" \/><\/a><\/p>\n<p>L\u00e4s \u00e4ven andra bloggares \u00e5sikter om <a href=\"http:\/\/bloggar.se\/om\/Kjell+Bergqvist\" rel=\"tag\">Kjell Bergqvist<\/a>, <a href=\"http:\/\/bloggar.se\/om\/Eva+R%F6se\" rel=\"tag\">Eva R\u00f6se<\/a>, <a href=\"http:\/\/bloggar.se\/om\/teater\" rel=\"tag\">teater<\/a>, <a href=\"http:\/\/bloggar.se\/om\/recension\" rel=\"tag\">recension<\/a>, <a href=\"http:\/\/bloggar.se\/om\/Stadsteatern\" rel=\"tag\">Stadsteatern<\/a>, <a href=\"http:\/\/bloggar.se\/om\/August+Strindberg\" rel=\"tag\">August Strindberg<\/a><\/p>\n","protected":false},"excerpt":{"rendered":"<p>Kraftiga appl\u00e5der ekade och publiken stampade i golvet och visslade f\u00f6r att visa hur mycket de \u00e4lskade f\u00f6rest\u00e4llningen av Strindbergspj\u00e4sen &#8221;Fadern&#8221; som hade premi\u00e4r p\u00e5 Stockholms stadssteater l\u00f6rdag 28 augusti. Och n\u00e4r Kjell Bergqvist kom in p\u00e5 scen ensam reste sig publiken f\u00f6r st\u00e5ende ovationer. August Strindbergs Fadren har f\u00e5tt ny titel, en mer modern [&hellip;]<\/p>\n","protected":false},"author":2,"featured_media":0,"comment_status":"open","ping_status":"open","sticky":false,"template":"","format":"standard","meta":{"_genesis_hide_title":false,"_genesis_hide_breadcrumbs":false,"_genesis_hide_singular_image":false,"_genesis_hide_footer_widgets":false,"_genesis_custom_body_class":"","_genesis_custom_post_class":"","_genesis_layout":"","footnotes":""},"categories":[16,20,30,31],"tags":[451,1600,2932,12285,5340,12288],"class_list":{"0":"post-23377","1":"post","2":"type-post","3":"status-publish","4":"format-standard","6":"category-recension","7":"category-film","8":"category-teater","9":"category-teaterrecension","10":"tag-august-strindberg","11":"tag-eva-rose","12":"tag-kjell-bergqvist","13":"tag-recension","14":"tag-stadsteatern","15":"tag-teater","16":"entry"},"_links":{"self":[{"href":"https:\/\/kulturbloggen.com\/index.php?rest_route=\/wp\/v2\/posts\/23377","targetHints":{"allow":["GET"]}}],"collection":[{"href":"https:\/\/kulturbloggen.com\/index.php?rest_route=\/wp\/v2\/posts"}],"about":[{"href":"https:\/\/kulturbloggen.com\/index.php?rest_route=\/wp\/v2\/types\/post"}],"author":[{"embeddable":true,"href":"https:\/\/kulturbloggen.com\/index.php?rest_route=\/wp\/v2\/users\/2"}],"replies":[{"embeddable":true,"href":"https:\/\/kulturbloggen.com\/index.php?rest_route=%2Fwp%2Fv2%2Fcomments&post=23377"}],"version-history":[{"count":0,"href":"https:\/\/kulturbloggen.com\/index.php?rest_route=\/wp\/v2\/posts\/23377\/revisions"}],"wp:attachment":[{"href":"https:\/\/kulturbloggen.com\/index.php?rest_route=%2Fwp%2Fv2%2Fmedia&parent=23377"}],"wp:term":[{"taxonomy":"category","embeddable":true,"href":"https:\/\/kulturbloggen.com\/index.php?rest_route=%2Fwp%2Fv2%2Fcategories&post=23377"},{"taxonomy":"post_tag","embeddable":true,"href":"https:\/\/kulturbloggen.com\/index.php?rest_route=%2Fwp%2Fv2%2Ftags&post=23377"}],"curies":[{"name":"wp","href":"https:\/\/api.w.org\/{rel}","templated":true}]}}