{"id":23296,"date":"2010-08-27T09:30:10","date_gmt":"2010-08-27T07:30:10","guid":{"rendered":"http:\/\/kulturbloggen.com\/?p=23296"},"modified":"2010-08-27T09:30:10","modified_gmt":"2010-08-27T07:30:10","slug":"moderna-museet-visar-ivan-agueli-och-bill-viola","status":"publish","type":"post","link":"https:\/\/kulturbloggen.com\/?p=23296","title":{"rendered":"Moderna Museet visar Ivan Agu\u00e9li och Bill Viola"},"content":{"rendered":"<p><a href=\"http:\/\/kulturbloggen.com\/wp-content\/uploads\/2010\/08\/NM2202_kopia.jpg\"><img loading=\"lazy\" decoding=\"async\" src=\"http:\/\/kulturbloggen.com\/wp-content\/uploads\/2010\/08\/NM2202_kopia-300x222.jpg\" alt=\"\" title=\"NM2202_kopia\" width=\"300\" height=\"222\" class=\"aligncenter size-medium wp-image-23297\" \/><\/a><\/p>\n<p>Ett pressmeddelande som jag tror Kulturbloggens konstintresserade vill l\u00e4sa:<br \/>\nUnder september kommer Moderna Museet att visa verk ur samlingen av den svenske konstn\u00e4ren Ivan Agu\u00e9li och den amerikanske videokonstn\u00e4ren Bill Viola. Likheter i de b\u00e5da konstn\u00e4rernas s\u00f6kande bortom det ordin\u00e4ra, mot mystiken och orientalismen, belyses genom drygt 25 m\u00e5lningar av Agu\u00e9li och Violas videoverk Chott el Djerd \u2013 A Portrait in Light and Heat.<\/p>\n<p>Ivan Agu\u00e9li (1869-1917) verkade st\u00f6rre delen av sitt liv utomlands. 1890 kom han f\u00f6r f\u00f6rsta g\u00e5ngen till Paris, d\u00e4r han blev p\u00e5verkad av anarkistiska och andliga str\u00f6mningar. H\u00e4r kom han ocks\u00e5 i kontakt med Paul Gauguin som gjorde ett djupt intryck p\u00e5 honom, i synnerhet Gauguins tankar om konsten som en syntes av intryck snarare \u00e4n direkta avbildningar.<\/p>\n<p>Under 1890-talet vistades Ivan Agu\u00e9li under perioder i Egypten. D\u00e4r blev han inspirerad av naturen och m\u00e4nniskorna, och str\u00e4vade efter en sann konst bortom v\u00e4sterlandets falska fasader. 1898 konverterade Agu\u00e9li till islam och antog namnet Abd al-H\u00e2di (V\u00e4gvisarens tj\u00e4nare). \u00c5ret efter reste han till Indien f\u00f6r att f\u00f6rdjupa sig i buddism och \u00e5terv\u00e4nde sedan till ett kringflackande liv i Europa och Nordafrika. Agu\u00e9li dog 1917, \u00f6verk\u00f6rd av ett t\u00e5g utanf\u00f6r Barcelona.<\/p>\n<p>Amerikanen Bill Viola (1951-) \u00e4r en v\u00e5ra stora samtida videokonstn\u00e4rer och har varit verksam sedan tidigt 1970-tal. Bill Violas video Chott el Djerid \u2013 A Portrait in Light and Heat fr\u00e5n 1979 \u00e5terger f\u00f6rst sn\u00f6iga landskapsvyer fr\u00e5n mellanv\u00e4stern i USA f\u00f6r att sedan abrupt v\u00e4xla till \u00f6kenlandskap i Tunisien. De magiskt st\u00e4mningsladdade filmsekvenserna tar fasta p\u00e5 b\u00e5de optiska och akustiska f\u00f6rvr\u00e4ngningar av naturen. Visuella h\u00e4gringar skapas av den intensiva \u00f6kenhettan. N\u00e5got fysiskt blir till n\u00e5got psykiskt.<\/p>\n<p>Viola studerade i b\u00f6rjan av 1980-talet zenbuddism i Japan. Han \u00e4r \u00e4ven ber\u00f6rd av kristen mystik och liksom Agu\u00e9li av islamsk sufism. B\u00e5de Agu\u00e9li och Viola anv\u00e4nder ocks\u00e5 allm\u00e4nm\u00e4nskliga erfarenheter av medvetande och andlighet i sina konstn\u00e4rskap. Det finns en skillnad i tidsanda och konstn\u00e4rliga tekniker mellan de b\u00e5da. Likheten \u00e4r att de s\u00f6ker n\u00e5gonting bortom det ordin\u00e4ra. Inte i tingen utan som en upplevelse.<\/p>\n<p><strong>Salong Ivan Agu\u00e9l<\/strong>i<br \/>\nOnsdagen den 15 september kl. 15 bjuder Moderna Museet in till salong och samtal kring Ivan Agu\u00e9li. Inbjudna g\u00e4ster \u00e4r Bengt Lagerkvist, konstkunnig regiss\u00f6r och Viveca Wessel, f\u00f6rfattare till boken Ivan Agu\u00e9li. Portr\u00e4tt av en rymd, i samtal med John Peter Nilsson, intendent Moderna Museet. I restaurangen dricker vi myntate inspirerat av Orienten. Salongen \u00e4r \u00f6ppen f\u00f6r alla, men antalet deltagare \u00e4r begr\u00e4nsat. Biljetter till f\u00f6rs\u00e4ljning i museets entr\u00e9kassa. <a href=\"http:\/\/www.modernamuseet.se\/sv\/Stockholm\/Program\/Salonger\/\">L\u00e4s mer h\u00e4r.<\/a><\/p>\n<p>L\u00e4s \u00e4ven andra bloggares \u00e5sikter om <a href=\"http:\/\/bloggar.se\/om\/Moderna+Museet\" rel=\"tag\">Moderna Museet<\/a>, <a href=\"http:\/\/bloggar.se\/om\/konst\" rel=\"tag\">konst<\/a>, <a href=\"http:\/\/bloggar.se\/om\/Ivan+Agu%E9li\" rel=\"tag\">Ivan Agu\u00e9li<\/a><\/p>\n","protected":false},"excerpt":{"rendered":"<p>Ett pressmeddelande som jag tror Kulturbloggens konstintresserade vill l\u00e4sa: Under september kommer Moderna Museet att visa verk ur samlingen av den svenske konstn\u00e4ren Ivan Agu\u00e9li och den amerikanske videokonstn\u00e4ren Bill Viola. Likheter i de b\u00e5da konstn\u00e4rernas s\u00f6kande bortom det ordin\u00e4ra, mot mystiken och orientalismen, belyses genom drygt 25 m\u00e5lningar av Agu\u00e9li och Violas videoverk Chott [&hellip;]<\/p>\n","protected":false},"author":13,"featured_media":0,"comment_status":"open","ping_status":"open","sticky":false,"template":"","format":"standard","meta":{"_genesis_hide_title":false,"_genesis_hide_breadcrumbs":false,"_genesis_hide_singular_image":false,"_genesis_hide_footer_widgets":false,"_genesis_custom_body_class":"","_genesis_custom_post_class":"","_genesis_layout":"","footnotes":""},"categories":[20],"tags":[3009,3740],"class_list":{"0":"post-23296","1":"post","2":"type-post","3":"status-publish","4":"format-standard","6":"category-film","7":"tag-konst","8":"tag-moderna-museet","9":"entry"},"_links":{"self":[{"href":"https:\/\/kulturbloggen.com\/index.php?rest_route=\/wp\/v2\/posts\/23296","targetHints":{"allow":["GET"]}}],"collection":[{"href":"https:\/\/kulturbloggen.com\/index.php?rest_route=\/wp\/v2\/posts"}],"about":[{"href":"https:\/\/kulturbloggen.com\/index.php?rest_route=\/wp\/v2\/types\/post"}],"author":[{"embeddable":true,"href":"https:\/\/kulturbloggen.com\/index.php?rest_route=\/wp\/v2\/users\/13"}],"replies":[{"embeddable":true,"href":"https:\/\/kulturbloggen.com\/index.php?rest_route=%2Fwp%2Fv2%2Fcomments&post=23296"}],"version-history":[{"count":0,"href":"https:\/\/kulturbloggen.com\/index.php?rest_route=\/wp\/v2\/posts\/23296\/revisions"}],"wp:attachment":[{"href":"https:\/\/kulturbloggen.com\/index.php?rest_route=%2Fwp%2Fv2%2Fmedia&parent=23296"}],"wp:term":[{"taxonomy":"category","embeddable":true,"href":"https:\/\/kulturbloggen.com\/index.php?rest_route=%2Fwp%2Fv2%2Fcategories&post=23296"},{"taxonomy":"post_tag","embeddable":true,"href":"https:\/\/kulturbloggen.com\/index.php?rest_route=%2Fwp%2Fv2%2Ftags&post=23296"}],"curies":[{"name":"wp","href":"https:\/\/api.w.org\/{rel}","templated":true}]}}