{"id":23290,"date":"2010-08-27T09:35:06","date_gmt":"2010-08-27T07:35:06","guid":{"rendered":"http:\/\/kulturbloggen.com\/?p=23290"},"modified":"2010-08-27T09:35:06","modified_gmt":"2010-08-27T07:35:06","slug":"sang-och-dans-under-bar-himmel-paminnelse","status":"publish","type":"post","link":"https:\/\/kulturbloggen.com\/?p=23290","title":{"rendered":"S\u00e5ng och dans under bar himmel- p\u00e5minnelse"},"content":{"rendered":"<p><a href=\"http:\/\/kulturbloggen.com\/wp-content\/uploads\/2010\/08\/toppbild_vitabergen1.jpg\"><img loading=\"lazy\" decoding=\"async\" src=\"http:\/\/kulturbloggen.com\/wp-content\/uploads\/2010\/08\/toppbild_vitabergen1-300x150.jpg\" alt=\"\" title=\"toppbild_vitabergen\" width=\"300\" height=\"150\" class=\"alignleft size-medium wp-image-23291\" \/><\/a><\/p>\n<p>Detta \u00e4r en p\u00e5minnelse om tv\u00e5 intressanta dagar,som jag tyv\u00e4rr sj\u00e4lv inte har m\u00f6jlighet att delta p\u00e5, vilket jag tycker \u00e4r mycket tr\u00e5kigt, men jag f\u00e5r ist\u00e4llet gl\u00e4dja mig till att se Korngolds &#8221;Die Tote Stadt&#8221; p\u00e5 Den Jydske Opera i morgon och veckan avslutas med Rossini\u00b4s &#8221;Italienskan i Alger&#8221; p\u00e5 G\u00f6teborgsOperan. Det kan man kanske inte kalla f\u00f6r en d\u00e5lig ers\u00e4ttning, men det \u00e4r ju alltid tr\u00e5kigt att konstatera att jag inte kan vara p\u00e5 tv\u00e5 platser samtidigt \u00e4ven om det borde ambitionen, som en god operav\u00e4n p\u00e5pekade.<\/p>\n<p> <b> PROGRAM<\/b><br \/>\n<b>P\u00e5 fredag den 27 augusti klockan 18.00<\/b> ger Kungliga Baletten tv\u00e5 verk ur repertoaren: Bolero i koreografi av Thierry Malandain och till Maurice Ravels v\u00e4lk\u00e4nda musik, samt Les Noces (Br\u00f6llopet) med koreografi av Angelin Preljocaj och musik av Igor Stravinskij.<\/p>\n<p>Koreografi: Thierry Malandain<br \/>\nMusik: Maurice Ravel<br \/>\nIscens\u00e4ttning: Fran\u00e7oise Dubuc<br \/>\nScenografi och kostym: Jorge Gallardo<br \/>\nLes Noces &#8211; Br\u00f6llopet<\/p>\n<p>Koreografi: Angelin Preljocaj<br \/>\nMusik: Igor Stravinskij, danskantaten \u201dLes Noces\u201d (musiken \u00e4r inspelad)<br \/>\nIscens\u00e4ttning: Nataly Aveillan<br \/>\nKostym: Angelin Preljocaj<br \/>\nUtf\u00f6rande: Caroline Anteski<\/p>\n<p>Presentat\u00f6r: Birgitta Svend\u00e9n<\/p>\n<p>Musiken till de tv\u00e5 baletterna \u00e4r inspelad.<\/p>\n<p><b>L\u00f6rdagen den 28 augusti klockan 18.00<\/b> kan du lyssna till v\u00e5ra solister och Kungliga Operans k\u00f6r som framf\u00f6r musik skriven av n\u00e5gra av de tons\u00e4ttare som \u00e4r aktuella p\u00e5 repertoaren under s\u00e4songen. Det blir en fin blandning av opera, operett och musik f\u00f6r andra sammanhang \u00e4n de musikdramatiska.<\/p>\n<p>Kungliga Operans k\u00f6r och solister sjunger s\u00e5v\u00e4l k\u00e4nda arior som k\u00f6rstycken.<\/p>\n<p>Medverkande: Lena Nordin, Jesper Taube, Klas Hedlund, John Erik Eleby, Cecilia Nanneson, Eva Sahlin och Kungliga Operans k\u00f6r samt pianisterna Lars David Nilsson och Martin Virin.<\/p>\n<p><b>PROGRAM<\/b><\/p>\n<p>Ur Orph\u00e9e (C.W. Gluck)<\/p>\n<p>C\u00e9st asile<br \/>\nLe Dieu du Paphos<br \/>\nCECILIA NANNESON och KUNGLIGA OPERANS K\u00d6R<\/p>\n<p>Ur Le Ca\u00efd (A. Thomas)<\/p>\n<p>S\u00e5ngen om tamburmajoren<br \/>\nJOHN ERIK ELEBY<\/p>\n<p>Ur Macbeth (G. Verdi)<\/p>\n<p>S\u2019allontanarono (H\u00e4xk\u00f6ren)<br \/>\nKUNGLIGA OPERANS K\u00d6R<\/p>\n<p>La luce langue (Ladyns aria)<br \/>\nLENA NORDIN<\/p>\n<p>Ur Rigoletto (G. Verdi)<\/p>\n<p>Zitti zitti<br \/>\nHERRK\u00d6R<\/p>\n<p>Cortigiani vil razza<br \/>\nJESPER TAUBE<\/p>\n<p>La donna \u00e8 mobile<br \/>\nKLAS HEDLUND<\/p>\n<p>Kvartetten<br \/>\nLENA NORDIN, EVA SAHLIN, KLAS HEDLUND, JESPER TAUBE<\/p>\n<p>Ur Sju tidiga s\u00e5nger (A. Berg)<\/p>\n<p>Die Nachtigall (N\u00e4ktergalen)<\/p>\n<p>Ur Wesendonck-s\u00e5nger (R. Wagner)<\/p>\n<p>Im Treibhaus (I v\u00e4xthuset)<\/p>\n<p>Les Djinnes (G. Faur\u00e9)<\/p>\n<p>KUNGLIGA OPERANS K\u00d6R<\/p>\n<p>Ur L\u00e4derlappen (J. Strauss)<\/p>\n<p>Klockduetten<br \/>\nLENA NORDIN och JESPER TAUBE<\/p>\n<p>Ur Genevieve av Brabant (J. Offenbach)<\/p>\n<p>Gendarmduett<br \/>\nJESPER TAUBE och JOHN ERIK ELEBY<\/p>\n<p>Ur Hoffmans \u00e4ventyr (J. Offenbach)<\/p>\n<p>Barcarolle<br \/>\nEVA SAHLIN och KUNGLIGA OPERANS K\u00d6R<br \/>\nKorm\u00e4stare: Folke Alin och Christina H\u00f6rnell<\/p>\n<p>Presentat\u00f6r:  Stefan Johansson<\/p>\n<p>Piano: Martin Virin och Lars David Nilsson<\/p>\n<p><a href=\"http:\/\/intressant.se\/intressant\">Intressant?<\/a><\/p>\n<p>L\u00e4s \u00e4ven andra bloggares \u00e5sikter om <a href=\"http:\/\/bloggar.se\/om\/Kungliga+Operan+i+Vitabergsparken\" rel=\"tag\">Kungliga Operan i Vitabergsparken<\/a>, <a href=\"http:\/\/bloggar.se\/om\/27\/28+augusti\" rel=\"tag\">27\/28 augusti<\/a>, <a href=\"http:\/\/bloggar.se\/om\/baletter\" rel=\"tag\">baletter<\/a>, <a href=\"http:\/\/bloggar.se\/om\/solister\" rel=\"tag\">solister<\/a>, <a href=\"http:\/\/bloggar.se\/om\/operak%F6ren\" rel=\"tag\">operak\u00f6ren<\/a><\/p>\n","protected":false},"excerpt":{"rendered":"<p>Detta \u00e4r en p\u00e5minnelse om tv\u00e5 intressanta dagar,som jag tyv\u00e4rr sj\u00e4lv inte har m\u00f6jlighet att delta p\u00e5, vilket jag tycker \u00e4r mycket tr\u00e5kigt, men jag f\u00e5r ist\u00e4llet gl\u00e4dja mig till att se Korngolds &#8221;Die Tote Stadt&#8221; p\u00e5 Den Jydske Opera i morgon och veckan avslutas med Rossini\u00b4s &#8221;Italienskan i Alger&#8221; p\u00e5 G\u00f6teborgsOperan. Det kan man [&hellip;]<\/p>\n","protected":false},"author":13,"featured_media":0,"comment_status":"open","ping_status":"open","sticky":false,"template":"","format":"standard","meta":{"_genesis_hide_title":false,"_genesis_hide_breadcrumbs":false,"_genesis_hide_singular_image":false,"_genesis_hide_footer_widgets":false,"_genesis_custom_body_class":"","_genesis_custom_post_class":"","_genesis_layout":"","footnotes":""},"categories":[7],"tags":[106,3138,6267],"class_list":{"0":"post-23290","1":"post","2":"type-post","3":"status-publish","4":"format-standard","6":"category-musik","7":"tag-2728-augusti","8":"tag-kungliga-operan-och-baletten","9":"tag-vitabergsparken","10":"entry"},"_links":{"self":[{"href":"https:\/\/kulturbloggen.com\/index.php?rest_route=\/wp\/v2\/posts\/23290","targetHints":{"allow":["GET"]}}],"collection":[{"href":"https:\/\/kulturbloggen.com\/index.php?rest_route=\/wp\/v2\/posts"}],"about":[{"href":"https:\/\/kulturbloggen.com\/index.php?rest_route=\/wp\/v2\/types\/post"}],"author":[{"embeddable":true,"href":"https:\/\/kulturbloggen.com\/index.php?rest_route=\/wp\/v2\/users\/13"}],"replies":[{"embeddable":true,"href":"https:\/\/kulturbloggen.com\/index.php?rest_route=%2Fwp%2Fv2%2Fcomments&post=23290"}],"version-history":[{"count":0,"href":"https:\/\/kulturbloggen.com\/index.php?rest_route=\/wp\/v2\/posts\/23290\/revisions"}],"wp:attachment":[{"href":"https:\/\/kulturbloggen.com\/index.php?rest_route=%2Fwp%2Fv2%2Fmedia&parent=23290"}],"wp:term":[{"taxonomy":"category","embeddable":true,"href":"https:\/\/kulturbloggen.com\/index.php?rest_route=%2Fwp%2Fv2%2Fcategories&post=23290"},{"taxonomy":"post_tag","embeddable":true,"href":"https:\/\/kulturbloggen.com\/index.php?rest_route=%2Fwp%2Fv2%2Ftags&post=23290"}],"curies":[{"name":"wp","href":"https:\/\/api.w.org\/{rel}","templated":true}]}}