{"id":23258,"date":"2010-08-26T07:03:29","date_gmt":"2010-08-26T05:03:29","guid":{"rendered":"http:\/\/kulturbloggen.com\/?p=23258"},"modified":"2010-08-26T07:03:29","modified_gmt":"2010-08-26T05:03:29","slug":"fullt-os-med-nationalteaterns-rockorkester-pa-mosebacke","status":"publish","type":"post","link":"https:\/\/kulturbloggen.com\/?p=23258","title":{"rendered":"Fullt \u00f6s med Nationalteaterns Rockorkester p\u00e5 Mosebacke"},"content":{"rendered":"<p><a href=\"http:\/\/kulturbloggen.com\/wp-content\/uploads\/2010\/08\/20100825785.jpg\"><img loading=\"lazy\" decoding=\"async\" class=\"aligncenter size-medium wp-image-23260\" title=\"20100825785\" src=\"http:\/\/kulturbloggen.com\/wp-content\/uploads\/2010\/08\/20100825785-300x225.jpg\" alt=\"\" width=\"300\" height=\"225\" \/><\/a><br \/>\nFullt \u00f6s, tv\u00e5 timmar med rock med massor av k\u00e4nsla  bj\u00f6d Nationalteaterns Rockorkester p\u00e5 n\u00e4r de spelade p\u00e5 Mosebacke. En kv\u00e4ll med rock hade Nikke Str\u00f6m, basisten, lovat i <a href=\"http:\/\/kulturbloggen.com\/?p=23082\">Kulturbloggens intervjun f\u00f6re<\/a> och det l\u00f6ftet infriade de gamla garvade rockgiganterna verkligen.<\/p>\n<p>Det var uts\u00e5lt och f\u00f6rv\u00e4ntningarna var h\u00f6ga i tr\u00e4ngseln kring utomhusscenen p\u00e5 Mosebacke. Tr\u00e5ngt med hj\u00e4rtlig st\u00e4mning, \u00e4nd\u00e5.<\/p>\n<p>Jo sista s\u00e5ngen i f\u00f6rsta omg\u00e5ngen av extranummer var Dagebys underbara ballad &#8221;Men bara om min \u00e4lskade v\u00e4ntar&#8221;. Men fr\u00e5nsett den var det rock som g\u00e4llde. Allra sista extranumret blev &#8221;R\u00f6varkungens \u00f6&#8221;. Den \u00e4r ocks\u00e5 skriven av Ulf Dageby och \u00e4r v\u00e4l i och f\u00f6r sig ocks\u00e5 en av de lugnare l\u00e5tarna.<\/p>\n<p>&#8221;Livet \u00e4r en fest-&#8221; spelade de som sista l\u00e5ten f\u00f6re extranumren. Jag beh\u00f6ver knappast ber\u00e4tta att det blev alls\u00e5ng av den, alla sj\u00f6ng med. Samma sak med &#8221;Hanna fr\u00e5n Arl\u00f6v&#8221;, d\u00e5 ekade s\u00e5ngen fr\u00e5n publiken. Fast d\u00e4r jag stod var jag omringad av \u00e4kta fans till Nationalteaterns Rockorkester, f\u00f6r de sj\u00f6ng med i alla l\u00e5tar. Sj\u00f6ng, klappade takten, viftade med armarna &#8230;<\/p>\n<p>Det g\u00e5r inte att hj\u00e4lpas, ordet magiskt kanske anv\u00e4nds lite v\u00e4l ofta men det var magiskt att se dem igen, sist jag s\u00e5g dem var i tjugo\u00e5rs\u00e5ldern och bodde i kollektiv p\u00e5 Masthugget i G\u00f6teborg.<\/p>\n<p>Mycket har \u00e4ndrats sedan dess i samh\u00e4llet, men Nationalteatern var sig lik och mycket av det politiska budskapet om \u00f6verhetens f\u00f6rtryck \u00e4r om m\u00f6jligt \u00e4nnu mer aktuellt idag. Arbetsl\u00f6sa ungdomar situation och de monotona livet f\u00f6r l\u00f6neslavar har inte f\u00f6rb\u00e4ttrats. Sorgligt nog.<\/p>\n<p>Utanf\u00f6rskapet pratar politiker g\u00e4rna om, i Nationalteaterns texter k\u00e4nner vi utsatthetens \u00e5ngest in p\u00e5 skinnet.<\/p>\n<p>2 september har Nationalteatern premi\u00e4r p\u00e5 ny revy i G\u00f6teborg. Nationalteaterns Rockorkester \u00e4r en del d\u00e4r. Snacka om att det \u00e4r ett sk\u00e4l att jag l\u00e4ngtar till G\u00f6teborg.<\/p>\n<p>PS: Tyv\u00e4rr blev v\u00e5r fotograf sjuk s\u00e5 jag fick ta bilder med Nokian och jag stod inte tillr\u00e4ckligt n\u00e4ra f\u00f6r att f\u00e5 bra bilder. Bilderna visar \u00e5tminstone hur fullt det var och kanske f\u00f6rmedlar de n\u00e5got av st\u00e4mningen.<\/p>\n<p><a href=\"http:\/\/www.nationalteatern.nu\/\">Nationalteatern och rockorkestern har en hemsida<\/a> d\u00e4r det finns en hel del information och det g\u00e5r att lyssna p\u00e5 dem <a href=\"http:\/\/www.myspace.com\/nationalteatern\">p\u00e5 Myspace ocks\u00e5.<\/a><\/p>\n<p><a href=\"http:\/\/kulturbloggen.com\/wp-content\/uploads\/2010\/08\/20100825787.jpg\"><img loading=\"lazy\" decoding=\"async\" class=\"aligncenter size-medium wp-image-23264\" title=\"20100825787\" src=\"http:\/\/kulturbloggen.com\/wp-content\/uploads\/2010\/08\/20100825787-300x225.jpg\" alt=\"\" width=\"300\" height=\"225\" \/><\/a><\/p>\n<p><a href=\"http:\/\/kulturbloggen.com\/wp-content\/uploads\/2010\/08\/20100825788.jpg\"><img loading=\"lazy\" decoding=\"async\" class=\"aligncenter size-medium wp-image-23265\" title=\"20100825788\" src=\"http:\/\/kulturbloggen.com\/wp-content\/uploads\/2010\/08\/20100825788-300x225.jpg\" alt=\"\" width=\"300\" height=\"225\" \/><\/a><\/p>\n<p>L\u00e4s \u00e4ven andra bloggares \u00e5sikter om <a href=\"http:\/\/bloggar.se\/om\/musik\" rel=\"tag\">musik<\/a>, <a href=\"http:\/\/bloggar.se\/om\/Mosebacke\" rel=\"tag\">Mosebacke<\/a>, <a href=\"http:\/\/bloggar.se\/om\/progg\" rel=\"tag\">progg<\/a>, <a href=\"http:\/\/bloggar.se\/om\/rockmusik\" rel=\"tag\">rockmusik<\/a>, <a href=\"http:\/\/bloggar.se\/om\/Nationalteaterns+Rockorkester\" rel=\"tag\">Nationalteaterns Rockorkester<\/a><\/p>\n","protected":false},"excerpt":{"rendered":"<p>Fullt \u00f6s, tv\u00e5 timmar med rock med massor av k\u00e4nsla bj\u00f6d Nationalteaterns Rockorkester p\u00e5 n\u00e4r de spelade p\u00e5 Mosebacke. En kv\u00e4ll med rock hade Nikke Str\u00f6m, basisten, lovat i Kulturbloggens intervjun f\u00f6re och det l\u00f6ftet infriade de gamla garvade rockgiganterna verkligen. Det var uts\u00e5lt och f\u00f6rv\u00e4ntningarna var h\u00f6ga i tr\u00e4ngseln kring utomhusscenen p\u00e5 Mosebacke. Tr\u00e5ngt [&hellip;]<\/p>\n","protected":false},"author":13,"featured_media":0,"comment_status":"open","ping_status":"open","sticky":false,"template":"","format":"standard","meta":{"_genesis_hide_title":false,"_genesis_hide_breadcrumbs":false,"_genesis_hide_singular_image":false,"_genesis_hide_footer_widgets":false,"_genesis_custom_body_class":"","_genesis_custom_post_class":"","_genesis_layout":"","footnotes":""},"categories":[7,16],"tags":[3786,12282,3930,4524,4803],"class_list":{"0":"post-23258","1":"post","2":"type-post","3":"status-publish","4":"format-standard","6":"category-musik","7":"category-recension","8":"tag-mosebacke","9":"tag-musik","10":"tag-nationalteaterns-rockorkester","11":"tag-progg","12":"tag-rockmusik","13":"entry"},"_links":{"self":[{"href":"https:\/\/kulturbloggen.com\/index.php?rest_route=\/wp\/v2\/posts\/23258","targetHints":{"allow":["GET"]}}],"collection":[{"href":"https:\/\/kulturbloggen.com\/index.php?rest_route=\/wp\/v2\/posts"}],"about":[{"href":"https:\/\/kulturbloggen.com\/index.php?rest_route=\/wp\/v2\/types\/post"}],"author":[{"embeddable":true,"href":"https:\/\/kulturbloggen.com\/index.php?rest_route=\/wp\/v2\/users\/13"}],"replies":[{"embeddable":true,"href":"https:\/\/kulturbloggen.com\/index.php?rest_route=%2Fwp%2Fv2%2Fcomments&post=23258"}],"version-history":[{"count":0,"href":"https:\/\/kulturbloggen.com\/index.php?rest_route=\/wp\/v2\/posts\/23258\/revisions"}],"wp:attachment":[{"href":"https:\/\/kulturbloggen.com\/index.php?rest_route=%2Fwp%2Fv2%2Fmedia&parent=23258"}],"wp:term":[{"taxonomy":"category","embeddable":true,"href":"https:\/\/kulturbloggen.com\/index.php?rest_route=%2Fwp%2Fv2%2Fcategories&post=23258"},{"taxonomy":"post_tag","embeddable":true,"href":"https:\/\/kulturbloggen.com\/index.php?rest_route=%2Fwp%2Fv2%2Ftags&post=23258"}],"curies":[{"name":"wp","href":"https:\/\/api.w.org\/{rel}","templated":true}]}}