{"id":23213,"date":"2010-08-24T17:28:53","date_gmt":"2010-08-24T15:28:53","guid":{"rendered":"http:\/\/kulturbloggen.com\/?p=23213"},"modified":"2010-08-24T17:28:53","modified_gmt":"2010-08-24T15:28:53","slug":"kungliga-operan-med-hela-baletten-i-vitabergsparken-27-28-augusti","status":"publish","type":"post","link":"https:\/\/kulturbloggen.com\/?p=23213","title":{"rendered":"Kungliga Operan med hela baletten i Vitabergsparken 27-28 augusti"},"content":{"rendered":"<p><a href=\"http:\/\/kulturbloggen.com\/wp-content\/uploads\/2010\/08\/toppbild_vitabergen.jpg\"><img loading=\"lazy\" decoding=\"async\" src=\"http:\/\/kulturbloggen.com\/wp-content\/uploads\/2010\/08\/toppbild_vitabergen-300x150.jpg\" alt=\"\" title=\"toppbild_vitabergen\" width=\"300\" height=\"150\" class=\"alignleft size-medium wp-image-23216\" \/><\/a><br \/>\nBild: Alexander Kenney<br \/>\nP\u00e5 fredag och l\u00f6rdag bjuder Kungliga Operan med k\u00f6r och &#8221;hela baletten&#8221; p\u00e5 tv\u00e5 gratisf\u00f6rest\u00e4llningar i Vitabergsparken.<\/p>\n<p>Den 27 augusti \u00e4r det baletten som f\u00e5r visa upp sig eller \u00e5tminstone delar av den och p\u00e5 l\u00f6rdag den 28 augusti klockan 18:00, \u00e4r det dags f\u00f6r n\u00e5gra operasolister att visa vad de kan. Detta g\u00e4ller ocks\u00e5 Kungliga Operans k\u00f6r och f\u00f6rest\u00e4llningarna presenteras av operachefen Birgitta Svend\u00e9n tillsammans med chefsdramaturgen Stefan Johansson.<\/p>\n<p>Sj\u00e4lv kan jag tyv\u00e4rr inte komma, men det hade varit roligt att \u00e5tminstone vara d\u00e4r p\u00e5 l\u00f6rdagen. Tyv\u00e4rr medger inte SJ:s prispolitik n\u00e5gra snabba beslut om en pl\u00f6tslig resa till Kungliga huvudstaden.<\/p>\n<p><a href=\"http:\/\/intressant.se\/intressant\">Intressant?<\/a><\/p>\n<p>L\u00e4s \u00e4ven andra bloggares \u00e5sikter om <a href=\"http:\/\/bloggar.se\/om\/Kungliga+operan+i+Vitabergsparken\" rel=\"tag\">Kungliga operan i Vitabergsparken<\/a>, <a href=\"http:\/\/bloggar.se\/om\/27-28+augusti\" rel=\"tag\">27-28 augusti<\/a>, <a href=\"http:\/\/bloggar.se\/om\/klockan18%3A00\" rel=\"tag\">klockan18:00<\/a><\/p>\n","protected":false},"excerpt":{"rendered":"<p>Bild: Alexander Kenney P\u00e5 fredag och l\u00f6rdag bjuder Kungliga Operan med k\u00f6r och &#8221;hela baletten&#8221; p\u00e5 tv\u00e5 gratisf\u00f6rest\u00e4llningar i Vitabergsparken. Den 27 augusti \u00e4r det baletten som f\u00e5r visa upp sig eller \u00e5tminstone delar av den och p\u00e5 l\u00f6rdag den 28 augusti klockan 18:00, \u00e4r det dags f\u00f6r n\u00e5gra operasolister att visa vad de kan. [&hellip;]<\/p>\n","protected":false},"author":13,"featured_media":0,"comment_status":"open","ping_status":"open","sticky":false,"template":"","format":"standard","meta":{"_genesis_hide_title":false,"_genesis_hide_breadcrumbs":false,"_genesis_hide_singular_image":false,"_genesis_hide_footer_widgets":false,"_genesis_custom_body_class":"","_genesis_custom_post_class":"","_genesis_layout":"","footnotes":""},"categories":[7],"tags":[105,3137,6267],"class_list":{"0":"post-23213","1":"post","2":"type-post","3":"status-publish","4":"format-standard","6":"category-musik","7":"tag-27-28-augusti","8":"tag-kungliga-operan-med-balett-och-kor","9":"tag-vitabergsparken","10":"entry"},"_links":{"self":[{"href":"https:\/\/kulturbloggen.com\/index.php?rest_route=\/wp\/v2\/posts\/23213","targetHints":{"allow":["GET"]}}],"collection":[{"href":"https:\/\/kulturbloggen.com\/index.php?rest_route=\/wp\/v2\/posts"}],"about":[{"href":"https:\/\/kulturbloggen.com\/index.php?rest_route=\/wp\/v2\/types\/post"}],"author":[{"embeddable":true,"href":"https:\/\/kulturbloggen.com\/index.php?rest_route=\/wp\/v2\/users\/13"}],"replies":[{"embeddable":true,"href":"https:\/\/kulturbloggen.com\/index.php?rest_route=%2Fwp%2Fv2%2Fcomments&post=23213"}],"version-history":[{"count":0,"href":"https:\/\/kulturbloggen.com\/index.php?rest_route=\/wp\/v2\/posts\/23213\/revisions"}],"wp:attachment":[{"href":"https:\/\/kulturbloggen.com\/index.php?rest_route=%2Fwp%2Fv2%2Fmedia&parent=23213"}],"wp:term":[{"taxonomy":"category","embeddable":true,"href":"https:\/\/kulturbloggen.com\/index.php?rest_route=%2Fwp%2Fv2%2Fcategories&post=23213"},{"taxonomy":"post_tag","embeddable":true,"href":"https:\/\/kulturbloggen.com\/index.php?rest_route=%2Fwp%2Fv2%2Ftags&post=23213"}],"curies":[{"name":"wp","href":"https:\/\/api.w.org\/{rel}","templated":true}]}}