{"id":23196,"date":"2010-08-24T15:52:14","date_gmt":"2010-08-24T13:52:14","guid":{"rendered":"http:\/\/kulturbloggen.com\/?p=23196"},"modified":"2012-03-23T11:23:29","modified_gmt":"2012-03-23T10:23:29","slug":"intervju-med-raubtier-om-inte-vill-bli-jamforda-med-rammstein","status":"publish","type":"post","link":"https:\/\/kulturbloggen.com\/?p=23196","title":{"rendered":"Intervju med Raubtier om inte vill bli j\u00e4mf\u00f6rda med Rammstein"},"content":{"rendered":"<p>Den 22 september sl\u00e4pps det svenska industrirockbandet Raubtiers andra skiva <em>Skriet fr\u00e5n vildmarken<\/em>, som bland annat inneh\u00e5ller singeln <em>V\u00e4rldsherrav\u00e4lde<\/em> d\u00e4r de sjunger om ett korrumperat P3.<\/p>\n<p>Kulturbloggen fick lyssna igenom deras nya skiva och tr\u00e4ffa hela bandet best\u00e5ende av Hulkoff, Buffeln och M\u00f6rsare f\u00f6r en intervju.<\/p>\n<p><strong>Vilka \u00e4r Raubtier?<\/strong><\/p>\n<p>Buffeln: Det \u00e4r vi. Tv\u00e5 tokstollar fr\u00e5n Haparanda och en tokstolle fr\u00e5n Uppsala.<\/p>\n<p><strong>Ni gick snabbt ifr\u00e5n att vara f\u00f6rh\u00e5llandevis ok\u00e4nda till att vara ett av Sverige st\u00f6rsta metalband. Hur k\u00e4nns det att ha slagit igenom \u00f6ver en natt?<\/strong><\/p>\n<p>Hulkoff: Det tar l\u00e5ng tid att bli rockstj\u00e4rnor \u00f6ver en natt. Jag och Buffeln har spelat tillsammans i tio \u00e5r. Nu p\u00e5 sistone har det b\u00f6rjat g\u00e5 j\u00e4vligt bra.<\/p>\n<p><strong>K\u00e4nner ni er som rockstj\u00e4rnor?<\/strong><\/p>\n<p>Hulkoff: Hur k\u00e4nner sig en rockstj\u00e4rna? Det \u00e4r klart att det \u00e4r smickrande n\u00e4r n\u00e5gon som g\u00e5r f\u00f6rbi oss visar sin uppskattning.<\/p>\n<p>Buffeln: Det \u00e4r m\u00e5nga som f\u00e5r hybris men vi har inte f\u00e5tt det \u00e4n och kommer troligtvis aldrig att f\u00e5 det. Vi \u00e4r de vi alltid har varit.<\/p>\n<p><strong>Vad hade ni f\u00f6r ambitioner n\u00e4r ni startade bandet?<\/strong><\/p>\n<p>M\u00f6rsare: Jag var inte med n\u00e4r de bildade bandet.<\/p>\n<p>Hulkoff: Vi n\u00f6tte i tio \u00e5r innan vi bytte namn och inriktning. V\u00e5r enda str\u00e4van \u00e4r att skapa musik som g\u00e5r rakt in i hj\u00e4rtat p\u00e5 alla som h\u00f6r. Musik som ber\u00f6r \u2013 oavsett om det \u00e4r att folk gillar eller hatar musiken \u00e4ven om det \u00e4r roligast om folk gillar den.<\/p>\n<p><strong>Andra skivan \u00e4r ofta sv\u00e5rare att skriva \u00e4n den f\u00f6rsta p\u00e5 grund av fansens f\u00f6rv\u00e4ntningar. K\u00e4nner ni n\u00e5gon press?<\/strong><\/p>\n<p>Buffeln: Nej, vi k\u00e4nner ingen press alls. Vi g\u00f6r bara musik som vi sj\u00e4lva tycker om.<\/p>\n<p>Hulkoff: Vi kan inte g\u00f6ra musik som vi inte tror p\u00e5.<\/p>\n<p><strong>Vad inspirerar er att skriva l\u00e5tar?<\/strong><\/p>\n<p>Hulkoff: Det finns inget speciellt tema men jag tar ofta upp negativa aspekter av livet. Inspiration hittar vi i vildmarken och i skogen.<\/p>\n<p>M\u00f6rsare: Jag skulle s\u00e4ga att flera av l\u00e5tarna handlar om k\u00e4mpagl\u00f6d.<\/p>\n<p><strong>I videon till <em>V\u00e4rldsherrav\u00e4lde<\/em> sl\u00e5r ni s\u00f6nder TV-apparater med ZTV:s logga och nu g\u00e5r ZTV i graven. Hur ser ni p\u00e5 det?<\/strong><\/p>\n<p>Buffeln: Det \u00e4r ju en seger f\u00f6r oss. MTV st\u00e5r n\u00e4st p\u00e5 tur.<\/p>\n<p>Hulkoff: Vi hatar mainstreamkulturen f\u00f6r den \u00e4r s\u00e5 korrumperad. Utbudet \u00e4r smalt och best\u00e5r bara av musik som inte ber\u00f6r. Jag har inte lyssnat p\u00e5 radio p\u00e5 flera \u00e5r. Det \u00e4r de stora bolagen med mycket pengar som k\u00f6per upp all medietid och det v\u00e4rsta \u00e4r att vi betalar skatt f\u00f6r public service.<\/p>\n<p><strong>Kommer ni \u00e5ka p\u00e5 turn\u00e9 efter att ni sl\u00e4ppt er nya skiva?<\/strong><\/p>\n<p>Hulkoff: Jag vi \u00e5ker p\u00e5 turn\u00e9 i Skandinavien och Tyskland tillsammans med Sabaton. Vi tar det som det kommer men h\u00f6sten b\u00f6rjar bli fullbokad.<\/p>\n<p><strong>Ni har ofta blivit j\u00e4mf\u00f6rda med Rammstein. Tycker ni det finns n\u00e5gra likheter mellan er?<\/strong><\/p>\n<p>Hulkoff: Vi blir j\u00e4mf\u00f6rda med Rammstein av journalister med ett behov att st\u00e4mpla saker. Det \u00e4r bara ett enkelt s\u00e4tt f\u00f6r dem att avskriva oss.<\/p>\n<p>M\u00f6rsare: P\u00e5 nya skivan l\u00e5ter vi inte s\u00e5 mycket som Rammstein. Likheten \u00e4r v\u00e4l att vi spelar industrirock p\u00e5 v\u00e5rt modersm\u00e5l med en teatralisk frontman.<\/p>\n<p>Hulkoff: Rammstein har inte s\u00e5 stor p\u00e5verkan p\u00e5 vad vi g\u00f6r. Jag lyssnar mest p\u00e5 Wagner, Beethoven och Eddie Meduza men vi har ingen tanke att l\u00e5ta som n\u00e5gon annan. Vi pr\u00e4glas av vad vi tycker om och jag kan inte sjunga som Joey Tempest. Jag har ingen fin, ljus st\u00e4mma. Min r\u00f6st \u00e4r pr\u00e4glad av hembr\u00e4nd sprit och tobak. Det blir vad det blir.<\/p>\n<p><strong>Hur ser ni p\u00e5 framtiden. Kommer ni fortfarande att spela <em>Kamphund<\/em> om tio \u00e5r?<\/strong><\/p>\n<p>Hulkoff: Det f\u00e5r framtiden utvisa. Vi kommer fortfarande att spela <em>Kamphund<\/em> om tio \u00e5r om det \u00e4r vad publiken vill h\u00f6ra.<\/p>\n<p>M\u00f6rsare: Mitt tips \u00e4r att alla ger nya skivan en chans och ser den med nya \u00f6gon. Jag tror vi kommer ha fullt med l\u00e5tar som folk vill h\u00f6ra ist\u00e4llet f\u00f6r <em>Kamphund<\/em> om tio \u00e5r.<\/p>\n","protected":false},"excerpt":{"rendered":"<p>Den 22 september sl\u00e4pps det svenska industrirockbandet Raubtiers andra skiva Skriet fr\u00e5n vildmarken, som bland annat inneh\u00e5ller singeln V\u00e4rldsherrav\u00e4lde d\u00e4r de sjunger om ett korrumperat P3. Kulturbloggen fick lyssna igenom deras nya skiva och tr\u00e4ffa hela bandet best\u00e5ende av Hulkoff, Buffeln och M\u00f6rsare f\u00f6r en intervju. Vilka \u00e4r Raubtier? Buffeln: Det \u00e4r vi. Tv\u00e5 tokstollar [&hellip;]<\/p>\n","protected":false},"author":3,"featured_media":0,"comment_status":"open","ping_status":"open","sticky":false,"template":"","format":"standard","meta":{"_genesis_hide_title":false,"_genesis_hide_breadcrumbs":false,"_genesis_hide_singular_image":false,"_genesis_hide_footer_widgets":false,"_genesis_custom_body_class":"","_genesis_custom_post_class":"","_genesis_layout":"","footnotes":""},"categories":[5],"tags":[],"class_list":{"0":"post-23196","1":"post","2":"type-post","3":"status-publish","4":"format-standard","6":"category-intervju","7":"entry"},"_links":{"self":[{"href":"https:\/\/kulturbloggen.com\/index.php?rest_route=\/wp\/v2\/posts\/23196","targetHints":{"allow":["GET"]}}],"collection":[{"href":"https:\/\/kulturbloggen.com\/index.php?rest_route=\/wp\/v2\/posts"}],"about":[{"href":"https:\/\/kulturbloggen.com\/index.php?rest_route=\/wp\/v2\/types\/post"}],"author":[{"embeddable":true,"href":"https:\/\/kulturbloggen.com\/index.php?rest_route=\/wp\/v2\/users\/3"}],"replies":[{"embeddable":true,"href":"https:\/\/kulturbloggen.com\/index.php?rest_route=%2Fwp%2Fv2%2Fcomments&post=23196"}],"version-history":[{"count":2,"href":"https:\/\/kulturbloggen.com\/index.php?rest_route=\/wp\/v2\/posts\/23196\/revisions"}],"predecessor-version":[{"id":51609,"href":"https:\/\/kulturbloggen.com\/index.php?rest_route=\/wp\/v2\/posts\/23196\/revisions\/51609"}],"wp:attachment":[{"href":"https:\/\/kulturbloggen.com\/index.php?rest_route=%2Fwp%2Fv2%2Fmedia&parent=23196"}],"wp:term":[{"taxonomy":"category","embeddable":true,"href":"https:\/\/kulturbloggen.com\/index.php?rest_route=%2Fwp%2Fv2%2Fcategories&post=23196"},{"taxonomy":"post_tag","embeddable":true,"href":"https:\/\/kulturbloggen.com\/index.php?rest_route=%2Fwp%2Fv2%2Ftags&post=23196"}],"curies":[{"name":"wp","href":"https:\/\/api.w.org\/{rel}","templated":true}]}}