{"id":23082,"date":"2010-08-22T15:37:40","date_gmt":"2010-08-22T13:37:40","guid":{"rendered":"http:\/\/kulturbloggen.com\/?p=23082"},"modified":"2010-08-22T15:37:40","modified_gmt":"2010-08-22T13:37:40","slug":"intervju-med-nationalteaterns-rockorkester-infor-spelningen-pa-mosebacke","status":"publish","type":"post","link":"https:\/\/kulturbloggen.com\/?p=23082","title":{"rendered":"Intervju med Nationalteaterns rockorkester inf\u00f6r spelningen p\u00e5 Mosebacke"},"content":{"rendered":"<p><a href=\"http:\/\/kulturbloggen.com\/wp-content\/uploads\/2010\/08\/nationalteaterns_rockorkest.jpg\"><img loading=\"lazy\" decoding=\"async\" src=\"http:\/\/kulturbloggen.com\/wp-content\/uploads\/2010\/08\/nationalteaterns_rockorkest-300x216.jpg\" alt=\"\" title=\"nationalteaterns_rockorkest\" width=\"300\" height=\"216\" class=\"aligncenter size-medium wp-image-23085\" \/><\/a><br \/>\nDen som \u00e4r i Stockholmstrakten den 25 augusti rekommenderas att f\u00f6rs\u00f6ka f\u00e5 biljett till Mosebacke. D\u00e5 spelar legendariska Nationalteaterns rockorkester. En kv\u00e4ll med rock, utlovas. Kulturbloggen har f\u00e5tt en intervju med Nikke Str\u00f6m fr\u00e5n Nationalteatern.<\/p>\n<p><a href=\"http:\/\/www.nationalteatern.nu\/\">Nationalteatern och rockorkestern har en hemsida<\/a> d\u00e4r det finns en hel del information och det g\u00e5r att lyssna p\u00e5 dem <a href=\"http:\/\/www.myspace.com\/nationalteatern\">p\u00e5 Myspace ocks\u00e5.<\/a><br \/>\nF\u00f6r att reda ut begreppen:<br \/>\nNationalteatern bildades som en utbrytargrupp fr\u00e5n Lilla teatern i Lund och startade Gorillateatern som var verksam p\u00e5 Kirsebergs teater i Malm\u00f6 p\u00e5 slutet av 1960-talet. Gruppen bytte namn till Nationalteatern 1969, och 1971 flyttades dess starka f\u00e4ste till G\u00f6teborg  d\u00e5 man ans\u00e5g att de sk\u00e5nska myndigheterna kr\u00e5nglat f\u00f6r mycket. (<a href=\"http:\/\/sv.wikipedia.org\/wiki\/Nationalteatern\">historiken l\u00e5nad fr\u00e5n wikipedia<\/a>).<br \/>\nNationalteatern gjorde i b\u00f6rjan sm\u00e5 spelningar och teaterupps\u00e4ttningar, och deras l\u00e5ga budget gjorde att det var sv\u00e5rt att annonsera och visa att man fanns. Pj\u00e4serna som Nationalteatern framf\u00f6rde blev alltmer politiska. Skivbolaget MNW hade h\u00f6rt talas om gruppen och gav dem chansen att spela in ett album. 1972 kom debutalbumet Ta det som ett l\u00f6fte.<br \/>\nL\u00e5tarna var smakprov fr\u00e5n Nationalteaterns pj\u00e4ser och ursprungligen egentligen inte avsedda att framf\u00f6ras separat, utanf\u00f6r sitt sammanhang. Det verkliga politiska budskapet i vissa l\u00e5tar &#8211; exempelvis Speedy Gonzales och Livet \u00e4r en fest &#8211; har d\u00e4rf\u00f6r ibland misstolkats. Dessa l\u00e5tar har ibland kommit att betraktas som f\u00f6ruts\u00e4ttningsl\u00f6s drog- och festmusik trots att det avsedda budskapet egentligen snarast varit det omv\u00e4nda.<br \/>\n1980 skildes rockgruppen fr\u00e5n teaterverksamheten och Nationalteaterns Rockorkester bildades. Denna konstellation gav ut en skiva, R\u00f6varkungens \u00f6 (1980) och genomf\u00f6rde \u00e5ret d\u00e4rp\u00e5 en avskedsturn\u00e9. Man \u00e5terf\u00f6renades 1991 med tv\u00e5 bejublade spelningar p\u00e5 Rondo i G\u00f6teborg, samt en konsert i Tr\u00e4dg\u00e5rdsf\u00f6reningen. Man har sedan dess framtr\u00e4tt mer eller mindre regelbundet. Under sommaren 2007 gjorde bandet ett tiotal spelningar.<\/p>\n<p>Rockorkestern har fortsatt att spela sedan \u00e5terf\u00f6reningen och nuvarande upps\u00e4ttning av medlemmar \u00e4r Ulf Dageby, Mattias Hellberg, Jaqee, H\u00e5kan Nyberg, Nikke Str\u00f6m och H\u00e5kan Svensson.<\/p>\n<p>F\u00f6r personer som liksom jag v\u00e4xt upp med Nationalteatern, som spelade deras l\u00e5tar i kollektivet jag bodde i med v\u00e4nner n\u00e4r jag var yngre och dansade till dem p\u00e5 Spr\u00e4ngkullen i G\u00f6teborg, \u00e4r det helt enormt att \u00e5ter g\u00e5 och h\u00f6ra dem. Det k\u00e4nns att ett rockigt politiskt band som Nationalteaterns rockorkester beh\u00f6vs mer \u00e4n n\u00e5gonsin idag n\u00e4r h\u00f6gerkrafter tar sig in och styr \u00f6verallt och f\u00f6r\u00e4ndrar v\u00e5rt samh\u00e4lle.<\/p>\n<p>Och dessutom \u00e4r Nationalteatern p\u00e5 g\u00e5ng med en revy. Den har premi\u00e4r i G\u00f6teborg 2 september.<\/p>\n<p>H\u00e4r \u00e4r intervjun med Nikke Str\u00f6m:<\/p>\n<p><strong>Inf\u00f6r spelningen p\u00e5 Mosebacke: Vad kan vi v\u00e4nta oss f\u00f6r spelning? <\/strong><br \/>\nEn rock-konsert!<\/p>\n<p><strong>Klassiska Nationalteater-l\u00e5tar, n\u00e5got nyskrivet?<\/strong><br \/>\n Ja &#038; nej!<br \/>\nJa, ni fr\u00e5gade: &#8221;klassiska l\u00e5tar&#8221; vilket jag svarade ja p\u00e5 &#038; ni fr\u00e5gade &#8221;n\u00e5got nyskrivet&#8221; vilket jag svarade nej p\u00e5. Men: hur nyskrivna l\u00e5tar har ni? Inget nyskrivet allts\u00e5!<\/p>\n<p><strong>N\u00e4r kom Jaqee med i Nationalteatern? <\/strong><br \/>\nJag \u00e4r kass p\u00e5 \u00e5rtal!<\/p>\n<p><strong>Har det f\u00f6r\u00e4ndrat er musik?<\/strong><br \/>\n Nej, f\u00f6rutom att vi b\u00f6rjade spela l\u00e5tar vi aldrig gjort live tidigare. Jaqee har flyttat till Berlin &#038; \u00e4r bara med p\u00e5 4 spelningar i \u00e5r, men det h\u00e4nder att vi spelar Ingelas S\u00e5ng, Ge Mig Mitt Liv Nu, Det Finns S\u00e5 M\u00e5nga Son Inte F\u00e5r Finnas n\u00e4r hon \u00e4r med + Hanna Fr\u00e5n Arl\u00f6v<\/p>\n<p><strong>Hur mycket beror Nationalteatern p\u00e5 vilka medlemmar som \u00e4r med f\u00f6r tillf\u00e4llet? <\/strong><br \/>\nAllt beror p\u00e5 vilka som \u00e4r med f\u00f6r tillf\u00e4llet!<\/p>\n<p><strong>Vilka projekt har ni f\u00f6r n\u00e4rmaste framtiden?<\/strong><br \/>\n Jag ska spela revy med teater-gruppen i h\u00f6st. RockOrkestern lirar ox\u00e5 lite sporadiskt. Dessutom spelar jag med en massa andra band.<\/p>\n<p><strong>Om vi uppfattat det r\u00e4tt f\u00f6rbereder ni en revy? <\/strong><br \/>\nJa, premi\u00e4r 2 sept p\u00e5 Rest Tr\u00e4dg\u00e5rn i Gbg.<\/p>\n<p><strong>Vem har skrivit den?<\/strong><br \/>\nNationalTeatern<\/p>\n<p><strong>Vad handlar den om? <\/strong><br \/>\nDet \u00e4r en nummer-revy &#038; den handlar om en massa olika saker.<\/p>\n<p><strong>Kan vi r\u00e4kna med att revyn har n\u00e5got att s\u00e4ga inf\u00f6r valet? <\/strong><br \/>\nInga kommentarer!<\/p>\n<p><strong>Hur m\u00e5nga originalmedlemmar finns kvar idag?<\/strong><br \/>\n3 i RockOrkestern.<\/p>\n<p>Hur vill ni beskriva er, var och en i tre-fyra meningar.<br \/>\nMedlemmarna i RockOrkestern \u00e4r musikanter.<br \/>\nNikke Str\u00f6m \u00e4r sammankallande. Ulf Dageby &#038; Anders Melander skrev l\u00e5tarna. Nikke h\u00e5ller oftast i mediekontakterna.<\/p>\n<p><strong>Hur viktigt \u00e4r det att skilja p\u00e5 Nationalteatern och Nationalteaterns rockorkester? <\/strong><br \/>\nV\u00e4ldigt viktigt! NT var en teatergrupp som inte l\u00e4ngre existerar (tillf\u00e4lligt undantag: 40 \u00e5rs-revyn i h\u00f6st). NTRO \u00e4r ett band som fortfarande lirar mer eller mindre regelbundet.<\/p>\n<p><strong>Har ni n\u00e5got favoritminne fr\u00e5n de m\u00e5nga \u00e5ren som rockorkester?<\/strong><br \/>\nKass p\u00e5 minnen, &#8211; jag g\u00e5r vidare!<\/p>\n<p><strong>Vilka \u00e4r er egna favoriter bland alla era klassiska l\u00e5tar? <\/strong><br \/>\nR\u00f6varkungens \u00d6<\/p>\n<p><strong>Finns det n\u00e5gon l\u00e5t ni \u00e4r s\u00e5 tr\u00f6tt p\u00e5 att ni v\u00e4grar spela den? <\/strong><br \/>\nNej, inte jag!<\/p>\n<p><strong>Hur tycker ni att proggen p\u00e5verkat dagens musik?<\/strong><br \/>\nFr\u00e5ga inte mig, fr\u00e5ga &#8221;dagens musik&#8221;!<\/p>\n<p><strong>Bor ni alla kvar i G\u00f6teborgstrakten? <\/strong><br \/>\nJa, n\u00e4stan alla, men inte Nyberg som bor i Malm\u00f6.<\/p>\n<p><strong>\u00c3r det n\u00e5got s\u00e4rskilt med G\u00f6teborg och Nationalteatern, att de liksom h\u00f6r ihop? <\/strong><br \/>\nNej, det vill jag inte p\u00e5st\u00e5.<\/p>\n<p><strong>Finns det n\u00e5gon ny musik idag som \u00e4r politisk och som ni gillar?<\/strong><br \/>\n Ja, massor! Timbuktu, Navid Modiri, Stefan Sundstr\u00f6m, Dundert\u00e5get, Lillasyster, Bruket, Kapten R\u00f6d &#8230;<\/p>\n<p><object width=\"480\" height=\"385\"><param name=\"movie\" value=\"http:\/\/www.youtube.com\/v\/M-TDh-8Ub4w?fs=1&amp;hl=sv_SE\"><\/param><param name=\"allowFullScreen\" value=\"true\"><\/param><param name=\"allowscriptaccess\" value=\"always\"><\/param><embed src=\"http:\/\/www.youtube.com\/v\/M-TDh-8Ub4w?fs=1&amp;hl=sv_SE\" type=\"application\/x-shockwave-flash\" allowscriptaccess=\"always\" allowfullscreen=\"true\" width=\"480\" height=\"385\"><\/embed><\/object><\/p>\n<p><object width=\"480\" height=\"385\"><param name=\"movie\" value=\"http:\/\/www.youtube.com\/v\/9S_rlCH4Nrg?fs=1&amp;hl=sv_SE\"><\/param><param name=\"allowFullScreen\" value=\"true\"><\/param><param name=\"allowscriptaccess\" value=\"always\"><\/param><embed src=\"http:\/\/www.youtube.com\/v\/9S_rlCH4Nrg?fs=1&amp;hl=sv_SE\" type=\"application\/x-shockwave-flash\" allowscriptaccess=\"always\" allowfullscreen=\"true\" width=\"480\" height=\"385\"><\/embed><\/object><\/p>\n<p><object width=\"480\" height=\"385\"><param name=\"movie\" value=\"http:\/\/www.youtube.com\/v\/62-fPbkoXPI?fs=1&amp;hl=sv_SE\"><\/param><param name=\"allowFullScreen\" value=\"true\"><\/param><param name=\"allowscriptaccess\" value=\"always\"><\/param><embed src=\"http:\/\/www.youtube.com\/v\/62-fPbkoXPI?fs=1&amp;hl=sv_SE\" type=\"application\/x-shockwave-flash\" allowscriptaccess=\"always\" allowfullscreen=\"true\" width=\"480\" height=\"385\"><\/embed><\/object><\/p>\n<p>L\u00e4s \u00e4ven andra bloggares \u00e5sikter om <a href=\"http:\/\/bloggar.se\/om\/politik\" rel=\"tag\">politik<\/a>, <a href=\"http:\/\/bloggar.se\/om\/Mosebacke\" rel=\"tag\">Mosebacke<\/a>, <a href=\"http:\/\/bloggar.se\/om\/intervju\" rel=\"tag\">intervju<\/a>, <a href=\"http:\/\/bloggar.se\/om\/musik\" rel=\"tag\">musik<\/a>, <a href=\"http:\/\/bloggar.se\/om\/Nationalteatern\" rel=\"tag\">Nationalteatern<\/a>, <a href=\"http:\/\/bloggar.se\/om\/revy\" rel=\"tag\">revy<\/a>, <a href=\"http:\/\/bloggar.se\/om\/G%F6teborg\" rel=\"tag\">G\u00f6teborg<\/a><\/p>\n","protected":false},"excerpt":{"rendered":"<p>Den som \u00e4r i Stockholmstrakten den 25 augusti rekommenderas att f\u00f6rs\u00f6ka f\u00e5 biljett till Mosebacke. D\u00e5 spelar legendariska Nationalteaterns rockorkester. En kv\u00e4ll med rock, utlovas. Kulturbloggen har f\u00e5tt en intervju med Nikke Str\u00f6m fr\u00e5n Nationalteatern. Nationalteatern och rockorkestern har en hemsida d\u00e4r det finns en hel del information och det g\u00e5r att lyssna p\u00e5 dem [&hellip;]<\/p>\n","protected":false},"author":2,"featured_media":0,"comment_status":"open","ping_status":"open","sticky":false,"template":"","format":"standard","meta":{"_genesis_hide_title":false,"_genesis_hide_breadcrumbs":false,"_genesis_hide_singular_image":false,"_genesis_hide_footer_widgets":false,"_genesis_custom_body_class":"","_genesis_custom_post_class":"","_genesis_layout":"","footnotes":""},"categories":[5],"tags":[2159,12281,3786,12282,3929,12284,4734],"class_list":{"0":"post-23082","1":"post","2":"type-post","3":"status-publish","4":"format-standard","6":"category-intervju","7":"tag-goteborg","8":"tag-intervju","9":"tag-mosebacke","10":"tag-musik","11":"tag-nationalteatern","12":"tag-politik","13":"tag-revy","14":"entry"},"_links":{"self":[{"href":"https:\/\/kulturbloggen.com\/index.php?rest_route=\/wp\/v2\/posts\/23082","targetHints":{"allow":["GET"]}}],"collection":[{"href":"https:\/\/kulturbloggen.com\/index.php?rest_route=\/wp\/v2\/posts"}],"about":[{"href":"https:\/\/kulturbloggen.com\/index.php?rest_route=\/wp\/v2\/types\/post"}],"author":[{"embeddable":true,"href":"https:\/\/kulturbloggen.com\/index.php?rest_route=\/wp\/v2\/users\/2"}],"replies":[{"embeddable":true,"href":"https:\/\/kulturbloggen.com\/index.php?rest_route=%2Fwp%2Fv2%2Fcomments&post=23082"}],"version-history":[{"count":0,"href":"https:\/\/kulturbloggen.com\/index.php?rest_route=\/wp\/v2\/posts\/23082\/revisions"}],"wp:attachment":[{"href":"https:\/\/kulturbloggen.com\/index.php?rest_route=%2Fwp%2Fv2%2Fmedia&parent=23082"}],"wp:term":[{"taxonomy":"category","embeddable":true,"href":"https:\/\/kulturbloggen.com\/index.php?rest_route=%2Fwp%2Fv2%2Fcategories&post=23082"},{"taxonomy":"post_tag","embeddable":true,"href":"https:\/\/kulturbloggen.com\/index.php?rest_route=%2Fwp%2Fv2%2Ftags&post=23082"}],"curies":[{"name":"wp","href":"https:\/\/api.w.org\/{rel}","templated":true}]}}