{"id":23029,"date":"2010-08-21T12:34:24","date_gmt":"2010-08-21T10:34:24","guid":{"rendered":"http:\/\/kulturbloggen.com\/?p=23029"},"modified":"2010-08-21T12:34:24","modified_gmt":"2010-08-21T10:34:24","slug":"ar-julian-assange-en-valdtaktsman-eller-ar-det-motstandarnas-taktik-for-att-sanka-wikileaks","status":"publish","type":"post","link":"https:\/\/kulturbloggen.com\/?p=23029","title":{"rendered":"Uppgifter om att Julian Assange fr\u00e5n Wikileaks \u00e4r anh\u00e5llen f\u00f6r v\u00e5ldt\u00e4kt m\u00e5ste fram, det \u00e4r i linje med Wikileaks metoder kring \u00f6ppenhet"},"content":{"rendered":"<p><a href=\"http:\/\/kulturbloggen.com\/wp-content\/uploads\/2010\/08\/julian_assange.jpg\"><img loading=\"lazy\" decoding=\"async\" src=\"http:\/\/kulturbloggen.com\/wp-content\/uploads\/2010\/08\/julian_assange-300x225.jpg\" alt=\"\" title=\"julian_assange\" width=\"300\" height=\"225\" class=\"aligncenter size-medium wp-image-22786\" \/><\/a><br \/>\n<em>Wikileaks grundare Julian Assange \u00e4r anh\u00e5llen i sin fr\u00e5nvaro misst\u00e4nkt f\u00f6r v\u00e5ldt\u00e4kt.<br \/>\n\u2013 Det handlar om v\u00e5ldt\u00e4kt och ofredande, s\u00e4ger Maria H\u00e4ljebo Kjellstrand, jour\u00e5klagare vid city \u00e5klagarkammare i Stockholm.<br \/>\nJulian Assange nekar till anklagelserna i ett mail till Aftonbladet.<\/em><br \/>\n<a href=\"http:\/\/www.aftonbladet.se\/nyheter\/article7651572.ab\">Fr\u00e5n Aftonbladet.<\/a><\/p>\n<p>Vi \u00e4r nog m\u00e5nga som k\u00e4nner kalla rysningar efter ryggraden n\u00e4r vi l\u00e4ser detta, nyheten som sl\u00e5r ut allt i svenska medier.<br \/>\nVad \u00e4r v\u00e4l ett val och en valupptakt i j\u00e4mf\u00f6relse?<\/p>\n<p>(Uppdatering: Det tog en halv dag och sedan kom en form av dementi, det svenska r\u00e4ttsstaten tog tillbaka anh\u00e5llan.<br \/>\n<a href=\"http:\/\/www.aftonbladet.se\/nyheter\/article7654861.ab\">Ur Aftonbladet:<\/a><br \/>\n<em>Men vid 16.30-tiden sl\u00e4ppte chefs\u00e5klagare Eva Finn\u00e9 n\u00e4sta bomb \u2013 hon h\u00e4vde beslutet att Assange ska anh\u00e5llas.<br \/>\n\u2013 Jag anser inte att det finns anledning att misst\u00e4nka att han har beg\u00e5tt v\u00e5ldt\u00e4kt, sa hon i ett pressmeddelande.<\/em><br \/>\n\u00d6vriga delen av detta blogginl\u00e4gg skrevs allts\u00e5 innan vi f\u00e5tt beskedet om att anh\u00e5llan h\u00e4vts. Men det vi skriver h\u00e5ller dock fortfarande: transparens och \u00f6ppenhet \u00e4r nyckeln f\u00f6r demokrati.)<\/p>\n<p>Julian Assange var ju i Sverige f\u00f6rra helgen, p\u00e5 ett seminarium arrangerat av Broderskap. <a href=\"http:\/\/kulturbloggen.com\/?p=22779\">Jag var d\u00e4r.<\/a> Det var v\u00e4rsta hajpen, Assange \u00e4r som en rockstj\u00e4rna.<\/p>\n<p>Vad jag f\u00f6rst\u00e5r har n\u00e5gon anm\u00e4lt honom till polisen, han \u00e4r allts\u00e5 inte d\u00f6md. Men han \u00e4r anh\u00e5llen.<\/p>\n<p><a href=\"http:\/\/scabernestor.blogg.se\/2010\/august\/om-det-ar-sant-ar-det-fruktansvart-men-lite.html\">Scaber Nestor uttrycker de tankar som far runt och som s\u00e4kert delas av m\u00e5nga<\/a>:<\/p>\n<blockquote><p>Man blir chockad och f\u00f6rv\u00e5nad, f\u00f6rbannad och ledsen.<br \/>\nMen samtidigt s\u00e5 kommer tvivlet som ett brev p\u00e5 posten.<br \/>\nDet \u00e4r helt enkelt lite v\u00e4l bra tajmat f\u00f6r min smak.<\/p><\/blockquote>\n<p>Fast \u00e5 andra: den kvnna eller man som v\u00e5gar st\u00e4lla sig upp och anm\u00e4la en v\u00e5ldt\u00e4kt av en s\u00e5 k\u00e4nd person m\u00e5ste vara modig.<br \/>\nHan\/hon m\u00e5ste ju veta att uppgifterna kommer att bli ifr\u00e5gasatta, v\u00e4rlden \u00f6ver av anh\u00e4ngare till det Wikileaks g\u00f6r.<br \/>\nF\u00f6r det Wikileaks g\u00f6r \u00e4r nog s\u00e5 viktigt: de allra st\u00f6rsta makthavarna, de som kan skicka ut hundratusentals m\u00e4nniskor i krig granskas.<br \/>\nDet \u00e4r absolut n\u00f6dv\u00e4ndigt att de m\u00e4ktigaste granskas.<\/p>\n<p>Fast egentligen \u00e4r det som n\u00e4r en politiker misst\u00e4nks f\u00f6r sexbrott. Det \u00e4r i s\u00e5 fall den personen som gjort fel, det har inte med den politiska ideologin att g\u00f6ra, egentligen. Fast \u00e4nd\u00e5 blir det s\u00e5, som en ren ryggm\u00e4rksreflex minskar v\u00e5rt f\u00f6rtroende f\u00f6r den politiken.<br \/>\nDet hade verkligen varit ett steg fram\u00e5t f\u00f6r den civiliserade delan av m\u00e4nniskar kropp, sj\u00e4l och ande och vi kunde skilja p\u00e5 ideologier och visioner och de m\u00e4nniskokrakar som representerar visionerna.<\/p>\n<p>Julian Assange \u00e4r, som jag inledde med, inte d\u00f6md p\u00e5 n\u00e5got vis \u00e4n. \u00c4nd\u00e5 sl\u00e5s d\u00e5 den h\u00e4r anm\u00e4lningen upp stort. Medierna har fullt sj\u00e5 med att f\u00f6rklara varf\u00f6r de valt att publicera. <a href=\"http:\/\/blogg.sydsvenskan.se\/desken\/2010\/08\/21\/darfor-publicerar-vi-uppgifterna-om-assange\/\">Som Sydsvenskan:<\/a><\/p>\n<blockquote><p>Jag tycker att man ska vara mycket f\u00f6rsiktig med att kalla n\u00e5gon namnpublicering f\u00f6r okomplicerad. Att namnge n\u00e5gon som \u00e4r misst\u00e4nkt f\u00f6r brott \u00e4r alltid komplicerat: den namngivnes liv kommer i n\u00e5gon mening att bli f\u00f6rst\u00f6rt av publiciteten, oavsett skuldfr\u00e5gan och sanningshalten i anklagelserna.<br \/>\n\u00c4nd\u00e5 v\u00e4ljer man som utgivare att g\u00e5 ut med namn n\u00e4r allm\u00e4nintresset kr\u00e4ver det, n\u00e4r uppgifterna \u00e4r av s\u00e5dan art eller magnitud att det \u00e4r en medborgerlig r\u00e4ttighet att f\u00e5 tillg\u00e5ng till dem.<br \/>\nJulian Assange \u00e4r en i allra h\u00f6gsta grad offentlig person. Att svenska myndigheter anh\u00e5ller honom in absentia, misst\u00e4nkt f\u00f6r v\u00e5ldt\u00e4kt, \u00e4r uppgifter som har ett uppenbart allm\u00e4nintresse, inte minst som h\u00e4ndelsen l\u00e4r p\u00e5verka Wikileaks.<\/p><\/blockquote>\n<p>Det \u00e4r helt klart s\u00e5 <a href=\"http:\/\/blogg.svd.se\/redaktionschefsbloggen?id=20237\">medierna resonerar<\/a>. Plus f\u00f6rst\u00e5s att om tv\u00e5 medier g\u00e5tt ut och publicerat m\u00e5ste alla andra i klickjournalistikens namn ocks\u00e5 publicera. Annars g\u00e5r deras l\u00e4sare till de andra tv\u00e5 sajterna den h\u00e4r helgen.<\/p>\n<p>Det finns dock en stor fara i det h\u00e4r:<br \/>\nI princip kan vem som helst g\u00e5 till polisen och anm\u00e4la ett brott. Polisen m\u00e5ste utreda.<br \/>\nDet \u00e4r d\u00e5 en offentlig handling.<br \/>\nAlla medier kan h\u00e4nga p\u00e5.<br \/>\nVem som helst kan i princip d\u00f6da en k\u00e4nd person hur l\u00e4tt som helst p\u00e5 det s\u00e4ttet.<br \/>\nDet spelar ingen roll hur rentv\u00e5dd han\/hon blir sedan.<br \/>\nDen publicistiska skadan och ryktesspridningen \u00e4r ig\u00e5ng.<\/p>\n<p>Fast jag vet inte vad alternativet skulle vara. Om medierna teg nu s\u00e5 skulle det ocks\u00e5 vara fel.<\/p>\n<p><a href=\"http:\/\/www.aklagare.se\/Media\/Nyheter\/Anhallen-i-sin-franvaro\/\">Uppgifterna p\u00e5 \u00c5klagarmyndighetens hemsida:<\/a><\/p>\n<blockquote><p>Jour\u00e5klagaren i Stockholm bekr\u00e4ftar medieuppgifter om att Julian Assange anh\u00e5llits i sin fr\u00e5nvaro.<\/p>\n<p>Anh\u00e5llan avser tv\u00e5 skilda h\u00e4ndelser, en anm\u00e4lan om ofredande och en anm\u00e4lan om v\u00e5ldt\u00e4kt. Assange \u00e4r anh\u00e5llen i sin fr\u00e5nvaro d\u00e5 det finns risk f\u00f6r att han kan f\u00f6rsv\u00e5ra utredningen.<\/p>\n<p>Fler uppgifter kan f\u00f6r n\u00e4rvarande inte l\u00e4mnas. Jour\u00e5klagaren har heller ingen m\u00f6jlighet att ge intervjuer.<\/p>\n<p>Om nya uppgifter kommer som kan l\u00e4mnas ut, kommer dessa att publiceras h\u00e4r.<\/p><\/blockquote>\n<p>Det \u00e4r egentligen samma sak som Wikileaks sj\u00e4lva st\u00e5r f\u00f6r: transparens.<br \/>\n\u00d6ppenhet.<br \/>\nDet \u00e4r det enda s\u00e4ttet vi kan hantera den v\u00e4rld av m\u00f6jligheter att sprida information som den fungerar idag. \u00d6ppenhet ska bem\u00f6tas med \u00f6ppenhet.<\/p>\n<p><a href=\"http:\/\/www.svd.se\/nyheter\/inrikes\/piratpartiet-paverkar-inte-samarbete-med-wikileaks_5168031.svd\">Det \u00e4r som Piratpartiets Anna Troberg s\u00e4ger i en intervju<\/a>: A<em>nklagelserna mot Julian Assange p\u00e5verkar inte Piratpartiets samarbete med Wikileaks. \u201dOrganisationen g\u00f6r ett viktigt arbete f\u00f6r demokratin\u201d, s\u00e4ger Anna Troberg, vice partiledare till SvD.se.<\/em><\/p>\n<p>\u00d6ppenhet och transparens \u00e4r vad v\u00e4rlden beh\u00f6ver &#8211; och oavsett vad Julian Assange har gjort eller inte har gjort, \u00e4r den v\u00e4gen vi m\u00e5ste g\u00e5 i dagens mediav\u00e4rld: \u00f6ppenhet. Och Wikileaks kommer helt klart att \u00f6verleva med eller utan Assange.<\/p>\n<p>\u00d6ppenhet \u00e4r en pelare f\u00f6r sanningen och redan f\u00f6r tv\u00e5tusen \u00e5r sedan sade en vis man &#8221;Sanningen ska g\u00f6ra er fria.&#8221;<br \/>\nS\u00e5 f\u00f6r att avsluta rent religi\u00f6st eller filosofiskt: \u00f6ppenheten \u00e4r en f\u00f6ruts\u00e4ttning f\u00f6r att vi ska hitta sanningen.<\/p>\n<p>&#8212;<br \/>\nFast det \u00e4r klart Wikileaks f\u00e5r sig en t\u00f6rn, som i en match d\u00e4r man g\u00e5r ner f\u00f6r r\u00e4kning i tv\u00e5 sekunder och sedan omskakad och groggy ger sig in i matchen igen.<\/p>\n<p>Relaterat:<br \/>\n<a href=\"http:\/\/www.sydsvenskan.se\/sverige\/article1208109\/Wikileaks-grundare-misstankt-for-valdtakt.html\">Sydsvenskan<\/a><br \/>\n<a href=\"http:\/\/www.expressen.se\/Nyheter\/1.2105185\/nyheten-om-assange-sprider-sig-over-varlden\">Expressen 1<\/a>, <a href=\"http:\/\/www.expressen.se\/Nyheter\/1.2104978\/emanuel-karlsten-konspirationsteorierna-kommer-att-floda\">Expressen 2<\/a>, <a href=\"http:\/\/www.svd.se\/nyheter\/inrikes\/wikileaks-frontman-misstankt-for-valdtakt_5167469.svd\">Svenska Dagbladet 1<\/a>, <a href=\"http:\/\/www.svd.se\/nyheter\/inrikes\/assange-pastaendena-ar-falska_5167691.svd\">Svenska Dagbladet 2<\/a>, <a href=\"http:\/\/www.svd.se\/nyheter\/inrikes\/anders-mildner-natet-fylls-av-skepsis-infor-anklagelserna-mot-julian-assange_5167931.svd\">Svenska Dagbladet 3<\/a>, <a href=\"http:\/\/www.dn.se\/nyheter\/varlden\/anklagelserna-skakar-wikileaks-1.1157157\">Dagens Nyheter 1<\/a>, <a href=\"http:\/\/www.dn.se\/nyheter\/varlden\/julian-assange-misstankt-for-valdtakt-1.1157154\">Dagens Nyheter 2<\/a>, <a href=\"http:\/\/www.dn.se\/nyheter\/varlden\/snabba-vandningar-i-verklighetsbilderna-1.1157159\">Dagens Nyheter 3<\/a> och <a href=\"http:\/\/www.vg.no\/nyheter\/utenriks\/artikkel.php?artid=10044554\">Verdens Gang.<\/a><\/p>\n<p>L\u00e4s \u00e4ven andra bloggares \u00e5sikter om <a href=\"http:\/\/bloggar.se\/om\/Wikileaks\" rel=\"tag\">Wikileaks<\/a>, <a href=\"http:\/\/bloggar.se\/om\/transparens\" rel=\"tag\">transparens<\/a>, <a href=\"http:\/\/bloggar.se\/om\/medier\" rel=\"tag\">medier<\/a>, <a href=\"http:\/\/bloggar.se\/om\/kulturpolitik\" rel=\"tag\">kulturpolitik<\/a>, <a href=\"http:\/\/bloggar.se\/om\/juridik\" rel=\"tag\">juridik<\/a>, <a href=\"http:\/\/bloggar.se\/om\/v%E5ldt%E4kt\" rel=\"tag\">v\u00e5ldt\u00e4kt<\/a>, <a href=\"http:\/\/bloggar.se\/om\/anh%E5llen\" rel=\"tag\">anh\u00e5llen<\/a>, <a href=\"http:\/\/bloggar.se\/om\/Assange\" rel=\"tag\">Assange<\/a>, <a href=\"http:\/\/bloggar.se\/om\/sexbrott\" rel=\"tag\">sexbrott<\/a>, <a href=\"http:\/\/bloggar.se\/om\/journalistik\" rel=\"tag\">journalistik<\/a>, <a href=\"http:\/\/bloggar.se\/om\/Piratpartiet\" rel=\"tag\">Piratpartiet<\/a><\/p>\n","protected":false},"excerpt":{"rendered":"<p>Wikileaks grundare Julian Assange \u00e4r anh\u00e5llen i sin fr\u00e5nvaro misst\u00e4nkt f\u00f6r v\u00e5ldt\u00e4kt. \u2013 Det handlar om v\u00e5ldt\u00e4kt och ofredande, s\u00e4ger Maria H\u00e4ljebo Kjellstrand, jour\u00e5klagare vid city \u00e5klagarkammare i Stockholm. Julian Assange nekar till anklagelserna i ett mail till Aftonbladet. Fr\u00e5n Aftonbladet. Vi \u00e4r nog m\u00e5nga som k\u00e4nner kalla rysningar efter ryggraden n\u00e4r vi l\u00e4ser detta, [&hellip;]<\/p>\n","protected":false},"author":2,"featured_media":0,"comment_status":"open","ping_status":"open","sticky":false,"template":"","format":"standard","meta":{"_genesis_hide_title":false,"_genesis_hide_breadcrumbs":false,"_genesis_hide_singular_image":false,"_genesis_hide_footer_widgets":false,"_genesis_custom_body_class":"","_genesis_custom_post_class":"","_genesis_layout":"","footnotes":""},"categories":[62],"tags":[287,437,2765,2811,3109,3582,5017,5945,6295,6400],"class_list":{"0":"post-23029","1":"post","2":"type-post","3":"status-publish","4":"format-standard","6":"category-medie-och-kulturpolitik","7":"tag-anhallen","8":"tag-assange","9":"tag-journalistik","10":"tag-juridik","11":"tag-kulturpolitik","12":"tag-medier","13":"tag-sexbrott","14":"tag-transparens","15":"tag-valdtakt","16":"tag-wikileaks","17":"entry"},"_links":{"self":[{"href":"https:\/\/kulturbloggen.com\/index.php?rest_route=\/wp\/v2\/posts\/23029","targetHints":{"allow":["GET"]}}],"collection":[{"href":"https:\/\/kulturbloggen.com\/index.php?rest_route=\/wp\/v2\/posts"}],"about":[{"href":"https:\/\/kulturbloggen.com\/index.php?rest_route=\/wp\/v2\/types\/post"}],"author":[{"embeddable":true,"href":"https:\/\/kulturbloggen.com\/index.php?rest_route=\/wp\/v2\/users\/2"}],"replies":[{"embeddable":true,"href":"https:\/\/kulturbloggen.com\/index.php?rest_route=%2Fwp%2Fv2%2Fcomments&post=23029"}],"version-history":[{"count":0,"href":"https:\/\/kulturbloggen.com\/index.php?rest_route=\/wp\/v2\/posts\/23029\/revisions"}],"wp:attachment":[{"href":"https:\/\/kulturbloggen.com\/index.php?rest_route=%2Fwp%2Fv2%2Fmedia&parent=23029"}],"wp:term":[{"taxonomy":"category","embeddable":true,"href":"https:\/\/kulturbloggen.com\/index.php?rest_route=%2Fwp%2Fv2%2Fcategories&post=23029"},{"taxonomy":"post_tag","embeddable":true,"href":"https:\/\/kulturbloggen.com\/index.php?rest_route=%2Fwp%2Fv2%2Ftags&post=23029"}],"curies":[{"name":"wp","href":"https:\/\/api.w.org\/{rel}","templated":true}]}}