{"id":22975,"date":"2010-08-19T18:42:01","date_gmt":"2010-08-19T16:42:01","guid":{"rendered":"http:\/\/kulturbloggen.com\/?p=22975"},"modified":"2010-08-19T18:42:01","modified_gmt":"2010-08-19T16:42:01","slug":"kristina-ohlsson-forfattaren-till-askungar-foljer-upp-med-ny-deckare-tusenskonor","status":"publish","type":"post","link":"https:\/\/kulturbloggen.com\/?p=22975","title":{"rendered":"Kristina Ohlsson, f\u00f6rfattaren till &quot;Askungar&quot;, f\u00f6ljer upp med ny deckare: &quot;Tusensk\u00f6nor&quot;"},"content":{"rendered":"<p><a href=\"http:\/\/kulturbloggen.com\/wp-content\/uploads\/2010\/08\/tusenskonor.jpg\"><img loading=\"lazy\" decoding=\"async\" src=\"http:\/\/kulturbloggen.com\/wp-content\/uploads\/2010\/08\/tusenskonor-193x300.jpg\" alt=\"\" title=\"tusenskonor\" width=\"193\" height=\"300\" class=\"aligncenter size-medium wp-image-22978\" \/><\/a><br \/>\nF\u00f6r alla som fastnade f\u00f6r den civila utredaren Fredrika Bergman hos polisv\u00e4sentet i deckaren  &#8221;Askungar&#8221; har s\u00e4kert sett fram emot lanseringen av Kristina Ohlssons uppf\u00f6ljare, &#8221;Tusensk\u00f6nor&#8221;. I den f\u00f6rsta boken handlade det mycket om barn som far illa. Bok nummer tv\u00e5 tar upp flyktingfr\u00e5gor och dubbelmoral.<\/p>\n<p>Lite kort kan handlingen beskrivas om bokf\u00f6rlaget g\u00f6r:<\/p>\n<blockquote><p>Ett \u00e4ldre pr\u00e4stpar hittas skjutna i sin l\u00e4genhet vid Odenplan. Mannen verkar ha tagit livet av sin hustru och d\u00e4refter sig sj\u00e4lv. Ett avskedsbrev f\u00f6rklarar att han inte kunde forts\u00e4tta leva efter att hans dotter beg\u00e5tt sj\u00e4lvmord.<br \/>\nInl\u00e5st i en l\u00e4genhet v\u00e4ntar Ali p\u00e5 besked. Han har flytt fr\u00e5n ett brinnande Irak och hoppas p\u00e5 en ny framtid i Sverige. Det enda hans v\u00e4lg\u00f6rare kr\u00e4ver \u00e4r en enkel byteshandel. Och att han tiger om deras uppg\u00f6relse.<br \/>\nI Bangkok h\u00e5ller en ung svensk kvinna p\u00e5 att bli avskuren fr\u00e5n omv\u00e4rlden. N\u00e5gon monterar ner hennes liv, bit f\u00f6r bit. Efterlyst av thail\u00e4ndsk polis tar hon upp jakten p\u00e5 den som f\u00f6rs\u00f6ker \u00f6del\u00e4gga hennes tillvaro.<\/p><\/blockquote>\n<p>Men nu \u00e4r Kristina Ohlsson inte en f\u00f6rfattare som g\u00f6r det enkelt f\u00f6r sig utan hon skildrar karakt\u00e4rerna p\u00e5 djupet. Kristina Ohlsson \u00e4r en sp\u00e4nnande f\u00f6rfattarpersonlighet. Hennes b\u00f6cker skildrar livet och m\u00e4nniskor p\u00e5 ett moget s\u00e4tt, som en livserfaren m\u00e4nniska kan g\u00f6ra. Men, Kristina Ohlsson \u00e4r bara cirka 30 \u00e5r. Jag vet inte exakt, men jag tyckte jag h\u00f6rde att hon \u00e4r 30. N\u00e5gon som vet b\u00e4ttre f\u00e5r r\u00e4tta mig.<br \/>\nDessutom kunde jag inte hitta n\u00e5gra uppgifter om henne i Wikipedia. Det borde \u00e5tg\u00e4rdas. Snarast. Av n\u00e5gon som har bra relationer med grindvakterna i Wikipedia.<br \/>\nJag kan knappast vara ensam om att vilja l\u00e4sa mer om Kristina Ohlsson i Wikipedia.<\/p>\n<p><a href=\"http:\/\/kulturbloggen.com\/wp-content\/uploads\/2010\/08\/bokhoraintervjuar.jpg\"><img loading=\"lazy\" decoding=\"async\" src=\"http:\/\/kulturbloggen.com\/wp-content\/uploads\/2010\/08\/bokhoraintervjuar-300x225.jpg\" alt=\"\" title=\"bokhoraintervjuar\" width=\"300\" height=\"225\" class=\"alignright size-medium wp-image-22979\" \/><\/a>Utgivningen av hennes andra bok firades p\u00e5 ett extra trevligt s\u00e4tt h\u00e4romkv\u00e4llen d\u00e5 bokf\u00f6rlaget bjudit in ett g\u00e4ng bokbloggare till att tr\u00e4ffa f\u00f6rfattaren.<br \/>\nJessica Bj\u00f6rk\u00e4ng fr\u00e5n <a href=\"http:\/\/www.bokhora.se\/blog\/\">Bokhora<\/a> intervjuade f\u00f6rfattaren bland annat.<\/p>\n<p>Hon fick f\u00f6rst\u00e5s en del fr\u00e5gor om hur hon tycker det g\u00e5r att kombinera sitt yrkesliv med att vara f\u00f6rfattare. Kristina Ohlsson \u00e4r till vardags anst\u00e4lld som s\u00e4kerhetspolitisk analytiker p\u00e5 S\u00e4po.<br \/>\nHon ber\u00e4ttade att hennes kollegor och chefer bara tyckte det var roligt att hon skriver deckare. D\u00e4remot \u00e4r det en oskriven regel att hon inte skriver om arbetet p\u00e5 S\u00e4po eller de fall hon tr\u00e4ffar p\u00e5 i sitt jobb.<br \/>\nF\u00f6r tillf\u00e4llet har hon inga planer p\u00e5 att vara f\u00f6rfattare p\u00e5 heltid.<br \/>\n&#8211; Att f\u00f6rfatta \u00e4r min fritid. Vad skulle jag g\u00f6ra p\u00e5 fritiden om jag f\u00f6rfattare p\u00e5 heltid? Skulle jag jobba p\u00e5 S\u00e4po som fritidsintresse? sade hon.<\/p>\n<p>Jag fr\u00e5gade henne hur mycket hon vet hur en bok ska sluta n\u00e4r hon b\u00f6rjar skriva.<br \/>\nHon ber\u00e4ttade att det var viktigt att hon visste hur boken skulle sluta, d\u00e4remot inte n\u00f6dv\u00e4ndigt att ha allt klart f\u00f6r sig innan hon b\u00f6rjar skriva.<\/p>\n<p>F\u00f6r dig som vill veta mer om hur det ska g\u00e5 f\u00f6r Fredrika Bremer och hennes kollegor i Alex Rechts utredningsgrupp kan jag ge det glada beskedet att bok nummer tre redan \u00e4r skriven. N\u00e4r den kommer ut i bokhandeln kunde vi inte f\u00e5 besked om. F\u00f6r tillf\u00e4llet diskuterar f\u00f6rfattaren bland annat omslag till den boken tillsammans med bokf\u00f6rlaget.<\/p>\n<p>De bloggare som var med p\u00e5 bokreleasefesten \u00e4r f\u00f6rresten:<br \/>\n<a href=\"http:\/\/bokbiten.wordpress.com\/2010\/08\/18\/releasemingel-med-kristina-ohlsson\/\">Carina Pettersson<\/a><\/p>\n<p><a href=\"http:\/\/pockethexorna.blogspot.com\/2010\/08\/vilka-har-fatt-tusenskonor-av-forlaget.html\">Gitte Olofsson fr\u00e5n Pockethexorna<\/a><br \/>\n<a href=\"http:\/\/blogg.enannansida.se\/\">Petra Jankov Picha<\/a><br \/>\n<a href=\"http:\/\/boktokig.blogspot.com\/2010\/08\/tusenskonor-av-kristina-ohlsson.html\">Eva Bostr\u00f6m p\u00e5 Boktokig<\/a><br \/>\n<a href=\"http:\/\/bokcirkelforalla.wordpress.com\/2010\/08\/19\/mysigt-mingel-pa-medelhavsmuseet-med-kristina-ohlsson\/\">Karin Berg p\u00e5 Bokcirkel f\u00f6r alla <\/a><br \/>\n<a href=\"http:\/\/skrivarmamma.blogspot.com\/\">Pernilla Alm, Skrivarmamma<\/a><\/p>\n<p><a href=\"http:\/\/nyheter24.se\/bloggar\/nyhetsbloggar\/evaemma\/446685-intellektuell-stimulans\">EvaEmma Andersson p\u00e5 Nyheter 24<\/a><br \/>\n<a href=\"http:\/\/www.finest.se\/alexerwik\">Alexander Erwik<\/a><br \/>\n<a href=\"http:\/\/www.niclasericsson.se\/\">Niclas Ericsson<\/a><br \/>\n<a href=\"http:\/\/agrell.com\/\">Maria Agrell<\/a><br \/>\n<a href=\"http:\/\/blogg.expressen.se\/tabloism\/\">Emanuel Karlsten<\/a><\/p>\n<p>H\u00e4r ett coolt klipp d\u00e4r intervjuaren tr\u00e4ffade Kristina hemma p\u00e5 bes\u00f6k fr\u00e5n en utlandstj\u00e4nstg\u00f6ring p\u00e5 UD i Bagdad.<br \/>\n<object width=\"512\" height=\"288\" classid=\"clsid:d27cdb6e-ae6d-11cf-96b8-444553540000\"  codebase=\"http:\/\/download.macromedia.com\/pub\/shockwave\/cabs\/flash\/swflash.cab#version=9,0,0,0\" id=\"widget_CS\" align=\"middle\"><param name=\"allowScriptAccess\" value=\"always\" \/><param name=\"allowFullScreen\" value=\"true\" \/><param name=\"movie\" value=\"http:\/\/www.clipsource.se\/widget02\/widget_02.swf?siteKey=7641f6352c42a97d82dc359683d0022744ad4ac1&#038;assetKey=854c56e2c208b91&#038;publisherKey=9ed8fdd163e0a01220183b9a35454f0b644a9c4c&#038;relationKey=854c56e2c208b91\" \/><param name=\"quality\" value=\"high\" \/><embed src=\"http:\/\/www.clipsource.se\/widget02\/widget_02.swf?siteKey=7641f6352c42a97d82dc359683d0022744ad4ac1&#038;assetKey=854c56e2c208b91&#038;publisherKey=9ed8fdd163e0a01220183b9a35454f0b644a9c4c&#038;relationKey=854c56e2c208b91\" quality=\"high\" width=\"512\" height=\"288\" name=\"widget_CS\" align=\"middle\" allowScriptAccess=\"always\" allowFullScreen=\"true\"><\/embed><\/object><\/p>\n<p><a href=\"http:\/\/www.smp.se\/noje_o_kultur\/bocker\/kristina-ohlsson-tusenskonor%282061797%29.gm?utm_source=feedburner&#038;utm_medium=feed&#038;utm_campaign=Feed%3A+smp-nyheter+%28SMP+Nyheter%29\">Sm\u00e5landsposten<\/a><\/p>\n<p>L\u00e4s \u00e4ven andra bloggares \u00e5sikter om <a href=\"http:\/\/bloggar.se\/om\/deckare\" rel=\"tag\">deckare<\/a>, <a href=\"http:\/\/bloggar.se\/om\/mingel\" rel=\"tag\">mingel<\/a>, <a href=\"http:\/\/bloggar.se\/om\/Kristina+Ohlsson\" rel=\"tag\">Kristina Ohlsson<\/a><\/p>\n","protected":false},"excerpt":{"rendered":"<p>F\u00f6r alla som fastnade f\u00f6r den civila utredaren Fredrika Bergman hos polisv\u00e4sentet i deckaren &#8221;Askungar&#8221; har s\u00e4kert sett fram emot lanseringen av Kristina Ohlssons uppf\u00f6ljare, &#8221;Tusensk\u00f6nor&#8221;. I den f\u00f6rsta boken handlade det mycket om barn som far illa. Bok nummer tv\u00e5 tar upp flyktingfr\u00e5gor och dubbelmoral. Lite kort kan handlingen beskrivas om bokf\u00f6rlaget g\u00f6r: Ett [&hellip;]<\/p>\n","protected":false},"author":2,"featured_media":0,"comment_status":"open","ping_status":"open","sticky":false,"template":"","format":"standard","meta":{"_genesis_hide_title":false,"_genesis_hide_breadcrumbs":false,"_genesis_hide_singular_image":false,"_genesis_hide_footer_widgets":false,"_genesis_custom_body_class":"","_genesis_custom_post_class":"","_genesis_layout":"","footnotes":""},"categories":[3],"tags":[1197,3695],"class_list":{"0":"post-22975","1":"post","2":"type-post","3":"status-publish","4":"format-standard","6":"category-litteratur","7":"tag-deckare","8":"tag-mingel","9":"entry"},"_links":{"self":[{"href":"https:\/\/kulturbloggen.com\/index.php?rest_route=\/wp\/v2\/posts\/22975","targetHints":{"allow":["GET"]}}],"collection":[{"href":"https:\/\/kulturbloggen.com\/index.php?rest_route=\/wp\/v2\/posts"}],"about":[{"href":"https:\/\/kulturbloggen.com\/index.php?rest_route=\/wp\/v2\/types\/post"}],"author":[{"embeddable":true,"href":"https:\/\/kulturbloggen.com\/index.php?rest_route=\/wp\/v2\/users\/2"}],"replies":[{"embeddable":true,"href":"https:\/\/kulturbloggen.com\/index.php?rest_route=%2Fwp%2Fv2%2Fcomments&post=22975"}],"version-history":[{"count":0,"href":"https:\/\/kulturbloggen.com\/index.php?rest_route=\/wp\/v2\/posts\/22975\/revisions"}],"wp:attachment":[{"href":"https:\/\/kulturbloggen.com\/index.php?rest_route=%2Fwp%2Fv2%2Fmedia&parent=22975"}],"wp:term":[{"taxonomy":"category","embeddable":true,"href":"https:\/\/kulturbloggen.com\/index.php?rest_route=%2Fwp%2Fv2%2Fcategories&post=22975"},{"taxonomy":"post_tag","embeddable":true,"href":"https:\/\/kulturbloggen.com\/index.php?rest_route=%2Fwp%2Fv2%2Ftags&post=22975"}],"curies":[{"name":"wp","href":"https:\/\/api.w.org\/{rel}","templated":true}]}}