{"id":22928,"date":"2010-08-18T16:31:08","date_gmt":"2010-08-18T14:31:08","guid":{"rendered":"http:\/\/kulturbloggen.com\/?p=22928"},"modified":"2010-08-18T16:31:08","modified_gmt":"2010-08-18T14:31:08","slug":"irene-huss-ar-tillbaka-i-nya-boken-den-som-vakar-i-morkret","status":"publish","type":"post","link":"https:\/\/kulturbloggen.com\/?p=22928","title":{"rendered":"Irene Huss \u00e4r tillbaka i nya boken Den som vakar i m\u00f6rkret"},"content":{"rendered":"<p>Irene Huss \u00e4r en av mina favoritdeckare p\u00e5 tv. Lite beror det f\u00f6rst\u00e5s p\u00e5 att hon tr\u00e4nar kampsport, hon tr\u00e4nar jujutsu medan jag \u00e4r karaten\u00f6rd och Tai Chi-elev.<br \/>\nMen en annat sk\u00e4l att deckarserien med henne tr\u00e4ffar s\u00e5 r\u00e4tt hos mig \u00e4r f\u00f6rst\u00e5s att serien utspelar sig i mitt \u00e4lskade G\u00f6teborg. Ett tredje sk\u00e4l \u00e4r givetvis att det \u00e4r kul, intressant och givande att huvudpersonen \u00e4r en kvinna i n\u00e5got s\u00e5 n\u00e4r samma \u00e5lder som mig och ocks\u00e5 har barn p\u00e5 v\u00e4g att bli vuxna.<br \/>\nYtterligare andra sk\u00e4l \u00e4r givetvis att de \u00e4r bra upplagda, bra ber\u00e4ttelser och r\u00e4tt v\u00e4lgjorda.<br \/>\nSerien i tv bygger p\u00e5 b\u00f6ckerna av Helene Tursten.<br \/>\nI slutet av september kommer n\u00e4sta bok i serien: Den som vakar i m\u00f6rkret.<\/p>\n<p>Jag har l\u00e4st den och n\u00e5gon form av recension kommer n\u00e4r boken sl\u00e4ppts och det \u00e4r officiell recensionsdag.<br \/>\nMen nu t\u00e4nker jag bara puffa lite f\u00f6r boken genom ett pressutskick som kommit fr\u00e5n bokf\u00f6rlaget och ett klipp kring boken.<\/p>\n<blockquote><p>Den 25 augusti utkommer Den som vakar i m\u00f6rkret, den nionde boken om Irene Huss, av Helene Tursten. Boken ligger ocks\u00e5 till grund f\u00f6r den f\u00f6rsta av ytterligare sex nya filmer som kommer att spelas in med b\u00f6rjan i oktober 2010. \u00d6vriga filmer \u00e4r baserade p\u00e5 b\u00f6ckerna En man med litet ansikte och Det l\u00f6mska n\u00e4tet samt andra originalhistorier skrivna av Helene Tursten. Angela Kov\u00e1cs \u00e5terkommer i huvudrollen som Irene Huss. Som tidigare spelar \u00e4ven Reuben Sallmander hennes make och Lasse Brandeby hennes chef. De sex f\u00f6rsta filmerna blev stora internationella succ\u00e9er och visas p\u00e5 Kanal 5 med start p\u00e5 s\u00f6ndag. Kanal 5 \u00e4r \u00e4ven med och finansierar de kommande filmerna. <\/p><\/blockquote>\n<p><object width=\"512\" height=\"288\" classid=\"clsid:d27cdb6e-ae6d-11cf-96b8-444553540000\"  codebase=\"http:\/\/download.macromedia.com\/pub\/shockwave\/cabs\/flash\/swflash.cab#version=9,0,0,0\" id=\"widget_CS\" align=\"middle\"><param name=\"allowScriptAccess\" value=\"always\" \/><param name=\"allowFullScreen\" value=\"true\" \/><param name=\"movie\" value=\"http:\/\/www.clipsource.se\/widget02\/widget_02.swf?siteKey=7641f6352c42a97d82dc359683d0022744ad4ac1&#038;assetKey=374c6bcb6ba5f6c&#038;publisherKey=a776a35ac8f628f1d02ea0ab4e3dd1038d634627&#038;relationKey=374c6bcb6ba5f6c\" \/><param name=\"quality\" value=\"high\" \/><embed src=\"http:\/\/www.clipsource.se\/widget02\/widget_02.swf?siteKey=7641f6352c42a97d82dc359683d0022744ad4ac1&#038;assetKey=374c6bcb6ba5f6c&#038;publisherKey=a776a35ac8f628f1d02ea0ab4e3dd1038d634627&#038;relationKey=374c6bcb6ba5f6c\" quality=\"high\" width=\"512\" height=\"288\" name=\"widget_CS\" align=\"middle\" allowScriptAccess=\"always\" allowFullScreen=\"true\"><\/embed><\/object><\/p>\n<p>L\u00e4s \u00e4ven andra bloggares \u00e5sikter om <a href=\"http:\/\/bloggar.se\/om\/boknytt\" rel=\"tag\">boknytt<\/a>, <a href=\"http:\/\/bloggar.se\/om\/deckare\" rel=\"tag\">deckare<\/a>, <a href=\"http:\/\/bloggar.se\/om\/videoklipp\" rel=\"tag\">videoklipp<\/a>, <a href=\"http:\/\/bloggar.se\/om\/G%F6teborg\" rel=\"tag\">G\u00f6teborg<\/a>, <a href=\"http:\/\/bloggar.se\/om\/kampsport\" rel=\"tag\">kampsport<\/a>, <a href=\"http:\/\/bloggar.se\/om\/Irene+Huss\" rel=\"tag\">Irene Huss<\/a>, <a href=\"http:\/\/bloggar.se\/om\/Helene+Tursten\" rel=\"tag\">Helene Tursten<\/a><\/p>\n","protected":false},"excerpt":{"rendered":"<p>Irene Huss \u00e4r en av mina favoritdeckare p\u00e5 tv. Lite beror det f\u00f6rst\u00e5s p\u00e5 att hon tr\u00e4nar kampsport, hon tr\u00e4nar jujutsu medan jag \u00e4r karaten\u00f6rd och Tai Chi-elev. Men en annat sk\u00e4l att deckarserien med henne tr\u00e4ffar s\u00e5 r\u00e4tt hos mig \u00e4r f\u00f6rst\u00e5s att serien utspelar sig i mitt \u00e4lskade G\u00f6teborg. Ett tredje sk\u00e4l \u00e4r [&hellip;]<\/p>\n","protected":false},"author":2,"featured_media":0,"comment_status":"open","ping_status":"open","sticky":false,"template":"","format":"standard","meta":{"_genesis_hide_title":false,"_genesis_hide_breadcrumbs":false,"_genesis_hide_singular_image":false,"_genesis_hide_footer_widgets":false,"_genesis_custom_body_class":"","_genesis_custom_post_class":"","_genesis_layout":"","footnotes":""},"categories":[3],"tags":[785,1197,2159,2848],"class_list":{"0":"post-22928","1":"post","2":"type-post","3":"status-publish","4":"format-standard","6":"category-litteratur","7":"tag-boknytt","8":"tag-deckare","9":"tag-goteborg","10":"tag-kampsport","11":"entry"},"_links":{"self":[{"href":"https:\/\/kulturbloggen.com\/index.php?rest_route=\/wp\/v2\/posts\/22928","targetHints":{"allow":["GET"]}}],"collection":[{"href":"https:\/\/kulturbloggen.com\/index.php?rest_route=\/wp\/v2\/posts"}],"about":[{"href":"https:\/\/kulturbloggen.com\/index.php?rest_route=\/wp\/v2\/types\/post"}],"author":[{"embeddable":true,"href":"https:\/\/kulturbloggen.com\/index.php?rest_route=\/wp\/v2\/users\/2"}],"replies":[{"embeddable":true,"href":"https:\/\/kulturbloggen.com\/index.php?rest_route=%2Fwp%2Fv2%2Fcomments&post=22928"}],"version-history":[{"count":0,"href":"https:\/\/kulturbloggen.com\/index.php?rest_route=\/wp\/v2\/posts\/22928\/revisions"}],"wp:attachment":[{"href":"https:\/\/kulturbloggen.com\/index.php?rest_route=%2Fwp%2Fv2%2Fmedia&parent=22928"}],"wp:term":[{"taxonomy":"category","embeddable":true,"href":"https:\/\/kulturbloggen.com\/index.php?rest_route=%2Fwp%2Fv2%2Fcategories&post=22928"},{"taxonomy":"post_tag","embeddable":true,"href":"https:\/\/kulturbloggen.com\/index.php?rest_route=%2Fwp%2Fv2%2Ftags&post=22928"}],"curies":[{"name":"wp","href":"https:\/\/api.w.org\/{rel}","templated":true}]}}