{"id":22896,"date":"2010-08-17T18:56:22","date_gmt":"2010-08-17T16:56:22","guid":{"rendered":"http:\/\/kulturbloggen.com\/?p=22896"},"modified":"2010-08-17T18:56:22","modified_gmt":"2010-08-17T16:56:22","slug":"lokala-moderaters-kreativa-laganvandning","status":"publish","type":"post","link":"https:\/\/kulturbloggen.com\/?p=22896","title":{"rendered":"Lokala moderaters kreativa laganv\u00e4ndning"},"content":{"rendered":"<p><a href=\"http:\/\/kulturbloggen.com\/wp-content\/uploads\/2010\/08\/radan_sollentuna.jpg\"><img loading=\"lazy\" decoding=\"async\" src=\"http:\/\/kulturbloggen.com\/wp-content\/uploads\/2010\/08\/radan_sollentuna-300x200.jpg\" alt=\"\" title=\"radan_sollentuna\" width=\"300\" height=\"200\" class=\"aligncenter size-medium wp-image-22897\" \/><\/a><br \/>\n<span style=\"font-family: Georgia; font-size: small;\">Vad g\u00f6r man om l\u00e4nsr\u00e4tten beslutat  att ett bygglov inte \u00e4r giltigt, och stoppat bygget? Ja, man tar ett  nytt bygglovsbeslut! Detta avser moderaterna att g\u00f6ra i Sollentuna  i n\u00e4sta vecka. P\u00e5\u00a0s\u00e5\u00a0s\u00e4tt har man t\u00e4nkt komma undan l\u00e4nsr\u00e4ttens  dom. Beslutet g\u00e4ller en ombyggnation av en kulturfastighet till skola:  R\u00e5dan i Silverdal, en fastighet som \u00e4gs av Skanska och ska drivas  av Futuraskolan AB.<\/p>\n<p>Med anledning av denna kreativa laganv\u00e4ndning s\u00e5 erinrar jag mig n\u00e5gra  h\u00e4ndelser under de g\u00e5ngna \u00e5ren h\u00e4r i Sollentuna.<\/p>\n<p>Moderaterna inf\u00f6rde flexibel skolstart i Sollentuna trots att det <\/span><a href=\"http:\/\/sverigesradio.se\/sida\/artikel.aspx?programid=83&amp;artikel=558039\" target=\"_blank\"><span style=\"font-family: Georgia; color: #cc0000; font-size: small;\">inte var lagligt<\/span><\/a><span style=\"font-family: Georgia; font-size: small;\">. Regeringen och Skolverket sade nej men Sollentuna  kommun, som pr\u00f6vat det h\u00e4r i tv\u00e5 \u00e5r, <\/span><a href=\"http:\/\/www.dagenssamhalle.se\/nyheter\/sollentuna-trotsar-lag-om-skolstart-1042\" target=\"_blank\"><span style=\"font-family: Georgia; color: #cc0000; font-size: small;\">fortsatte<\/span><\/a><span style=\"font-family: Georgia; font-size: small;\"> och trotsade lagen.<\/p>\n<p>Moderaterna i Sollentuna inf\u00f6rde ocks\u00e5 en <\/span><a href=\"http:\/\/sverigesradio.se\/sida\/artikel.aspx?programid=83&amp;artikel=1534276\" target=\"_blank\"><span style=\"font-family: Georgia; color: #cc0000; font-size: small;\">egen  variant <\/span><\/a><span style=\"font-family: Georgia; font-size: small;\">av kommunalt v\u00e5rdnadsbidrag  som stoppades i l\u00e4nsr\u00e4tten f\u00f6r att den var<\/span><a href=\"http:\/\/mobil.svt.se\/svt\/jsp\/Crosslink.jsp?showResults2069998=true&amp;a=624930&amp;d=22620SR\" target=\"_blank\"><span style=\"font-family: Georgia; color: #cc0000; font-size: small;\"> olaglig<\/span><\/a><span style=\"font-family: Georgia; font-size: small;\">.  Ordf\u00f6randen i n\u00e4mnden, Maria Stockhaus (M) sade till <\/span><a href=\"http:\/\/www.dn.se\/sthlm\/daligt-intresse-for-kommunalt-vardnadsbidrag-1.664481\" target=\"_blank\"><span style=\"font-family: Georgia; color: #cc0000; font-size: small;\">DN<\/span><\/a><span style=\"font-family: Georgia; font-size: small;\">:  &#8221;Det h\u00e4r \u00e4r politik. Den som vill genomf\u00f6ra en stor f\u00f6r\u00e4ndring  mot etablissemangets vilja m\u00e5ste g\u00f6ra s\u00e5 h\u00e4r&#8221;. <\/span><\/p>\n<p><span style=\"font-family: Georgia; font-size: small;\">I en debatt i kommunfullm\u00e4ktige menade  Torbj\u00f6rn Rosdahl (M), kommunstyrelsens ordf\u00f6rande att moderaterna  alltid har utmanat dumma lagar och regler. <strong>Hur stort  \u00e4r utrymmet f\u00f6r medborgarna att utmana dumma lagar och regler? Eller  f\u00f6r eleverna i skolan?<\/strong> <strong>\u00c4r det en r\u00e4tt som bara  \u00e4r f\u00f6rbeh\u00e5llet moderata politiker?<br \/>\n<\/strong><br \/>\n2008 s\u00e5lde kommunens borgerliga majoritet Norrvikens och Stallets skolor  till enskilda utf\u00f6rare som hade bildat friskolor, en s\u00e5 kallad avknoppning.  Detta var efter att gymnasieskolan Tibble i T\u00e4by s\u00e5lts och avknoppning  mer eller mindre blivit olagligt.  I betalningsvillkoren ingick att  kommunen l\u00e5nade ut pengar till k\u00f6paren, dvs. agerade bank. Besluten  blev \u00f6verklagade och de beslut som g\u00e4llde betalningsvillkoren visade  sig strida mot kommunallagen. Se Wanng\u00e5rd beskriva detta <\/span><a href=\"http:\/\/www.wanngard.se\/http___www.tvsollentuna.se\/GR_kammardom_allt.html\" target=\"_blank\"><span style=\"font-family: Georgia; color: #cc0000; font-size: small;\">h\u00e4r<\/span><\/a><span style=\"font-family: Georgia; font-size: small;\">.<\/p>\n<p>Nu, i augusti 2010, \u00e4r det allts\u00e5 dags igen. Ett friskolebolag har  br\u00e5ttom \u2013 deras tillst\u00e5nd att starta g\u00e4ller bara om skolan startar  nu i h\u00f6st. Skanska vill hyra ut byggnaden. F\u00f6r tydlighetens skull:  detta \u00e4r en friskola som hyr lokal av en privat \u00e4gare, Skanska, p\u00e5  Skanskas mark. Kommunen har inte ett dugg med driften av skolan att  g\u00f6ra. D\u00e5 sammankallar moderaterna till ett nytt m\u00f6te med milj\u00f6-  och byggnadsn\u00e4mnden f\u00f6r att besluta om ett nytt bygglov. Kommunens  jurister \u00e4r inkopplade. Allt i syfte att \u201dskolan ska komma ig\u00e5ng\u201d.  Br\u00e5dskan beror inte p\u00e5 Sollentuna kommuns behov av skolor, d\u00e5 alla  barn i kommunen hade valt och f\u00e5tt skolplats vid sommarlovets b\u00f6rjan.<\/p>\n<p><strong>Varf\u00f6r anstr\u00e4nger sig moderaterna s\u00e5  f\u00f6r att f\u00e5 detta i hamn att man \u00e4r beredd att kringg\u00e5  l\u00e4nsr\u00e4ttens beslut? Vilka intressen har moderaterna av att denna aff\u00e4r  g\u00e5r i l\u00e5s?<\/strong><\/p>\n<p>Jag har tidigare skrivit om detta i flera inl\u00e4gg <\/span><a href=\"http:\/\/www.annavikstrom.com\/2010\/06\/radan-skola-i-silverdal.html\" target=\"_blank\"><span style=\"font-family: Georgia; color: #cc0000; font-size: small;\">h\u00e4r<\/span><\/a><span style=\"font-family: Georgia; font-size: small;\">, <\/span><a href=\"http:\/\/www.annavikstrom.com\/2010\/06\/skola-men-inte-forskola-i-silverdal.html\" target=\"_blank\"><span style=\"font-family: Georgia; color: #cc0000; font-size: small;\">h\u00e4r<\/span><\/a><span style=\"font-family: Georgia; font-size: small;\"> och <\/span><a href=\"http:\/\/www.annavikstrom.com\/2010\/07\/barnvanligt.html\" target=\"_blank\"><span style=\"font-family: Georgia; color: #cc0000; font-size: small;\">h\u00e4r<\/span><\/a><span style=\"font-family: Georgia; font-size: small;\"> om lokalen, transporterna och s\u00e4kerheten.<\/span><\/p>\n<p><span style=\"font-family: Times New Roman; font-size: small;\">Anna Vikstr\u00f6m (S), lokalpolitiker  i Sollentuna och riksdagskandidat <\/span><a href=\"http:\/\/www.annavikstrom.com\/\" target=\"_blank\"><span style=\"font-family: Times New Roman; color: #cc0000; font-size: small;\">www.annavikstrom.com<\/span><\/a><\/p>\n<p>L\u00e4s \u00e4ven andra bloggares \u00e5sikter om <a href=\"http:\/\/bloggar.se\/om\/Sollentuna\" rel=\"tag\">Sollentuna<\/a><\/p>\n","protected":false},"excerpt":{"rendered":"<p>Vad g\u00f6r man om l\u00e4nsr\u00e4tten beslutat att ett bygglov inte \u00e4r giltigt, och stoppat bygget? Ja, man tar ett nytt bygglovsbeslut! Detta avser moderaterna att g\u00f6ra i Sollentuna i n\u00e4sta vecka. P\u00e5\u00a0s\u00e5\u00a0s\u00e4tt har man t\u00e4nkt komma undan l\u00e4nsr\u00e4ttens dom. Beslutet g\u00e4ller en ombyggnation av en kulturfastighet till skola: R\u00e5dan i Silverdal, en fastighet som \u00e4gs [&hellip;]<\/p>\n","protected":false},"author":13,"featured_media":0,"comment_status":"open","ping_status":"open","sticky":false,"template":"","format":"standard","meta":{"_genesis_hide_title":false,"_genesis_hide_breadcrumbs":false,"_genesis_hide_singular_image":false,"_genesis_hide_footer_widgets":false,"_genesis_custom_body_class":"","_genesis_custom_post_class":"","_genesis_layout":"","footnotes":""},"categories":[62],"tags":[5249],"class_list":{"0":"post-22896","1":"post","2":"type-post","3":"status-publish","4":"format-standard","6":"category-medie-och-kulturpolitik","7":"tag-sollentuna","8":"entry"},"_links":{"self":[{"href":"https:\/\/kulturbloggen.com\/index.php?rest_route=\/wp\/v2\/posts\/22896","targetHints":{"allow":["GET"]}}],"collection":[{"href":"https:\/\/kulturbloggen.com\/index.php?rest_route=\/wp\/v2\/posts"}],"about":[{"href":"https:\/\/kulturbloggen.com\/index.php?rest_route=\/wp\/v2\/types\/post"}],"author":[{"embeddable":true,"href":"https:\/\/kulturbloggen.com\/index.php?rest_route=\/wp\/v2\/users\/13"}],"replies":[{"embeddable":true,"href":"https:\/\/kulturbloggen.com\/index.php?rest_route=%2Fwp%2Fv2%2Fcomments&post=22896"}],"version-history":[{"count":0,"href":"https:\/\/kulturbloggen.com\/index.php?rest_route=\/wp\/v2\/posts\/22896\/revisions"}],"wp:attachment":[{"href":"https:\/\/kulturbloggen.com\/index.php?rest_route=%2Fwp%2Fv2%2Fmedia&parent=22896"}],"wp:term":[{"taxonomy":"category","embeddable":true,"href":"https:\/\/kulturbloggen.com\/index.php?rest_route=%2Fwp%2Fv2%2Fcategories&post=22896"},{"taxonomy":"post_tag","embeddable":true,"href":"https:\/\/kulturbloggen.com\/index.php?rest_route=%2Fwp%2Fv2%2Ftags&post=22896"}],"curies":[{"name":"wp","href":"https:\/\/api.w.org\/{rel}","templated":true}]}}