{"id":22854,"date":"2010-08-17T12:26:44","date_gmt":"2010-08-17T10:26:44","guid":{"rendered":"http:\/\/kulturbloggen.com\/?p=22854"},"modified":"2010-08-17T12:26:44","modified_gmt":"2010-08-17T10:26:44","slug":"teaterfestival-i-dagarna-tre-om-den-moderna-vastvarldsmanniskans-hysteriska-framgangshets-och-omgivningens-krav-pa-oss-eller-ar-det-vara-egna","status":"publish","type":"post","link":"https:\/\/kulturbloggen.com\/?p=22854","title":{"rendered":"Teaterfestival i dagarna tre om den moderna v\u00e4stv\u00e4rldsm\u00e4nniskans hysteriska framg\u00e5ngshets och omgivningens krav p\u00e5 oss &#8211; eller \u00e4r det v\u00e5ra egna?"},"content":{"rendered":"<p><a href=\"http:\/\/kulturbloggen.com\/wp-content\/uploads\/2010\/08\/toberornotto_affischfestival_41909.jpg\"><img loading=\"lazy\" decoding=\"async\" src=\"http:\/\/kulturbloggen.com\/wp-content\/uploads\/2010\/08\/toberornotto_affischfestival_41909-219x300.jpg\" alt=\"\" title=\"toberornotto_affischfestival_41909\" width=\"219\" height=\"300\" class=\"aligncenter size-medium wp-image-22856\" \/><\/a><\/p>\n<p>Festivalen To be or not to &#8230;\u00e4r en teaterfestival i Stockholm p\u00e5 Teater Replica i tre dagar: 26-28 augusti 2010.<\/p>\n<p>En liten programf\u00f6rklaring till festivalen:<br \/>\n<em>Teaterfestival p\u00e5 tematiken den moderna v\u00e4stv\u00e4rldsm\u00e4nniskans hysteriska framg\u00e5ngshets och omgivningens krav p\u00e5 oss &#8211; eller \u00e4r det v\u00e5ra egna?<\/em><\/p>\n<p>Det l\u00e5ter mycket intressant, tycker jag. Det blir inte bara teaterf\u00f6rest\u00e4llningar utan ocks\u00e5 film, livemusik, reading, konst och semiarium.<\/p>\n<p>Medverkande bland andra:<br \/>\nDramalabbet<br \/>\nLotti T\u00f6rnros<br \/>\nBouffonteatern<br \/>\nTeater Lacrimosa<br \/>\nImprovisat\u00f6rer fr\u00e5n Impro o C:o<br \/>\nBabe Janice<br \/>\nTeater Pseudo<br \/>\nBorderline Production<br \/>\nStockholms Filmskola<br \/>\nTeater Plagiat<br \/>\nTeater Accent<br \/>\nCommedia Gillet<br \/>\nAbsoluta Publik Scenkonst<br \/>\nDramatiker fr\u00e5n Dramalabbet<br \/>\nkiN<\/p>\n<p><a href=\"http:\/\/www.infoom.se\/mysite\/index.php?user=11710\/\">H\u00e4r kan du l\u00e4sa mer om teaterfestivalen och best\u00e4lla biljetter.<\/a><\/p>\n<p>L\u00e4s \u00e4ven andra bloggares \u00e5sikter om <a href=\"http:\/\/bloggar.se\/om\/teater\" rel=\"tag\">teater<\/a>, <a href=\"http:\/\/bloggar.se\/om\/teaterfestival\" rel=\"tag\">teaterfestival<\/a>, <a href=\"http:\/\/bloggar.se\/om\/existentiellt\" rel=\"tag\">existentiellt<\/a><\/p>\n","protected":false},"excerpt":{"rendered":"<p>Festivalen To be or not to &#8230;\u00e4r en teaterfestival i Stockholm p\u00e5 Teater Replica i tre dagar: 26-28 augusti 2010. En liten programf\u00f6rklaring till festivalen: Teaterfestival p\u00e5 tematiken den moderna v\u00e4stv\u00e4rldsm\u00e4nniskans hysteriska framg\u00e5ngshets och omgivningens krav p\u00e5 oss &#8211; eller \u00e4r det v\u00e5ra egna? Det l\u00e5ter mycket intressant, tycker jag. Det blir inte bara teaterf\u00f6rest\u00e4llningar [&hellip;]<\/p>\n","protected":false},"author":13,"featured_media":0,"comment_status":"open","ping_status":"open","sticky":false,"template":"","format":"standard","meta":{"_genesis_hide_title":false,"_genesis_hide_breadcrumbs":false,"_genesis_hide_singular_image":false,"_genesis_hide_footer_widgets":false,"_genesis_custom_body_class":"","_genesis_custom_post_class":"","_genesis_layout":"","footnotes":""},"categories":[20,30],"tags":[1615,12288,5653],"class_list":{"0":"post-22854","1":"post","2":"type-post","3":"status-publish","4":"format-standard","6":"category-film","7":"category-teater","8":"tag-existentiellt","9":"tag-teater","10":"tag-teaterfestival","11":"entry"},"_links":{"self":[{"href":"https:\/\/kulturbloggen.com\/index.php?rest_route=\/wp\/v2\/posts\/22854","targetHints":{"allow":["GET"]}}],"collection":[{"href":"https:\/\/kulturbloggen.com\/index.php?rest_route=\/wp\/v2\/posts"}],"about":[{"href":"https:\/\/kulturbloggen.com\/index.php?rest_route=\/wp\/v2\/types\/post"}],"author":[{"embeddable":true,"href":"https:\/\/kulturbloggen.com\/index.php?rest_route=\/wp\/v2\/users\/13"}],"replies":[{"embeddable":true,"href":"https:\/\/kulturbloggen.com\/index.php?rest_route=%2Fwp%2Fv2%2Fcomments&post=22854"}],"version-history":[{"count":0,"href":"https:\/\/kulturbloggen.com\/index.php?rest_route=\/wp\/v2\/posts\/22854\/revisions"}],"wp:attachment":[{"href":"https:\/\/kulturbloggen.com\/index.php?rest_route=%2Fwp%2Fv2%2Fmedia&parent=22854"}],"wp:term":[{"taxonomy":"category","embeddable":true,"href":"https:\/\/kulturbloggen.com\/index.php?rest_route=%2Fwp%2Fv2%2Fcategories&post=22854"},{"taxonomy":"post_tag","embeddable":true,"href":"https:\/\/kulturbloggen.com\/index.php?rest_route=%2Fwp%2Fv2%2Ftags&post=22854"}],"curies":[{"name":"wp","href":"https:\/\/api.w.org\/{rel}","templated":true}]}}