{"id":22779,"date":"2010-08-14T16:30:46","date_gmt":"2010-08-14T14:30:46","guid":{"rendered":"http:\/\/kulturbloggen.com\/?p=22779"},"modified":"2010-08-14T16:30:46","modified_gmt":"2010-08-14T14:30:46","slug":"mote-med-julian-assange-wikileaks-grundare-krigets-forsta-offer-ar-sanningen","status":"publish","type":"post","link":"https:\/\/kulturbloggen.com\/?p=22779","title":{"rendered":"M\u00f6te med Julian Assange, Wikileaks grundare: Krigets f\u00f6rsta offer \u00e4r sanningen"},"content":{"rendered":"<p><a href=\"http:\/\/kulturbloggen.com\/wp-content\/uploads\/2010\/08\/julian_assange.jpg\"><img loading=\"lazy\" decoding=\"async\" src=\"http:\/\/kulturbloggen.com\/wp-content\/uploads\/2010\/08\/julian_assange-300x225.jpg\" alt=\"\" title=\"julian_assange\" width=\"300\" height=\"225\" class=\"aligncenter size-medium wp-image-22786\" \/><\/a><br \/>\nKrigets f\u00f6rsta offer \u00e4r sanningen. det var titeln p\u00e5 ett seminarium som <a href=\"http:\/\/www.socialdemokraterna.se\/broderskap\">Broderskap, kristna socialdemokrater<\/a>, arrangerade p\u00e5 l\u00f6rdagen. Talare var Julian Assange, <a href=\"http:\/\/www.wikileaks.org\/\">Wikileaks grundare<\/a>.<br \/>\nBeh\u00f6ver jag s\u00e4ga att det blev ett stort mediauppb\u00e5d och s\u00e5 stort intresse f\u00f6r det att inte alla fick plats i den trots allt r\u00e4tt stora plenisalen hos LO?<br \/>\nVi som av olika sk\u00e4l inte kunnat \u00e5ka till den lilla \u00f6n Tj\u00e4r\u00f6 utanf\u00f6r Blekinges kust d\u00e4r alla svenska sociala medier-experter samlas i helgen fick en bra tr\u00f6st i och med det h\u00e4r seminariet.<\/p>\n<p>Stater har historien igenom varit ytterst medvetna om att n\u00e4r det \u00e4r krig kan sanningen vara farlig. Men det \u00e4r sanningen vi beh\u00f6ver veta. Sanningen kan vara det b\u00e4sta vapnet mot krig. D\u00e4r har Wkileaks sin roll, genom att ta p\u00e5 sig rollen att publicera dokument som enskilda inte v\u00e5gar publicera.<\/p>\n<p>Julian Assange ber\u00e4ttade om Wikileaks och svarade p\u00e5 fr\u00e5gor. En fr\u00e5ga han dock v\u00e4grade att svara p\u00e5 var vem han sj\u00e4lv var som person.<br \/>\n&#8211; Jag \u00e4r h\u00e4r f\u00f6r att jag representerar Wikileaks, sade han best\u00e4mt.<\/p>\n<p>En reporter fr\u00e5n en finsk tv-kanal fr\u00e5gade om han \u00f6verv\u00e4gt att inte publicera n\u00e5got p\u00e5 grund av s\u00e4kerheten f\u00f6r stater.<\/p>\n<p>&#8211; V\u00e5r uppgift \u00e4r att publicera dokument. Vi skulle aldrig hindra oss med h\u00e4nsyn till staters s\u00e4kerhet, sade han. F\u00f6r soldater kanske, de \u00e4r ju individer, m\u00e4nniskor. Fast \u00e5 andra sidan brukar soldater vara de som \u00e4r mest skyddade i krig. Civilbefolkning \u00e4r oftast mycket mer utsatt.<\/p>\n<p>Att av Wikileaks huvudserverar stor p\u00e5 svensk mark. Wkileaks bygger upp en stor del av sin verksamhet utifr\u00e5n svenska och belgiska lagar, som \u00e4r de som b\u00e4st skydda r\u00e4tten att publicera. Det har diskuterats i svenska medier om Wikileaks verkligen skyddas av svenska lagar f\u00f6r publicering. P\u00e5 en fr\u00e5ga om detta kommenterade han att p\u00e5 s\u00e4tt och vis spelar lagarna inte s\u00e5 stor roll eftersom de organisationer som vill hindra honom inte direkt tar h\u00e4nsyn till l\u00e4nders lagar.<\/p>\n<p>Wikileaks kan inte tvingas l\u00e4mna sina k\u00e4llor eftersom de aldrig l\u00e4gger ner n\u00e5gon m\u00f6da p\u00e5 att kontrollera vem k\u00e4llan \u00e4r.<br \/>\n&#8211; Det vi noga kontrollerar \u00e4r d\u00e4remot dokumenten, vi l\u00e4gger ner stor kraft p\u00e5 att verifiera att dokumenten \u00e4r \u00e4kta, sade han.<\/p>\n<p>F\u00f6r dagen hade han med sig dokument med en rapport fr\u00e5n CIA om hur organisationen och dess anst\u00e4llda ska arbeta f\u00f6r att \u00f6ka st\u00f6det i V\u00e4steuropa f\u00f6r kriget i Afganistan.<\/p>\n<p>Pentagon har kr\u00e4vt att Wikileaks ska dra tillbaka l\u00e4ckta dokument fr\u00e5n kriget i Afghanistan. Men det har Assange absolut inga planer p\u00e5. I st\u00e4llet sl\u00e4pper Wikileaks snart ytterligare 15.000 sidor av information fr\u00e5n Afghanistan.<\/p>\n<p>En person i publiken fr\u00e5gade om de bara publicerar dokument om krig, om de aldrig funderat p\u00e5 att visa dokument som avsl\u00f6jar barnarbete, till exempel.<\/p>\n<p>&#8211; Vi f\u00e5r liknande fr\u00e5gor d\u00e5 och d\u00e5, sade han. Som tobaksindustrin, till exempel. Jag har kollat runt och det finns redan en hel del dokument som avsl\u00f6jar tobaksindustrin. Fast det verkar inte intressera m\u00e4nniskor s\u00e4rskilt mycket. Det som engagerar m\u00e4nniskor \u00e4r fr\u00e5gan om krig och fred.<\/p>\n<p>Han dementerade kraftigt rykten som florerar om att Amnesty ska ha kritiserat Wikileaks.<br \/>\n&#8211; Det \u00e4r n\u00e5gra medier som f\u00f6rvr\u00e4ngt uppgifter, menade han. Det var en anst\u00e4lld p\u00e5 ett kontor i Storbritannien som mailade oss n\u00e5gra fr\u00e5gor och som sedan kontrollerade v\u00e5rt material, vilket i v\u00e4lkomnar. Det \u00e4r allt. Vi har inte f\u00e5tt n\u00e5gon kritik fr\u00e5n Amnesty som organisation.<\/p>\n<p>Vi i Sverige kommer helt klart att f\u00e5 h\u00f6ra mer fr\u00e5n honom, <a href=\"http:\/\/www.aftonbladet.se\/nyheter\/article7616188.ab\">han har blivit rekryterad som kolumnist till Aftonbladet.<\/a><\/p>\n<p><a href=\"http:\/\/www.dn.se\/nyheter\/varlden\/sverige-viktigt-for-wikileaks-1.1153833\">Dagens Nyheter var ocks\u00e5 p\u00e5 seminariet:<\/a><\/p>\n<blockquote><p>Sverige spelar en viktig roll f\u00f6r Wikileaks arbete. Det finns en industri i Sverige f\u00f6r en ny typ av flyktingar, vilket \u00e4r journalister och publicister, anser grundaren Julian Assange.<\/p><\/blockquote>\n<p><a href=\"http:\/\/blog.akenine.net\/2010\/08\/14\/vem-r-wikileaks\/\">Daniel var ocks\u00e5 p\u00e5 seminariet och har bloggat om det:<\/a><\/p>\n<blockquote><p>En sak som dock som kan g\u00f6ra mig bekymrad n\u00e4r man lyssnar p\u00e5 Julian \u00e4r bristen p\u00e5 transparens inom Wikileaks. Det \u00e4r naturligtvis en om\u00f6jlig sits; d\u00e5 Wikileaks agerar som de g\u00f6r s\u00e5 m\u00e5ste de uppr\u00e4tth\u00e5lla en sekretess och hemligh\u00e5lla sin organisation.<\/p>\n<p>\u00c4ven om Julian ger ett trov\u00e4rdigt intryck s\u00e5 g\u00f6r \u00e4nd\u00e5 bristen p\u00e5 transparens att jag inte kan undvika att st\u00e4lla fr\u00e5gan:<\/p>\n<p>    Hur vet jag att individerna inom Wikileaks inte har en egen politiskt agenda och att man enbart publicerar de dokument man vill publicera?<\/p><\/blockquote>\n<p>F\u00f6r dagen lanserade Julian Assange en st\u00f6dsajt till Wikileaks: <a href=\"http:\/\/www.diarydig.org\">www.diarydig.org<\/a> som g\u00f6r det enklare att f\u00f6rst\u00e5 det milit\u00e4ra spr\u00e5ket i krigsrapporterna. Sajten \u00e4r utvecklad av studenter p\u00e5 MIT.<\/p>\n<p>Relaterat: <a href=\"http:\/\/www.svd.se\/nyheter\/inrikes\/wikileaks-ansoker-om-svenskt-utgivarbevis_5135193.svd\">Svenska Dagbladet<\/a>,  <a href=\"http:\/\/www.dagensmedia.se\/nyheter\/print\/dagspress\/article2456171.ece\">Dagens Media<\/a><\/p>\n","protected":false},"excerpt":{"rendered":"<p>Krigets f\u00f6rsta offer \u00e4r sanningen. det var titeln p\u00e5 ett seminarium som Broderskap, kristna socialdemokrater, arrangerade p\u00e5 l\u00f6rdagen. Talare var Julian Assange, Wikileaks grundare. Beh\u00f6ver jag s\u00e4ga att det blev ett stort mediauppb\u00e5d och s\u00e5 stort intresse f\u00f6r det att inte alla fick plats i den trots allt r\u00e4tt stora plenisalen hos LO? Vi som [&hellip;]<\/p>\n","protected":false},"author":2,"featured_media":0,"comment_status":"open","ping_status":"open","sticky":false,"template":"","format":"standard","meta":{"_genesis_hide_title":false,"_genesis_hide_breadcrumbs":false,"_genesis_hide_singular_image":false,"_genesis_hide_footer_widgets":false,"_genesis_custom_body_class":"","_genesis_custom_post_class":"","_genesis_layout":"","footnotes":""},"categories":[62],"tags":[],"class_list":{"0":"post-22779","1":"post","2":"type-post","3":"status-publish","4":"format-standard","6":"category-medie-och-kulturpolitik","7":"entry"},"_links":{"self":[{"href":"https:\/\/kulturbloggen.com\/index.php?rest_route=\/wp\/v2\/posts\/22779","targetHints":{"allow":["GET"]}}],"collection":[{"href":"https:\/\/kulturbloggen.com\/index.php?rest_route=\/wp\/v2\/posts"}],"about":[{"href":"https:\/\/kulturbloggen.com\/index.php?rest_route=\/wp\/v2\/types\/post"}],"author":[{"embeddable":true,"href":"https:\/\/kulturbloggen.com\/index.php?rest_route=\/wp\/v2\/users\/2"}],"replies":[{"embeddable":true,"href":"https:\/\/kulturbloggen.com\/index.php?rest_route=%2Fwp%2Fv2%2Fcomments&post=22779"}],"version-history":[{"count":0,"href":"https:\/\/kulturbloggen.com\/index.php?rest_route=\/wp\/v2\/posts\/22779\/revisions"}],"wp:attachment":[{"href":"https:\/\/kulturbloggen.com\/index.php?rest_route=%2Fwp%2Fv2%2Fmedia&parent=22779"}],"wp:term":[{"taxonomy":"category","embeddable":true,"href":"https:\/\/kulturbloggen.com\/index.php?rest_route=%2Fwp%2Fv2%2Fcategories&post=22779"},{"taxonomy":"post_tag","embeddable":true,"href":"https:\/\/kulturbloggen.com\/index.php?rest_route=%2Fwp%2Fv2%2Ftags&post=22779"}],"curies":[{"name":"wp","href":"https:\/\/api.w.org\/{rel}","templated":true}]}}