{"id":22687,"date":"2010-08-12T21:48:27","date_gmt":"2010-08-12T19:48:27","guid":{"rendered":"http:\/\/kulturbloggen.com\/?p=22687"},"modified":"2012-03-14T20:40:23","modified_gmt":"2012-03-14T19:40:23","slug":"alla-16-aringar-i-goteborg-far-tva-konsert-eller-teaterbiljetter","status":"publish","type":"post","link":"https:\/\/kulturbloggen.com\/?p=22687","title":{"rendered":"Alla 16-\u00e5ringar i G\u00f6teborg f\u00e5r tv\u00e5 konsert- eller teaterbiljetter"},"content":{"rendered":"<p>Heja G\u00f6teborg. Det \u00e4r en stad som styrs av Socialdemokrater som vet hur viktig kultur \u00e4r f\u00f6r varje enskild individ.<br \/>\nGenom att st\u00f6dja intresset och nyfikenheten p\u00e5 kultur f\u00f6r ungdomar \u00e4r chansen mycket st\u00f6rre att dessa ungdomar ocks\u00e5 forts\u00e4tter att s\u00f6ka sig till kulur.<\/p>\n<p>Tv\u00e5 biljetter till en konsert kanske inte \u00e4r mycket f\u00f6r barn och ungdomar i familjer med h\u00f6gavl\u00f6nade f\u00f6r\u00e4ldrar, men f\u00f6r m\u00e5nga familjer \u00e4r det en stor summa.<br \/>\nJag gillar verkligen att en kommun ger en s\u00e5dan present \u00e5t alla 16-\u00e5ringar.<\/p>\n<p><a href=\"http:\/\/www.gp.se\/nyheter\/goteborg\/1.424098-s-vill-ge-bort-kulturpresent-till-16-aringar\">G\u00f6teborgsposten ber\u00e4ttar:<\/a><\/p>\n<blockquote><p>Pagrotsky betonar att f\u00f6rslaget inte enbart handlar om god kulturell vilja \u2013 eller valfl\u00e4sk.<\/p>\n<p>\u2013 F\u00f6r mig handlar det om mer \u00e4n s\u00e5, f\u00f6r mig \u00e4r kulturpolitiken en viktig ideologisk skiljelinje gentemot alliansen. Vi tycker att den breda kulturen \u00e4r viktig, vi tycker att den ska st\u00f6djas med offentliga medel och g\u00f6ras tillg\u00e4nglig f\u00f6r s\u00e5 m\u00e5nga som m\u00f6jligt.<\/p><\/blockquote>\n<p>I intervjun i G\u00f6teborgsposten ber\u00e4ttar Leif Pagrotsky, talesman f\u00f6r S i kulturfr\u00e5gor, ocks\u00e5 att Socialdemokraterna <em>generellt verkar f\u00f6r att avgifter till musik- och kulturskolor ska vara s\u00e5 l\u00e5ga som m\u00f6jligt samt att man str\u00e4var efter att entr\u00e9avgiften till landets museer, vare sig de \u00e4r statligt eller kommunalt \u00e4gda, ska vara s\u00e5 l\u00e5g som m\u00f6jligt.<br \/>\n<\/em><\/p>\n<p>S\u00e5 nu g\u00e4ller det f\u00f6rst\u00e5s att v\u00e4ljarna i G\u00f6teborg r\u00f6star r\u00f6dgr\u00f6nt i valet &#8211; det \u00e4r ju en r\u00f6st f\u00f6r en kulturpolitik som \u00e4r bra f\u00f6r de m\u00e5nga.<\/p>\n<p>L\u00e4s \u00e4ven andra bloggares \u00e5sikter om <a href=\"http:\/\/bloggar.se\/om\/kulturpolitik\" rel=\"tag\">kulturpolitik<\/a>, <a href=\"http:\/\/bloggar.se\/om\/biljetter\" rel=\"tag\">biljetter<\/a>, <a href=\"http:\/\/bloggar.se\/om\/G%F6teborg\" rel=\"tag\">G\u00f6teborg<\/a>, <a href=\"http:\/\/bloggar.se\/om\/politik\" rel=\"tag\">politik<\/a>, <a href=\"http:\/\/bloggar.se\/om\/samh%E4lle\" rel=\"tag\">samh\u00e4lle<\/a>, <a href=\"http:\/\/bloggar.se\/om\/ungdomar\" rel=\"tag\">ungdomar<\/a>, <a href=\"http:\/\/bloggar.se\/om\/Pagrotsky\" rel=\"tag\">Pagrotsky<\/a><\/p>\n","protected":false},"excerpt":{"rendered":"<p>Heja G\u00f6teborg. Det \u00e4r en stad som styrs av Socialdemokrater som vet hur viktig kultur \u00e4r f\u00f6r varje enskild individ. Genom att st\u00f6dja intresset och nyfikenheten p\u00e5 kultur f\u00f6r ungdomar \u00e4r chansen mycket st\u00f6rre att dessa ungdomar ocks\u00e5 forts\u00e4tter att s\u00f6ka sig till kulur. Tv\u00e5 biljetter till en konsert kanske inte \u00e4r mycket f\u00f6r barn [&hellip;]<\/p>\n","protected":false},"author":2,"featured_media":0,"comment_status":"open","ping_status":"open","sticky":false,"template":"","format":"standard","meta":{"_genesis_hide_title":false,"_genesis_hide_breadcrumbs":false,"_genesis_hide_singular_image":false,"_genesis_hide_footer_widgets":false,"_genesis_custom_body_class":"","_genesis_custom_post_class":"","_genesis_layout":"","footnotes":""},"categories":[62],"tags":[643,2159,3109,12284,4917,6091],"class_list":{"0":"post-22687","1":"post","2":"type-post","3":"status-publish","4":"format-standard","6":"category-medie-och-kulturpolitik","7":"tag-biljetter","8":"tag-goteborg","9":"tag-kulturpolitik","10":"tag-politik","11":"tag-samhalle","12":"tag-ungdomar","13":"entry"},"_links":{"self":[{"href":"https:\/\/kulturbloggen.com\/index.php?rest_route=\/wp\/v2\/posts\/22687","targetHints":{"allow":["GET"]}}],"collection":[{"href":"https:\/\/kulturbloggen.com\/index.php?rest_route=\/wp\/v2\/posts"}],"about":[{"href":"https:\/\/kulturbloggen.com\/index.php?rest_route=\/wp\/v2\/types\/post"}],"author":[{"embeddable":true,"href":"https:\/\/kulturbloggen.com\/index.php?rest_route=\/wp\/v2\/users\/2"}],"replies":[{"embeddable":true,"href":"https:\/\/kulturbloggen.com\/index.php?rest_route=%2Fwp%2Fv2%2Fcomments&post=22687"}],"version-history":[{"count":1,"href":"https:\/\/kulturbloggen.com\/index.php?rest_route=\/wp\/v2\/posts\/22687\/revisions"}],"predecessor-version":[{"id":50878,"href":"https:\/\/kulturbloggen.com\/index.php?rest_route=\/wp\/v2\/posts\/22687\/revisions\/50878"}],"wp:attachment":[{"href":"https:\/\/kulturbloggen.com\/index.php?rest_route=%2Fwp%2Fv2%2Fmedia&parent=22687"}],"wp:term":[{"taxonomy":"category","embeddable":true,"href":"https:\/\/kulturbloggen.com\/index.php?rest_route=%2Fwp%2Fv2%2Fcategories&post=22687"},{"taxonomy":"post_tag","embeddable":true,"href":"https:\/\/kulturbloggen.com\/index.php?rest_route=%2Fwp%2Fv2%2Ftags&post=22687"}],"curies":[{"name":"wp","href":"https:\/\/api.w.org\/{rel}","templated":true}]}}