{"id":22557,"date":"2010-08-07T15:44:02","date_gmt":"2010-08-07T13:44:02","guid":{"rendered":"http:\/\/kulturbloggen.com\/?p=22557"},"modified":"2010-08-07T15:44:02","modified_gmt":"2010-08-07T13:44:02","slug":"nytt-pa-dvd-sebbe-och-the-first-time","status":"publish","type":"post","link":"https:\/\/kulturbloggen.com\/?p=22557","title":{"rendered":"Nytt p\u00e5 dvd: Sebbe och The first time"},"content":{"rendered":"<p><a href=\"http:\/\/kulturbloggen.com\/wp-content\/uploads\/2010\/08\/FirstTime_flat_DVD_se.jpg\"><img loading=\"lazy\" decoding=\"async\" src=\"http:\/\/kulturbloggen.com\/wp-content\/uploads\/2010\/08\/FirstTime_flat_DVD_se-208x300.jpg\" alt=\"\" title=\"FirstTime_flat_DVD_se\" width=\"208\" height=\"300\" class=\"alignright size-medium wp-image-22559\" \/><\/a><br \/>\nThe first time \u00e4r en s\u00e5n d\u00e4r underh\u00e5llande l\u00e4ttsam film om en ung man som kanske \u00e4r lite av en t\u00f6nt och som blir k\u00e4r i skolans f\u00f6rmodligen snyggaste och mest popul\u00e4ra tjej. Hon uppvaktas f\u00f6rst\u00e5s av grisigaste och elakaste snyggingen. Historien har vi sett och h\u00f6rt m\u00e5nga g\u00e5ngen.<br \/>\nFilmen &#8221;The first time&#8221; med Devon Werkheiser och Scout Taylor-Compton \u00e4r varken s\u00e4mre eller b\u00e4ttre \u00e4n genomsnittet av dessa filmer.<br \/>\nDen \u00e4r rolig och f\u00e5r en liten extra po\u00e4ng i och med att de tv\u00e5 huvudkarakt\u00e4rerna har var sin odr\u00e4glig lillebror som ing\u00e5r en pakt d\u00e4r de spelar in allt och l\u00e4gger ut p\u00e5 Youtube.<\/p>\n<p>Lite text om filmen fr\u00e5n ett pressutskick:<\/p>\n<blockquote><p>Redan f\u00f6rsta dagen i high school drabbas Victor av akut \u201dAnya-feber\u201d \u2013 han blir huvudl\u00f6st och hoppl\u00f6st f\u00f6r\u00e4lskad i den vackra Anya. Hoppl\u00f6st, f\u00f6r Anya \u00e4r snygg, popul\u00e4r, kommer fr\u00e5n en rik familj, \u00e4r oskyldig och rar \u2013 och g\u00e5r i avg\u00e5ngsklassen. P\u00e5 alla s\u00e4tt och vis l\u00e5ngt utanf\u00f6r en s\u00e5dan gr\u00f6ng\u00f6lings r\u00e4ckvidd. Det g\u00f6r inte saken l\u00e4ttare, att hon redan \u00e4r tillsammans med den smarte Peter, som k\u00f6r en dyr sportbil, g\u00e5r kl\u00e4dd i m\u00e4rkeskl\u00e4der och har koll p\u00e5 allt. Den sortens faktum avskr\u00e4cker dock inte Victor, som med sin klumpiga charm och lite hj\u00e4lp fr\u00e5n en spindel och Anyas sm\u00e5br\u00f6der, f\u00f6rvandlar sin hoppl\u00f6sa k\u00e4rlekshistoria till en katastroffilm, och till allas f\u00f6rv\u00e5ning lyckas vinna \u00f6ver Anya. Men s\u00e5 \u00e4r det ju det h\u00e4r med f\u00f6rsta g\u00e5ngen \u2026<\/p><\/blockquote>\n<p><strong>Sebbe<\/strong><br \/>\nEn film jag missade p\u00e5 bio och nu sett i efterhand p\u00e5 dvd \u00e4r den svenska filmen &#8221;Sebbe&#8221;.<br \/>\nDen brukar presenteras s\u00e5 h\u00e4r:<\/p>\n<blockquote><p>Silvertejp, elkablar, avtryckare, spr\u00e4ngmedel.<br \/>\nSebbe planerade aldrig att bygga en bomb. Det bara blev s\u00e5.<br \/>\nSebbe \u00e4r 15 \u00e5r och bor med sin mamma i en l\u00e4genhet som \u00e4r alldeles f\u00f6r tr\u00e5ng. Han g\u00f6r sitt b\u00e4sta. Han sl\u00e5r aldrig tillbaka. Sebbe \u00e4lskar sin mamma f\u00f6r att han inte kan annat.<br \/>\nP\u00e5 skroten lever dr\u00f6mmen, och i Sebbes h\u00e4nder f\u00e5r d\u00f6da ting nytt liv. H\u00e4r har han kraft att skapa. H\u00e4r \u00e4r han fri \u2013 men ensam. Hans utanf\u00f6rskap v\u00e4xer i takt med att hans v\u00e4rld krymper, tills han en dag st\u00e5r helt isolerad utan n\u00e5gon annan \u00e4n sin mamma. Och n\u00e4r hon sviker, sviktar allt. <\/p><\/blockquote>\n<p>Jag tycker beskrivning ljuger och inger f\u00f6rv\u00e4ntningar p\u00e5 en annan slags film \u00e4n vad det var. Det d\u00e4r med att han bygger en bomb \u00e4r en bisak i filmen, n\u00e4stan.<\/p>\n<p>Sebbe handlar om en pojke som fyller 15 och som bor ensam med sin mamma. Om hans pappa \u00e4r d\u00f6d eller om det bara \u00e4r en l\u00f6gn f\u00e5r vi aldrig klart f\u00f6r oss. Sebbes mamma jobbar med att dela ut tidningar och de \u00e4r hur fattiga som helst. Hon tillbringar dessutom stor tid med att h\u00e4nga p\u00e5 krogen.<br \/>\nSebbe mobbas i skolan, grovt med misshandel.<br \/>\nHan \u00e4r ensam och f\u00e5r inte ens en f\u00f6delsedagspresent av sin mamma n\u00e4r han fyller \u00e5r. Men s\u00e5 hittar hans mamma en jacka i tv\u00e4ttstugan och ger honom.<br \/>\nMis\u00e4ren de lever i \u00e4r s\u00e5 hemsk, s\u00e5 fruktansv\u00e4rd och s\u00e5 hoppl\u00f6s.<br \/>\nJag har lite sv\u00e5rt att k\u00f6pa att m\u00e4nniskor \u00e4r s\u00e5 totalt ensamma. Inga sl\u00e4ktingar verkar finnas, ingen m\u00e4nniska alls verkar bry sig om dem.<br \/>\nIngen l\u00e4rare reagerar p\u00e5 eller m\u00e4rker hur utsatt han \u00e4r i skolan heller.<\/p>\n<p>D\u00e4remot verkar han vara ett tekniskt geni och bygger en moppe av reservdelar fr\u00e5n skroten. Han har ocks\u00e5 byggt en m\u00e4ngd lampor i sitt rum. Att han som \u00e4r s\u00e5 duktig inte skulle g\u00f6ra bra ifr\u00e5n sig i skolan \u00e4r liksom ologiskt.<\/p>\n<p>Jag k\u00f6per inte ber\u00e4ttelsen och det \u00e4r synd. F\u00f6r det \u00e4r ett viktigt budskap om de utsatta barnen som filmen har.<br \/>\nMen den marknadsf\u00f6rs p\u00e5 fel s\u00e4tt, som att det ska vara en sp\u00e4nnande film med bomben han bygger.<br \/>\nSebbe \u00e4r inte n\u00e5gon sp\u00e4nnande film p\u00e5 n\u00e5got s\u00e4tt. Den \u00e4r sorglig, den \u00e4r tung och den \u00e4r s\u00e5 utan hopp.<\/p>\n<p><a href=\"http:\/\/www.aftonbladet.se\/nojesbladet\/film\/article6762957.ab\">Aftonbladet var ocks\u00e5 kritisk till filmen och gav den betyg 2 n\u00e4r den lanserades p\u00e5 bio.<\/a><br \/>\nMen r\u00e4tt m\u00e5nga av de traditionella filmkritikerna uppskattade filmen, <a href=\"http:\/\/www.dn.se\/kultur-noje\/filmrecensioner\/sebbe-1.1059759\">DN gav betyg 4<\/a>, <a href=\"http:\/\/www.expressen.se\/noje\/recensioner\/film\/1.1914750\/sebbe\">Expressen fyra getingar<\/a> och <a href=\"http:\/\/www.svd.se\/kulturnoje\/film\/klassberattelse-av-klass_4410501.svd\">Svenska Dagbladet betyg 5 av 6 m\u00f6jliga<\/a>.<\/p>\n<p><strong>N\u00e4r jag j\u00e4mf\u00f6r<\/strong> de h\u00e4r tv\u00e5 filmerna \u00e4r ju &#8221;The first time&#8221; en film som mest \u00e4r underh\u00e5llande och inte ber\u00e4ttar n\u00e5got om samh\u00e4llet medan Sebbe ber\u00e4ttar n\u00e5got hemskt. Sj\u00e4lv \u00e4r jag knappast m\u00e5lgruppen f\u00f6r &#8221;The first time&#8221; &#8211; men flera ur den yngre generationen s\u00e5g p\u00e5 filmen h\u00e4r hemma och de tyckte den var bra.<br \/>\nSebbe missar tycker jag, just f\u00f6r att den \u00e4r alldeles f\u00f6r m\u00f6rk. Den missar i att bygga upp sp\u00e4nning och den \u00e4r f\u00f6r utan hopp. Det \u00e4r synd, eftersom dess inneh\u00e5ll v\u00e4l \u00e4r n\u00e5got som \u00e4r viktigt: alla m\u00e4nniskor som m\u00f6ter ett utsatt barn har chansen att bli den m\u00e4nniska som ger barnet\/ungdomen hopp om ett annat liv.<\/p>\n<p><object width=\"640\" height=\"385\"><param name=\"movie\" value=\"http:\/\/www.youtube.com\/v\/kDufcgzt4Q0&amp;hl=sv_SE&amp;fs=1\"><\/param><param name=\"allowFullScreen\" value=\"true\"><\/param><param name=\"allowscriptaccess\" value=\"always\"><\/param><embed src=\"http:\/\/www.youtube.com\/v\/kDufcgzt4Q0&amp;hl=sv_SE&amp;fs=1\" type=\"application\/x-shockwave-flash\" allowscriptaccess=\"always\" allowfullscreen=\"true\" width=\"640\" height=\"385\"><\/embed><\/object><\/p>\n<p><object width=\"640\" height=\"385\"><param name=\"movie\" value=\"http:\/\/www.youtube.com\/v\/60Hu60yx2Dc&amp;hl=sv_SE&amp;fs=1\"><\/param><param name=\"allowFullScreen\" value=\"true\"><\/param><param name=\"allowscriptaccess\" value=\"always\"><\/param><embed src=\"http:\/\/www.youtube.com\/v\/60Hu60yx2Dc&amp;hl=sv_SE&amp;fs=1\" type=\"application\/x-shockwave-flash\" allowscriptaccess=\"always\" allowfullscreen=\"true\" width=\"640\" height=\"385\"><\/embed><\/object><\/p>\n<p>L\u00e4s \u00e4ven andra bloggares \u00e5sikter om <a href=\"http:\/\/bloggar.se\/om\/barn\" rel=\"tag\">barn<\/a>, <a href=\"http:\/\/bloggar.se\/om\/ungdomar\" rel=\"tag\">ungdomar<\/a>, <a href=\"http:\/\/bloggar.se\/om\/film\" rel=\"tag\">film<\/a>, <a href=\"http:\/\/bloggar.se\/om\/recension\" rel=\"tag\">recension<\/a>, <a href=\"http:\/\/bloggar.se\/om\/Sebbe\" rel=\"tag\">Sebbe<\/a>, <a href=\"http:\/\/bloggar.se\/om\/The+first+time\" rel=\"tag\">The first time<\/a><\/p>\n","protected":false},"excerpt":{"rendered":"<p>The first time \u00e4r en s\u00e5n d\u00e4r underh\u00e5llande l\u00e4ttsam film om en ung man som kanske \u00e4r lite av en t\u00f6nt och som blir k\u00e4r i skolans f\u00f6rmodligen snyggaste och mest popul\u00e4ra tjej. Hon uppvaktas f\u00f6rst\u00e5s av grisigaste och elakaste snyggingen. Historien har vi sett och h\u00f6rt m\u00e5nga g\u00e5ngen. Filmen &#8221;The first time&#8221; med Devon [&hellip;]<\/p>\n","protected":false},"author":13,"featured_media":0,"comment_status":"open","ping_status":"open","sticky":false,"template":"","format":"standard","meta":{"_genesis_hide_title":false,"_genesis_hide_breadcrumbs":false,"_genesis_hide_singular_image":false,"_genesis_hide_footer_widgets":false,"_genesis_custom_body_class":"","_genesis_custom_post_class":"","_genesis_layout":"","footnotes":""},"categories":[50,51,16],"tags":[529,12285,12286,6091],"class_list":{"0":"post-22557","1":"post","2":"type-post","3":"status-publish","4":"format-standard","6":"category-filmfilm","7":"category-filmer","8":"category-recension","9":"tag-barn","10":"tag-recension","11":"tag-film","12":"tag-ungdomar","13":"entry"},"_links":{"self":[{"href":"https:\/\/kulturbloggen.com\/index.php?rest_route=\/wp\/v2\/posts\/22557","targetHints":{"allow":["GET"]}}],"collection":[{"href":"https:\/\/kulturbloggen.com\/index.php?rest_route=\/wp\/v2\/posts"}],"about":[{"href":"https:\/\/kulturbloggen.com\/index.php?rest_route=\/wp\/v2\/types\/post"}],"author":[{"embeddable":true,"href":"https:\/\/kulturbloggen.com\/index.php?rest_route=\/wp\/v2\/users\/13"}],"replies":[{"embeddable":true,"href":"https:\/\/kulturbloggen.com\/index.php?rest_route=%2Fwp%2Fv2%2Fcomments&post=22557"}],"version-history":[{"count":0,"href":"https:\/\/kulturbloggen.com\/index.php?rest_route=\/wp\/v2\/posts\/22557\/revisions"}],"wp:attachment":[{"href":"https:\/\/kulturbloggen.com\/index.php?rest_route=%2Fwp%2Fv2%2Fmedia&parent=22557"}],"wp:term":[{"taxonomy":"category","embeddable":true,"href":"https:\/\/kulturbloggen.com\/index.php?rest_route=%2Fwp%2Fv2%2Fcategories&post=22557"},{"taxonomy":"post_tag","embeddable":true,"href":"https:\/\/kulturbloggen.com\/index.php?rest_route=%2Fwp%2Fv2%2Ftags&post=22557"}],"curies":[{"name":"wp","href":"https:\/\/api.w.org\/{rel}","templated":true}]}}