{"id":22533,"date":"2010-08-07T12:22:25","date_gmt":"2010-08-07T10:22:25","guid":{"rendered":"http:\/\/kulturbloggen.com\/?p=22533"},"modified":"2010-08-07T12:22:25","modified_gmt":"2010-08-07T10:22:25","slug":"en-karateutovare-recenserar-nya-karate-kid","status":"publish","type":"post","link":"https:\/\/kulturbloggen.com\/?p=22533","title":{"rendered":"En karateut\u00f6vare recenserar nya Karate Kid"},"content":{"rendered":"<p><a href=\"http:\/\/kulturbloggen.com\/wp-content\/uploads\/2010\/08\/the-karate-kid-jackie-chan-jaden-smith.jpg\"><img loading=\"lazy\" decoding=\"async\" src=\"http:\/\/kulturbloggen.com\/wp-content\/uploads\/2010\/08\/the-karate-kid-jackie-chan-jaden-smith-300x240.jpg\" alt=\"\" title=\"the-karate-kid-jackie-chan-jaden-smith\" width=\"300\" height=\"240\" class=\"aligncenter size-medium wp-image-22538\" \/><\/a><br \/>\nF\u00f6rst och fr\u00e4mst: jag har h\u00f6rt en del s\u00e4ga att i nya versionen Karate Kid har h\u00e4ndelserna flyttat till Kina och ist\u00e4llet f\u00f6r karate \u00e4r det kungfu som pojken f\u00e5r l\u00e4ra sig. Det \u00e4r inte riktigt s\u00e5.<br \/>\nIngen av filmerna om Karate Kid handlar om karate. Den kampsport som Pat Morita l\u00e4r ut till Daniel i Karate Kid 1 till 3 och till tjejen i Karate Kid 4 (spelad av Hillary Swank \u00e4r inte karate utan n\u00e5gon slags amerikansk mischmasch av kungfu och taekwondo.<br \/>\nOch i stort sett \u00e4r det samma mischmasch som Jaden Smith f\u00e5r l\u00e4ra sig av Mr Han, som spelas av Jackie Chan.<\/p>\n<p>Fast det spelar ingen roll. Det \u00e4r en underbar liten historia i alla fall om filosofin bakom kampsporter. Nu syftar jag p\u00e5 det som Mr Han (Jackie Chan) l\u00e4r Dre (Jaden Smith) om inst\u00e4llningen till livet och till kampsport.<br \/>\nMen: Sj\u00e4lva kampsporten i filmen, eller framf\u00f6r allt den som visas upp p\u00e5  turneringen \u00e4r en amerikansk variant som ligger ljus\u00e5r fr\u00e5n karatens och kungfuns filosofi.<\/p>\n<p><a href=\"http:\/\/kulturbloggen.com\/wp-content\/uploads\/2010\/08\/karate_kid.jpg\"><img loading=\"lazy\" decoding=\"async\" src=\"http:\/\/kulturbloggen.com\/wp-content\/uploads\/2010\/08\/karate_kid-300x141.jpg\" alt=\"\" title=\"karate_kid\" width=\"300\" height=\"141\" class=\"alignright size-medium wp-image-22539\" \/><\/a>Varf\u00f6r heter filmen inte Karate kid 5 utan enbart Karate kid, det har jag funderat p\u00e5. Givetvis \u00e4r kommersiella och marknadsf\u00f6ringssk\u00e4l tungt v\u00e4gande i det beslutet. Det \u00e4r s\u00e4kert miljoner g\u00e5nger l\u00e4ttare att marknadsf\u00f6ra en film som heter Karate kid \u00e4n Karate kid 5.<\/p>\n<p>Ett annat sk\u00e4l till att filmen heter Karate kid \u00e4r att den till stor del \u00e4r samma ber\u00e4ttelse, fast i en remake. Huvuddragen \u00e4r precis samma. Ensam mamma \u00e5ker med son till ny stad &#8211; den h\u00e4r g\u00e5ngen till och med nytt land. Pojken blir mobbad av elakt g\u00e4ng, mycket elakt g\u00e4ng. Pojken blir k\u00e4r i flicka, som elaka g\u00e4ngets ledare inte uppskattar. Fastighetssk\u00f6taren d\u00e4r pojken bor visar sig bakom sin haltande och gamla fasad vara en m\u00e4stare i kampsport och b\u00f6rjar efter lite inledande strul tr\u00e4na pojken inf\u00f6r en avg\u00f6rande turnering.<\/p>\n<p>Skillnaderna \u00e4r inte stora. Pojken, Dre, \u00e4r lite yngre \u00e4n Daniel-san. Jag vet inte om Dre \u00e4r r\u00e4tt kort f\u00f6r sin \u00e5lder eller varf\u00f6r han ser ut att vara minst tv\u00e5 \u00e5r yngre \u00e4n den kinesiska fiolspelande flickan han blir k\u00e4r i. Det k\u00e4nns lite konstigt och \u00e4r lite sv\u00e5rt att tro p\u00e5 deras lilla romans. Dre ser lite f\u00f6r liten ut och f\u00f6r ung f\u00f6r en k\u00e4rlekshistoria.<\/p>\n<p>Jackie Chan g\u00f6r nog sitt b\u00e4sta roll hittills. Han har ju i stort sett bara spelat kampsportsexpert eller komiker i de filmer jag sett med honom. Nu \u00e4r han en \u00e4ldre man som haltar och har en livssorg att b\u00e4ra p\u00e5.<\/p>\n<p><a href=\"http:\/\/www.svd.se\/kulturnoje\/nyheter\/jackie-chan-far-kick-av-serios-roll_5080085.svd\">Svenska Dagbladet har en intervju med honom:<\/a><\/p>\n<blockquote><p>Rollen som fastighetssk\u00f6taren\/kung fu-m\u00e4staren Mr Han inneb\u00e4r betydligt mindre action och mer &#8221;seri\u00f6st&#8221; sk\u00e5despeleri \u00e4n vad man \u00e4r van att se Jackie Chan prestera.<\/p>\n<p>&#8211; I alla \u00e5r har alla vetat att jag kan g\u00f6ra stunts och actionscener, men f\u00e5 har vetat att jag ocks\u00e5 kan agera. De senaste tio \u00e5ren har jag velat g\u00f6ra n\u00e5got annat. Det h\u00e4r var en bra chans f\u00f6r mig att visa den andra sidan av Jackie Chan, s\u00e4ger han vid en intervju i Oslo n\u00e5gra timmar f\u00f6re den norska galapremi\u00e4ren av filmen.<\/p><\/blockquote>\n<p>Vi s\u00e5g filmen p\u00e5 den svenska premi\u00e4rdagen i en fullsatt biosalong och n\u00e4r vi best\u00e4llde biljetterna s\u00e5g vi att n\u00e4stan alla biosalonger var i det n\u00e4rmaste fullsatta. Publiken appl\u00e5derade vid flera tillf\u00e4llen i slutscenen och efter filmen.<\/p>\n<p>Jag appl\u00e5derar ocks\u00e5. Ber\u00e4ttelsen h\u00e5ller bra f\u00f6r en ny version. Sk\u00e5despelarna g\u00f6r bra ifr\u00e5n sig. Huruvida Dre spelar bra eller inte \u00e4r f\u00f6rst\u00e5s sv\u00e5rt att s\u00e4ga, han spelar nog r\u00e4tt mycket sig sj\u00e4lv: en amerikansk kille av idag. Men med den bakgrund han har med en v\u00e4rldsstj\u00e4rna som Will Smith till pappa \u00e4r Jaden Smith s\u00e4kert hur bekv\u00e4m som helst med att agera framf\u00f6r en kamera.<\/p>\n<p>Att ber\u00e4ttelsen flyttat till Kina var ett bra drag. D\u00e4r fanns n\u00e5gra fina bilder och vyer fr\u00e5n Kina och kampsporterna har en stor del av sitt ursprung just i Kina. Jag skulle g\u00e4rna se en uppf\u00f6ljning som tog hade mer kring alla Tai Chi-ut\u00f6vare som finns i Kina. Vi s\u00e5g n\u00e5gra bilder fr\u00e5n s\u00e5nt i filmen, men en ber\u00e4ttelse som v\u00e4vde in det skulle vara sp\u00e4nnande att se.<\/p>\n<p>F\u00f6r mig som gillar kampsport och har sysslat med karate i mer \u00e4n 20 \u00e5r och tr\u00e4nar Tai Chi nu och har tr\u00e4nat olika kampsporter k\u00e4nns det f\u00f6rst\u00e5s kul att en storfilm som handlar om filosofin bakom \u00e5ter visar v\u00e4rlden runt. Att tr\u00e4na kampsport som karate eller kungfu p\u00e5 en bra klubb kan ge ungdomar mycket: de kan ge dem sj\u00e4lvk\u00e4nsla och l\u00e4ra dem att hitta kraften i sig sj\u00e4lva att k\u00e4mpa f\u00f6r sig och sin framtid. Jag vet ungdomar som varit snett ute med skolk och kriminalitet som genom att tr\u00e4na karate kommit in i samh\u00e4llet, b\u00f6rjat plugga och sedan f\u00e5tt jobb.<\/p>\n<p>Men som sagt: den kampsport som ut\u00f6vas i turneringen har ingenting med traditionell kungfu att g\u00f6ra. Det \u00e4r amerikansk mischmasch med  fullkontakt d\u00e4r sm\u00e5ungar bryter ben och knockar varandra: s\u00e5 g\u00e5r det inte till vare sig p\u00e5 karatet\u00e4vlingar eller kungfu-turneringar.<\/p>\n<p><a href=\"http:\/\/kulturbloggen.com\/wp-content\/uploads\/2010\/08\/karatekid5.jpg\"><img loading=\"lazy\" decoding=\"async\" src=\"http:\/\/kulturbloggen.com\/wp-content\/uploads\/2010\/08\/karatekid5-300x199.jpg\" alt=\"\" title=\"karatekid5\" width=\"300\" height=\"199\" class=\"alignright size-medium wp-image-22540\" \/><\/a><br \/>\n<a href=\"http:\/\/www.aftonbladet.se\/nojesbladet\/film\/recensioner\/article7571743.ab\">Karolina Fjellborg p\u00e5 Aftonbladet gav filmen betyg 3:<\/a><\/p>\n<blockquote><p>\u201dKarate kid\u201d anno 2010 \u00e4r aningen f\u00f6r l\u00e5ng, stundtals sm\u00e5f\u00e5nig, och allt annat \u00e4n of\u00f6ruts\u00e4gbar. Och det finns garanterat de som kommer att ta illa upp \u00f6ver att se barn sl\u00e5ss s\u00e5 pass brutalt som de faktiskt g\u00f6r i den h\u00e4r filmen.<\/p>\n<p>Men med det sagt; Jaden Smith \u00e4r en naturbeg\u00e5vning, Jackie Chan f\u00e5r bredda sitt gamla vanliga register \u2013 och tillsammans bildar de en ganska oemotst\u00e5ndlig duo.<br \/>\nDessutom \u00e4r b\u00e5de Pekingmilj\u00f6erna och slagsm\u00e5lsscenerna alldeles utomordentligt snygga.<\/p><\/blockquote>\n<p><object width=\"640\" height=\"385\"><param name=\"movie\" value=\"http:\/\/www.youtube.com\/v\/XY8amUImEu0&amp;hl=sv_SE&amp;fs=1\"><\/param><param name=\"allowFullScreen\" value=\"true\"><\/param><param name=\"allowscriptaccess\" value=\"always\"><\/param><embed src=\"http:\/\/www.youtube.com\/v\/XY8amUImEu0&amp;hl=sv_SE&amp;fs=1\" type=\"application\/x-shockwave-flash\" allowscriptaccess=\"always\" allowfullscreen=\"true\" width=\"640\" height=\"385\"><\/embed><\/object><\/p>\n<p>Relaterat:<br \/>\n<a href=\"http:\/\/www.imdb.com\/title\/tt1155076\/\">IMDB om Karate Kid 2010<\/a>, <a href=\"http:\/\/www.svd.se\/kulturnoje\/nyheter\/fajterfilosofi-svar-att-svalja_5092511.svd\">recension i SvD<\/a>, <a href=\"http:\/\/www.expressen.se\/noje\/recensioner\/film\/1.2087128\/the-karate-kid\">recension i Expressen<\/a>, <a href=\"http:\/\/www.pastan.nu\/film\/filmrecension-karate-kid-1.1149093\">recension i Dagens Nyheter<\/a>, <a href=\"http:\/\/svt.se\/2.131924\/1.2098592\/karate_kid\">recension i SVT<\/a>,, <a href=\"http:\/\/www.gp.se\/kulturnoje\/film\/1.421176-kung-fu-kid-i-kina\">recension i G\u00f6teborgsposten<\/a>.<\/p>\n<p>L\u00e4s \u00e4ven andra bloggares \u00e5sikter om <a href=\"http:\/\/bloggar.se\/om\/kampsport\" rel=\"tag\">kampsport<\/a>, <a href=\"http:\/\/bloggar.se\/om\/karate\" rel=\"tag\">karate<\/a>, <a href=\"http:\/\/bloggar.se\/om\/kungfu\" rel=\"tag\">kungfu<\/a>, <a href=\"http:\/\/bloggar.se\/om\/film\" rel=\"tag\">film<\/a>, <a href=\"http:\/\/bloggar.se\/om\/recension\" rel=\"tag\">recension<\/a>, <a href=\"http:\/\/bloggar.se\/om\/Kina\" rel=\"tag\">Kina<\/a>, <a href=\"http:\/\/bloggar.se\/om\/karate+kid\" rel=\"tag\">karate kid<\/a>, <a href=\"http:\/\/bloggar.se\/om\/Jackie+Chan\" rel=\"tag\">Jackie Chan<\/a>, <a href=\"http:\/\/bloggar.se\/om\/Jaden+Smith\" rel=\"tag\">Jaden Smith<\/a><\/p>\n","protected":false},"excerpt":{"rendered":"<p>F\u00f6rst och fr\u00e4mst: jag har h\u00f6rt en del s\u00e4ga att i nya versionen Karate Kid har h\u00e4ndelserna flyttat till Kina och ist\u00e4llet f\u00f6r karate \u00e4r det kungfu som pojken f\u00e5r l\u00e4ra sig. Det \u00e4r inte riktigt s\u00e5. Ingen av filmerna om Karate Kid handlar om karate. Den kampsport som Pat Morita l\u00e4r ut till Daniel [&hellip;]<\/p>\n","protected":false},"author":2,"featured_media":0,"comment_status":"open","ping_status":"open","sticky":false,"template":"","format":"standard","meta":{"_genesis_hide_title":false,"_genesis_hide_breadcrumbs":false,"_genesis_hide_singular_image":false,"_genesis_hide_footer_widgets":false,"_genesis_custom_body_class":"","_genesis_custom_post_class":"","_genesis_layout":"","footnotes":""},"categories":[50,51,16,20],"tags":[2848,2857,2921,3131,12285,12286],"class_list":{"0":"post-22533","1":"post","2":"type-post","3":"status-publish","4":"format-standard","6":"category-filmfilm","7":"category-filmer","8":"category-recension","9":"category-film","10":"tag-kampsport","11":"tag-karate","12":"tag-kina","13":"tag-kungfu","14":"tag-recension","15":"tag-film","16":"entry"},"_links":{"self":[{"href":"https:\/\/kulturbloggen.com\/index.php?rest_route=\/wp\/v2\/posts\/22533","targetHints":{"allow":["GET"]}}],"collection":[{"href":"https:\/\/kulturbloggen.com\/index.php?rest_route=\/wp\/v2\/posts"}],"about":[{"href":"https:\/\/kulturbloggen.com\/index.php?rest_route=\/wp\/v2\/types\/post"}],"author":[{"embeddable":true,"href":"https:\/\/kulturbloggen.com\/index.php?rest_route=\/wp\/v2\/users\/2"}],"replies":[{"embeddable":true,"href":"https:\/\/kulturbloggen.com\/index.php?rest_route=%2Fwp%2Fv2%2Fcomments&post=22533"}],"version-history":[{"count":0,"href":"https:\/\/kulturbloggen.com\/index.php?rest_route=\/wp\/v2\/posts\/22533\/revisions"}],"wp:attachment":[{"href":"https:\/\/kulturbloggen.com\/index.php?rest_route=%2Fwp%2Fv2%2Fmedia&parent=22533"}],"wp:term":[{"taxonomy":"category","embeddable":true,"href":"https:\/\/kulturbloggen.com\/index.php?rest_route=%2Fwp%2Fv2%2Fcategories&post=22533"},{"taxonomy":"post_tag","embeddable":true,"href":"https:\/\/kulturbloggen.com\/index.php?rest_route=%2Fwp%2Fv2%2Ftags&post=22533"}],"curies":[{"name":"wp","href":"https:\/\/api.w.org\/{rel}","templated":true}]}}