{"id":22513,"date":"2010-08-05T18:30:45","date_gmt":"2010-08-05T16:30:45","guid":{"rendered":"http:\/\/kulturbloggen.com\/?p=22513"},"modified":"2010-08-05T18:30:45","modified_gmt":"2010-08-05T16:30:45","slug":"vad-jag-vill-att-sveriges-kommande-statsminister-ska-saga-i-sitt-tal","status":"publish","type":"post","link":"https:\/\/kulturbloggen.com\/?p=22513","title":{"rendered":"Vad jag vill att Sveriges kommande statsminister ska s\u00e4ga i sitt tal"},"content":{"rendered":"<p><a href=\"http:\/\/kulturbloggen.com\/wp-content\/uploads\/2010\/08\/monasahlin_pagrotsky.jpg\"><img loading=\"lazy\" decoding=\"async\" src=\"http:\/\/kulturbloggen.com\/wp-content\/uploads\/2010\/08\/monasahlin_pagrotsky-300x225.jpg\" alt=\"\" title=\"monasahlin_pagrotsky\" width=\"300\" height=\"225\" class=\"aligncenter size-medium wp-image-22515\" \/><\/a><br \/>\n<strong>15 augusti<\/strong> ska Mona Sahlin <a href=\"http:\/\/www.socialdemokraterna.se\/events\/sommarfest-i-tantolunden\" target=\"_blank\">sommartala i Tantolunden<\/a>,  Stockholm. Med lite drygt en m\u00e5nad kvar till valet \u00e4r det utan tvekan  s\u00e5 att detta tal kommer att vara det bland de mest betydelsefulla tal  Mona Sahlin har h\u00e5llit i sitt politiska liv, ett konstaterande som  antagligen kommer att upprepas ytterligare n\u00e5gra g\u00e5nger innan valet.<\/p>\n<p><a href=\"http:\/\/rodaberget.wordpress.com\/2010\/08\/05\/vad-ska-mona-sahlin-tala-om-15-augusti\/\">Skriver Peter p\u00e5 R\u00f6da Berget och utmanar oss alla att tycka till: Vad vill du att Mona Sahlin ska ta upp i sitt tal?<\/a><\/p>\n<p><a href=\"http:\/\/www.dn.se\/nyheter\/valet2010\/lagt-valdeltagande-bland-utlandssvenskar-1.1149115\">Valet har ju faktiskt redan b\u00f6rjat, utlandssvenskar f\u00e5r r\u00f6sta nu.<\/a><\/p>\n<p>Som m\u00e5nga jag k\u00e4nner hoppas jag ju att valet ska f\u00e5 det resultatet att f\u00f6ljande rubrik passar till det h\u00e4r inl\u00e4gget:<br \/>\nVad jag vill att Sveriges kommande statsminister ska s\u00e4ga i sitt tal<\/p>\n<p>Det \u00e4r p\u00e5 tiden att Sverige f\u00e5r en kvinna som statsminister.<br \/>\nFast det viktiga \u00e4r att de r\u00f6dgr\u00f6na st\u00e5r f\u00f6r en annan inriktning p\u00e5 politiken \u00e4n vart h\u00f6gerregeringen har styrt utvecklingen.<\/p>\n<p>1. F\u00f6rst\u00e5s vill jag h\u00f6ra \u00e4n en g\u00e5ng att vi inte ska ha kvar dessa f\u00f6rf\u00e4rliga och or\u00e4ttvisa och konstiga reglerna hos F\u00f6rs\u00e4kringskassan.<br \/>\nM\u00e4nniskor som \u00e4r sv\u00e5rt sjuka ska inte beh\u00f6va sitta i samtal och m\u00f6ten med sin arbetsgivare tillsammans med F\u00f6rs\u00e4kringskassan redan efter tre m\u00e5nader, om personen \u00e4r sv\u00e5rt sjuk.<br \/>\nM\u00e4nniskor ska inte riskera kastas ut fr\u00e5n f\u00f6rs\u00e4kringssystemet f\u00f6r att han\/hon blivit allvarligt och l\u00e5ngvarigt sjuk.<br \/>\nSamtidigt ska det byggas upp en bra, sj\u00e4lvst\u00e4ndig rehabilieringskedja d\u00e4r sjuka kan f\u00e5 st\u00f6d och hj\u00e4lp, men det m\u00e5ste vara just detta: st\u00f6d och hj\u00e4lp: inte n\u00e5got som kastar ut dem i f\u00f6rtvivlan om de inte \u00e4r tillr\u00e4ckligt friska f\u00f6r att klara rehabiliteringsprocessen.<\/p>\n<p>Enligt nuvarande h\u00f6gerregeringens statsminister \u00e4r ju alla dessa sjuka m\u00e4nniskor ett s\u00e4rintresse.<br \/>\nDenna f\u00f6raktfulla attityd fr\u00e5n politiker mot m\u00e4nniskor som drabbats av sjukdom m\u00e5ste bli en parentes.<\/p>\n<p>2. Jag vill f\u00f6rst\u00e5s h\u00f6ra om att det nu \u00e4r dags att ha r\u00e4ttvisa skatter. Sverige ska inte l\u00e4ngre vara det enda landet i v\u00e4rlden d\u00e4r pension\u00e4rer, sjuka och arbetsl\u00f6sa betalar h\u00f6gre skatt \u00e4n de som \u00e4r lyckliga nog att vara unga, friska och ha arbete.<\/p>\n<p>3. Allas lika v\u00e4rde: det \u00e4r vad den r\u00f6dgr\u00f6na politiken g\u00e5r ut p\u00e5.<br \/>\nJag vet att vi i talet kommer att f\u00e5 h\u00f6ra n\u00e5got om detta.<\/p>\n<p>4. V\u00e4rlden m\u00e5ste h\u00e5lla ocks\u00e5.<br \/>\nDen d\u00e4r v\u00e4lf\u00e4rden som vi hela tiden ska jobba h\u00e4cka av oss f\u00f6r att den ska \u00f6ka: den f\u00e5r inte ske p\u00e5 bekostnad av milj\u00f6n och klimatet.<br \/>\nVi m\u00e5ste ha en h\u00e5llbar utveckling.<br \/>\nJag hoppas f\u00f6rst\u00e5s p\u00e5 att h\u00f6ra n\u00e5got om detta. Det \u00e4r trots allt att r\u00f6dgr\u00f6nt alternativ Mona Sahlin representerar.<\/p>\n<p>5. Om igen: den d\u00e4r v\u00e4lf\u00e4rden som vi ska jobba, jobba, jobba, jobba f\u00f6r att uppn\u00e5. Fr\u00e5gan \u00e4r till vilken nytta om vi inte hinner njuta av den.<br \/>\nOm vi inte hinner reflektera \u00f6ver v\u00e5r tillvaro &#8211; om det bara \u00e4n n\u00e5got som \u00e4r f\u00f6rbeh\u00e5llet \u00f6vre medelklassen och \u00f6verklassen.<br \/>\nKulturen m\u00e5ste vara n\u00e5got alla f\u00e5r del av. Kultur m\u00e5ste vara n\u00e5got alla kan vara medskapande i.<br \/>\n<strong>Jag vill h\u00f6ra mer om kulturpolitiken.<\/strong><\/p>\n<p>Just nu f\u00e5r jag ju \u00f6nska och d\u00e5 vill jag ocks\u00e5 ta upp det internationella perspektivet.<br \/>\nSka vi ha en h\u00e5llbar v\u00e4rld m\u00e5ste vi ocks\u00e5 f\u00e5 mer r\u00e4ttvisa v\u00e4rlden \u00f6ver.<br \/>\n<a href=\"http:\/\/www.dn.se\/nyheter\/varlden\/miljardarer-lovar-att-skanka-halften-1.1148847\">Jag l\u00e4ste i DN<\/a> att 40 snuskigt rika amerikaner har nu lovat att sk\u00e4nka en stor del av sin f\u00f6rm\u00f6genhet till v\u00e4lg\u00f6renhet. Tack vare Bill Gates.<br \/>\nDet \u00e4r helt underbart.<br \/>\nMen v\u00e4rldens gigantiska klyftor kan inte tas bort bara genom n\u00e5gra rikas v\u00e4lvilja.<br \/>\nVi m\u00e5ste g\u00f6ra mer, mycket mer, f\u00f6r att m\u00e4nniskor v\u00e4rlden \u00f6ver kan leva under v\u00e4rdiga och rimliga levnadsvillkor.<\/p>\n<p>En annan oerh\u00f6rt viktig sak \u00e4r fr\u00e5gan om k\u00e4rnvapen. De borde inte finnas. De kan f\u00f6rst\u00f6ra hur mycket som helst. <a href=\"http:\/\/www.dn.se\/nyheter\/varlden\/ban-ki-moon-bort-med-alla-karnvapen-1.1149310\">Som FN:s generalsekreterare Ban Ki-Moon sade n\u00e4r han g\u00e4stade Nagasaki<\/a>: V\u00e4rldens k\u00e4rnvapen m\u00e5ste elimineras.<\/p>\n<p><a href=\"http:\/\/hogbergstankar.blogspot.com\/2010\/08\/detta-vill-jag-hora-av-sveriges-nasta.html\">Peter H\u00f6gberg<\/a> har ocks\u00e5 bloggat om vad han vill h\u00f6ra i Mona Sahlins tal, <a href=\"http:\/\/annikahogberg.blogspot.com\/2010\/08\/mona-sahlin-ska-tala-sa-har.html\">liksom Annika H\u00f6gberg<\/a> och bloggen med det underbara namnet <a href=\"http:\/\/jamlikhetsanden.blogspot.com\/2010\/08\/kan-inte-mona-saga-social.html\">J\u00e4mlikhetsanden<\/a>.<\/p>\n<p><em>Foto: Lena Dahlstr\u00f6m<\/em><\/p>\n<p>L\u00e4s \u00e4ven andra bloggares \u00e5sikter om <a href=\"http:\/\/bloggar.se\/om\/r%F6dgr%F6na\" rel=\"tag\">r\u00f6dgr\u00f6na<\/a>, <a href=\"http:\/\/bloggar.se\/om\/socialdemokraterna\" rel=\"tag\">socialdemokraterna<\/a>, <a href=\"http:\/\/bloggar.se\/om\/politik\" rel=\"tag\">politik<\/a>, <a href=\"http:\/\/bloggar.se\/om\/samh%E4lle\" rel=\"tag\">samh\u00e4lle<\/a>, <a href=\"http:\/\/bloggar.se\/om\/milj%F6\" rel=\"tag\">milj\u00f6<\/a>, <a href=\"http:\/\/bloggar.se\/om\/kulturpolitik\" rel=\"tag\">kulturpolitik<\/a>, <a href=\"http:\/\/bloggar.se\/om\/klimat\" rel=\"tag\">klimat<\/a>, <a href=\"http:\/\/bloggar.se\/om\/k%E4rnvapen\" rel=\"tag\">k\u00e4rnvapen<\/a>, <a href=\"http:\/\/bloggar.se\/om\/Mona+Sahlin\" rel=\"tag\">Mona Sahlin<\/a><\/p>\n","protected":false},"excerpt":{"rendered":"<p>15 augusti ska Mona Sahlin sommartala i Tantolunden, Stockholm. Med lite drygt en m\u00e5nad kvar till valet \u00e4r det utan tvekan s\u00e5 att detta tal kommer att vara det bland de mest betydelsefulla tal Mona Sahlin har h\u00e5llit i sitt politiska liv, ett konstaterande som antagligen kommer att upprepas ytterligare n\u00e5gra g\u00e5nger innan valet. Skriver [&hellip;]<\/p>\n","protected":false},"author":2,"featured_media":0,"comment_status":"open","ping_status":"open","sticky":false,"template":"","format":"standard","meta":{"_genesis_hide_title":false,"_genesis_hide_breadcrumbs":false,"_genesis_hide_singular_image":false,"_genesis_hide_footer_widgets":false,"_genesis_custom_body_class":"","_genesis_custom_post_class":"","_genesis_layout":"","footnotes":""},"categories":[62],"tags":[3184,2952,3109,3680,12284,4877,4917,5229],"class_list":{"0":"post-22513","1":"post","2":"type-post","3":"status-publish","4":"format-standard","6":"category-medie-och-kulturpolitik","7":"tag-karnvapen","8":"tag-klimat","9":"tag-kulturpolitik","10":"tag-miljo","11":"tag-politik","12":"tag-rodgrona","13":"tag-samhalle","14":"tag-socialdemokraterna","15":"entry"},"_links":{"self":[{"href":"https:\/\/kulturbloggen.com\/index.php?rest_route=\/wp\/v2\/posts\/22513","targetHints":{"allow":["GET"]}}],"collection":[{"href":"https:\/\/kulturbloggen.com\/index.php?rest_route=\/wp\/v2\/posts"}],"about":[{"href":"https:\/\/kulturbloggen.com\/index.php?rest_route=\/wp\/v2\/types\/post"}],"author":[{"embeddable":true,"href":"https:\/\/kulturbloggen.com\/index.php?rest_route=\/wp\/v2\/users\/2"}],"replies":[{"embeddable":true,"href":"https:\/\/kulturbloggen.com\/index.php?rest_route=%2Fwp%2Fv2%2Fcomments&post=22513"}],"version-history":[{"count":0,"href":"https:\/\/kulturbloggen.com\/index.php?rest_route=\/wp\/v2\/posts\/22513\/revisions"}],"wp:attachment":[{"href":"https:\/\/kulturbloggen.com\/index.php?rest_route=%2Fwp%2Fv2%2Fmedia&parent=22513"}],"wp:term":[{"taxonomy":"category","embeddable":true,"href":"https:\/\/kulturbloggen.com\/index.php?rest_route=%2Fwp%2Fv2%2Fcategories&post=22513"},{"taxonomy":"post_tag","embeddable":true,"href":"https:\/\/kulturbloggen.com\/index.php?rest_route=%2Fwp%2Fv2%2Ftags&post=22513"}],"curies":[{"name":"wp","href":"https:\/\/api.w.org\/{rel}","templated":true}]}}