{"id":22450,"date":"2010-08-02T15:03:09","date_gmt":"2010-08-02T13:03:09","guid":{"rendered":"http:\/\/kulturbloggen.com\/?p=22450"},"modified":"2010-08-02T15:03:09","modified_gmt":"2010-08-02T13:03:09","slug":"fredrik-ar-forsta-singeln-fran-sakerts-kommande-album-facit","status":"publish","type":"post","link":"https:\/\/kulturbloggen.com\/?p=22450","title":{"rendered":"&quot;Fredrik&quot; \u00e4r f\u00f6rsta singeln fr\u00e5n S\u00e4kerts kommande album &quot;Facit&quot;"},"content":{"rendered":"<p><a href=\"http:\/\/kulturbloggen.com\/wp-content\/uploads\/2010\/08\/annika_norlin.jpg\"><img loading=\"lazy\" decoding=\"async\" src=\"http:\/\/kulturbloggen.com\/wp-content\/uploads\/2010\/08\/annika_norlin-250x300.jpg\" alt=\"\" title=\"annika_norlin\" width=\"250\" height=\"300\" class=\"aligncenter size-medium wp-image-22455\" \/><\/a><\/p>\n<p>F\u00f6rsta singeln fr\u00e5n v\u00e5r andra skiva, Facit, heter Fredrik, skriver Annika Norlin fr\u00e5n hyllade indiebandet S\u00e4kert! i ett press\/bloggmeddelande.<\/p>\n<p>Singeln kommer den 9 augusti och albumet &#8221;Facit&#8221; sl\u00e4pps 15 september.<\/p>\n<p>H\u00e4r ber\u00e4ttar Annika Norlin och skivan:<\/p>\n<blockquote><p>Fredrik \u00e4r skriven av Henrik Oja och mig. Den \u00e4r producerad av Henrik och nspelad p\u00e5 Second Home i Ume\u00e5. Den \u00e4r inte till statsministern, utan till en god v\u00e4n till mig som ocks\u00e5 heter Fredrik.<br \/>\nOm jag skulle f\u00f6rklara vad den handlar om skulle det nog ta mycket l\u00e5ng tid, men i stora drag har jag t\u00e4nkt en del p\u00e5 faktumet att det k\u00e4nns som att all bra opmusik g\u00f6rs till eller om m\u00e4nniskor som har l\u00e4mnat en, legat runt eller betett sig d\u00e5ligt. Vi har f\u00f6rs\u00f6kt g\u00f6ra en l\u00e5t om n\u00e5got s\u00e5 ohippt som moral, v\u00e4nlighet och solidaritet och sedan har vi arbetat p\u00e5 att den inte ska k\u00e4nnas som Heal the world.<br \/>\nDe h\u00e4r medverkar p\u00e5 l\u00e5ten: Henrik och jag, Daniel Berglund, Mats Hammarstr\u00f6m, Lovisa Nystr\u00f6m, Jakob Nystr\u00f6m, Frida Johansson.<\/p><\/blockquote>\n<p>L\u00e4s \u00e4ven andra bloggares \u00e5sikter om <a href=\"http:\/\/bloggar.se\/om\/skivnytt\" rel=\"tag\">skivnytt<\/a>, <a href=\"http:\/\/bloggar.se\/om\/singel\" rel=\"tag\">singel<\/a>, <a href=\"http:\/\/bloggar.se\/om\/indie\" rel=\"tag\">indie<\/a>, <a href=\"http:\/\/bloggar.se\/om\/S%E4kert%21\" rel=\"tag\">S\u00e4kert!<\/a>, <a href=\"http:\/\/bloggar.se\/om\/Annika+Norlin\" rel=\"tag\">Annika Norlin<\/a><\/p>\n","protected":false},"excerpt":{"rendered":"<p>F\u00f6rsta singeln fr\u00e5n v\u00e5r andra skiva, Facit, heter Fredrik, skriver Annika Norlin fr\u00e5n hyllade indiebandet S\u00e4kert! i ett press\/bloggmeddelande. Singeln kommer den 9 augusti och albumet &#8221;Facit&#8221; sl\u00e4pps 15 september. H\u00e4r ber\u00e4ttar Annika Norlin och skivan: Fredrik \u00e4r skriven av Henrik Oja och mig. Den \u00e4r producerad av Henrik och nspelad p\u00e5 Second Home i [&hellip;]<\/p>\n","protected":false},"author":13,"featured_media":0,"comment_status":"open","ping_status":"open","sticky":false,"template":"","format":"standard","meta":{"_genesis_hide_title":false,"_genesis_hide_breadcrumbs":false,"_genesis_hide_singular_image":false,"_genesis_hide_footer_widgets":false,"_genesis_custom_body_class":"","_genesis_custom_post_class":"","_genesis_layout":"","footnotes":""},"categories":[7],"tags":[2467,5072,5121],"class_list":{"0":"post-22450","1":"post","2":"type-post","3":"status-publish","4":"format-standard","6":"category-musik","7":"tag-indie","8":"tag-singel","9":"tag-skivnytt","10":"entry"},"_links":{"self":[{"href":"https:\/\/kulturbloggen.com\/index.php?rest_route=\/wp\/v2\/posts\/22450","targetHints":{"allow":["GET"]}}],"collection":[{"href":"https:\/\/kulturbloggen.com\/index.php?rest_route=\/wp\/v2\/posts"}],"about":[{"href":"https:\/\/kulturbloggen.com\/index.php?rest_route=\/wp\/v2\/types\/post"}],"author":[{"embeddable":true,"href":"https:\/\/kulturbloggen.com\/index.php?rest_route=\/wp\/v2\/users\/13"}],"replies":[{"embeddable":true,"href":"https:\/\/kulturbloggen.com\/index.php?rest_route=%2Fwp%2Fv2%2Fcomments&post=22450"}],"version-history":[{"count":0,"href":"https:\/\/kulturbloggen.com\/index.php?rest_route=\/wp\/v2\/posts\/22450\/revisions"}],"wp:attachment":[{"href":"https:\/\/kulturbloggen.com\/index.php?rest_route=%2Fwp%2Fv2%2Fmedia&parent=22450"}],"wp:term":[{"taxonomy":"category","embeddable":true,"href":"https:\/\/kulturbloggen.com\/index.php?rest_route=%2Fwp%2Fv2%2Fcategories&post=22450"},{"taxonomy":"post_tag","embeddable":true,"href":"https:\/\/kulturbloggen.com\/index.php?rest_route=%2Fwp%2Fv2%2Ftags&post=22450"}],"curies":[{"name":"wp","href":"https:\/\/api.w.org\/{rel}","templated":true}]}}