{"id":2232,"date":"2008-10-05T16:46:47","date_gmt":"2008-10-05T16:46:47","guid":{"rendered":"http:\/\/kulturbloggen.com\/?p=2232"},"modified":"2008-10-05T16:46:47","modified_gmt":"2008-10-05T16:46:47","slug":"shakira-annu-en-artist-som-trader-fram-och-uttalar-sitt-stod-for-obama","status":"publish","type":"post","link":"https:\/\/kulturbloggen.com\/?p=2232","title":{"rendered":"Shakira, \u00e4nnu en artist som tr\u00e4der fram och uttalar sitt st\u00f6d f\u00f6r Obama"},"content":{"rendered":"<p><a href='http:\/\/sodergren.com\/kulturbloggen\/wp-content\/uploads\/2008\/10\/shakira125.jpg'><img loading=\"lazy\" decoding=\"async\" src=\"http:\/\/sodergren.com\/kulturbloggen\/wp-content\/uploads\/2008\/10\/shakira125.jpg\" alt=\"\" title=\"shakira125\" width=\"125\" height=\"250\" class=\"alignright size-full wp-image-2233\" \/><\/a>Shakira, \u00e4nnu en artist som tr\u00e4der fram och uttalar sitt st\u00f6d f\u00f6r Obama.<\/p>\n<p><a href=\"http:\/\/www.huffingtonpost.com\/2008\/10\/05\/colombian-singer-shakira_n_131983.html\">Hittat via Huffington Post<\/a>:<\/p>\n<blockquote><p> Colombian superstar Shakira says Democrat Barack Obama is the best candidate for president, citing his leadership skills.<\/p>\n<p>In a statement Saturday, the Grammy-winning pop artist said Obama can restore peace and the world&#8217;s confidence in the United States. Obama faces Republican presidential nominee John McCain in the Nov. 4 election.<\/p><\/blockquote>\n<p>Aprop\u00e5 hur intensivt videoklipp och YouTube anv\u00e4nds i det amerikanska valet, har ni v\u00e4l inte missat den s\u00e5 roliga imitationen av den republikanske vice presidentkandidaten Sarah Palin <a href=\"http:\/\/www.youtube.com\/watch?v=r36Xc0GG4iQ\">som just nu valsar runt p\u00e5 n\u00e4tet<\/a>?<\/p>\n<p>Shakira st\u00f6der Obama:<br \/>\n<object width=\"425\" height=\"344\"><param name=\"movie\" value=\"http:\/\/www.youtube.com\/v\/9lzEehWVS6A&#038;hl=en&#038;fs=1\"><\/param><param name=\"allowFullScreen\" value=\"true\"><\/param><embed src=\"http:\/\/www.youtube.com\/v\/9lzEehWVS6A&#038;hl=en&#038;fs=1\" type=\"application\/x-shockwave-flash\" allowfullscreen=\"true\" width=\"425\" height=\"344\"><\/embed><\/object><\/p>\n<p>Katie Couric\u00b4s Interview With Sarah Palin (Saturday Night Live)<\/p>\n<p><object width=\"425\" height=\"344\"><param name=\"movie\" value=\"http:\/\/www.youtube.com\/v\/SQ5QbP-SrpQ&#038;hl=en&#038;fs=1\"><\/param><param name=\"allowFullScreen\" value=\"true\"><\/param><embed src=\"http:\/\/www.youtube.com\/v\/SQ5QbP-SrpQ&#038;hl=en&#038;fs=1\" type=\"application\/x-shockwave-flash\" allowfullscreen=\"true\" width=\"425\" height=\"344\"><\/embed><\/object><\/p>\n<p>SNL: Tina Fey as Sarah Palin, Sarah Palin &#038; Hillary Clinton (Tina Fey &#038; Amy Poehler), Sarah Palin Spoof 9\/14 Full Version Sarah Palin Vice President<\/p>\n<p><object width=\"425\" height=\"344\"><param name=\"movie\" value=\"http:\/\/www.youtube.com\/v\/EVndk47caco&#038;hl=en&#038;fs=1\"><\/param><param name=\"allowFullScreen\" value=\"true\"><\/param><embed src=\"http:\/\/www.youtube.com\/v\/EVndk47caco&#038;hl=en&#038;fs=1\" type=\"application\/x-shockwave-flash\" allowfullscreen=\"true\" width=\"425\" height=\"344\"><\/embed><\/object><\/p>\n<p>Relaterat:<br \/>\n<a href=\"http:\/\/www.svd.se\/kulturnoje\/nyheter\/artikel_1832951.svd\">Svenska Dagbladet<\/a><\/p>\n<p>Andra bloggar om: <a href=\"http:\/\/bloggar.se\/om\/USA\" rel=\"tag\">USA<\/a>, <a href=\"http:\/\/bloggar.se\/om\/Obama\" rel=\"tag\">Obama<\/a>, <a href=\"http:\/\/bloggar.se\/om\/Shakira\" rel=\"tag\">Shakira<\/a>, <a href=\"http:\/\/bloggar.se\/om\/Palin\" rel=\"tag\">Palin<\/a>, <a href=\"http:\/\/bloggar.se\/om\/Saturday+Live\" rel=\"tag\">Saturday Live<\/a>, <a href=\"http:\/\/bloggar.se\/om\/tv\" rel=\"tag\">tv<\/a>, <a href=\"http:\/\/bloggar.se\/om\/Youtube\" rel=\"tag\">Youtube<\/a>, <a href=\"http:\/\/bloggar.se\/om\/presidentval\" rel=\"tag\">presidentval<\/a>, <a href=\"http:\/\/bloggar.se\/om\/imitation\" rel=\"tag\">imitation<\/a>, <a href=\"http:\/\/bloggar.se\/om\/parodi\" rel=\"tag\">parodi<\/a>, <a href=\"http:\/\/bloggar.se\/om\/humor\" rel=\"tag\">humor<\/a><\/p>\n","protected":false},"excerpt":{"rendered":"<p>Shakira, \u00e4nnu en artist som tr\u00e4der fram och uttalar sitt st\u00f6d f\u00f6r Obama. Hittat via Huffington Post: Colombian superstar Shakira says Democrat Barack Obama is the best candidate for president, citing his leadership skills. In a statement Saturday, the Grammy-winning pop artist said Obama can restore peace and the world&#8217;s confidence in the United States. [&hellip;]<\/p>\n","protected":false},"author":2,"featured_media":0,"comment_status":"open","ping_status":"open","sticky":false,"template":"","format":"standard","meta":{"_genesis_hide_title":false,"_genesis_hide_breadcrumbs":false,"_genesis_hide_singular_image":false,"_genesis_hide_footer_widgets":false,"_genesis_custom_body_class":"","_genesis_custom_post_class":"","_genesis_layout":"","footnotes":""},"categories":[20],"tags":[4100,6129],"class_list":{"0":"post-2232","1":"post","2":"type-post","3":"status-publish","4":"format-standard","6":"category-film","7":"tag-obama","8":"tag-usa","9":"entry"},"_links":{"self":[{"href":"https:\/\/kulturbloggen.com\/index.php?rest_route=\/wp\/v2\/posts\/2232","targetHints":{"allow":["GET"]}}],"collection":[{"href":"https:\/\/kulturbloggen.com\/index.php?rest_route=\/wp\/v2\/posts"}],"about":[{"href":"https:\/\/kulturbloggen.com\/index.php?rest_route=\/wp\/v2\/types\/post"}],"author":[{"embeddable":true,"href":"https:\/\/kulturbloggen.com\/index.php?rest_route=\/wp\/v2\/users\/2"}],"replies":[{"embeddable":true,"href":"https:\/\/kulturbloggen.com\/index.php?rest_route=%2Fwp%2Fv2%2Fcomments&post=2232"}],"version-history":[{"count":0,"href":"https:\/\/kulturbloggen.com\/index.php?rest_route=\/wp\/v2\/posts\/2232\/revisions"}],"wp:attachment":[{"href":"https:\/\/kulturbloggen.com\/index.php?rest_route=%2Fwp%2Fv2%2Fmedia&parent=2232"}],"wp:term":[{"taxonomy":"category","embeddable":true,"href":"https:\/\/kulturbloggen.com\/index.php?rest_route=%2Fwp%2Fv2%2Fcategories&post=2232"},{"taxonomy":"post_tag","embeddable":true,"href":"https:\/\/kulturbloggen.com\/index.php?rest_route=%2Fwp%2Fv2%2Ftags&post=2232"}],"curies":[{"name":"wp","href":"https:\/\/api.w.org\/{rel}","templated":true}]}}