{"id":22130,"date":"2010-07-20T22:46:41","date_gmt":"2010-07-20T20:46:41","guid":{"rendered":"http:\/\/kulturbloggen.com\/?p=22130"},"modified":"2010-07-20T22:46:41","modified_gmt":"2010-07-20T20:46:41","slug":"timo-raisanen-for-stor-for-gronans-lilla-scen","status":"publish","type":"post","link":"https:\/\/kulturbloggen.com\/?p=22130","title":{"rendered":"Timo R\u00e4is\u00e4nen f\u00f6r stor f\u00f6r Gr\u00f6nans lilla scen"},"content":{"rendered":"<p><a href=\"http:\/\/kulturbloggen.com\/wp-content\/uploads\/2010\/07\/timo_raisanen_gronalund.jpg\"><img loading=\"lazy\" decoding=\"async\" src=\"http:\/\/kulturbloggen.com\/wp-content\/uploads\/2010\/07\/timo_raisanen_gronalund-300x225.jpg\" alt=\"\" title=\"timo_raisanen_gronalund\" width=\"300\" height=\"225\" class=\"aligncenter size-medium wp-image-22131\" \/><\/a><\/p>\n<p>Allas indie\u00e4lskling Timo R\u00e4is\u00e4nen spelade p\u00e5 Gr\u00f6na Lunds lilla scen tisdag 20 juli. Timo har sedan han varit med i tv blivit b\u00e5de i S\u00e5 ska det l\u00e5ta och i hemmahosreportage har han blivit folkk\u00e4r. Vilket m\u00e4rktes p\u00e5 publiken. Trogna fans stod d\u00e4r och tr\u00e4ngdes och k\u00f6ade f\u00f6r att bli insl\u00e4ppta l\u00e5ng tid f\u00f6re spelningen men sedan d\u00f6k det upp b\u00e5de unga och gamla. Precis framf\u00f6r mig stod en flicka i sju-\u00e5tta \u00e5rs\u00e5ldern och bredvid mig en dam kring sextio.<br \/>\nNej, det var inte bara massor av tjejer och kvinnor, Timo har m\u00e5nga killar bland sina fans ocks\u00e5.<br \/>\nTimo R\u00e4is\u00e4nen har sl\u00e4ppt fem studioalbum och flera singlar har slagit stort. Men han \u00e4r \u00e4nd\u00e5  flera steg vassare live. Kanske f\u00f6r att han har en s\u00e5dan enorm energi, han sprutar av energi, far runt p\u00e5 scenen och g\u00f6r krumspr\u00e5ng och hopp med gitarren. Hans tekniker hade fullt sj\u00e5 att resa mikrofonen \u00e5t honom som for runt.<br \/>\nLilla scenen blev smockfull och publiken satt och stod runt om och tr\u00e4ngdes och sj\u00e4lvklart viftade med armarna i takt, klappade takten och sj\u00f6ng med. Timo vet hur han ska f\u00e5 publiken med p\u00e5 noterna.<br \/>\nPubliken var p\u00e5 h\u00f6gvarv och n\u00e4r det blev dags f\u00f6r favorits\u00e5ngen &#8221;Fear No Darkness, Promised Child&#8221; d\u00e5 var publiken i extas.<br \/>\nProffsigt och scenvant l\u00e4t Timo oss sedan varva ner efter den utl\u00f6sningen med lugnare &#8221;Carry me home&#8221;.<br \/>\nDet var sista numret &#8211; fast s\u00e5 blev det extranummer f\u00f6rst\u00e5s och vilket jubel med &#8221;Outcast&#8221; som f\u00f6rsta extranummer.<\/p>\n<p>Lilla scenen \u00e4r egentligen f\u00f6r liten f\u00f6r en s\u00e5dan artist som Timo R\u00e4is\u00e4nen, fast kanske det \u00e4nd\u00e5 var perfekt just f\u00f6r att publiken kommer lite n\u00e4rmare artisten \u00e4n p\u00e5 Stora scenen.<\/p>\n<p>Konkurrensen p\u00e5 tisdagskv\u00e4llen var \u00e4nd\u00e5 h\u00e5rd, f\u00f6r Salem al Fakir spelade ju p\u00e5 Alls\u00e5ngen p\u00e5 Skansen. Salem och Timo kan nog ha en del samma fans. Men den som valde Timo p\u00e5 Gr\u00f6nan kunde \u00e4nd\u00e5 g\u00e5 hem efter en underbar spelning.<\/p>\n<p>P3 Guld som \u00c5rets manliga artist 2007 och P3 Guld: Guldmicken 2008. Ja det \u00e4r han v\u00e4rd. Och har du chansen att se honom live i sommar: ta den. Timo m\u00e5ste vara en av de b\u00e4sta liveartisterna i Sverige just nu.<\/p>\n<p><a href=\"http:\/\/www.myspace.com\/timoraisanen\">H\u00e4r finns Timo R\u00e4is\u00e4nen p\u00e5 Myspace.<\/a><\/p>\n<p>Gr\u00f6nan tr\u00e4ffade Timo som n\u00e5gon timme senare spelade p\u00e5 lilla scen den 20 juli 2010.<\/p>\n<p><object width=\"640\" height=\"385\"><param name=\"movie\" value=\"http:\/\/www.youtube.com\/v\/fflpETnwC9I&amp;hl=sv_SE&amp;fs=1\"><\/param><param name=\"allowFullScreen\" value=\"true\"><\/param><param name=\"allowscriptaccess\" value=\"always\"><\/param><embed src=\"http:\/\/www.youtube.com\/v\/fflpETnwC9I&amp;hl=sv_SE&amp;fs=1\" type=\"application\/x-shockwave-flash\" allowscriptaccess=\"always\" allowfullscreen=\"true\" width=\"640\" height=\"385\"><\/embed><\/object><\/p>\n<p><object width=\"480\" height=\"385\"><param name=\"movie\" value=\"http:\/\/www.youtube.com\/v\/7DJfDyzbqoc&amp;hl=sv_SE&amp;fs=1\"><\/param><param name=\"allowFullScreen\" value=\"true\"><\/param><param name=\"allowscriptaccess\" value=\"always\"><\/param><embed src=\"http:\/\/www.youtube.com\/v\/7DJfDyzbqoc&amp;hl=sv_SE&amp;fs=1\" type=\"application\/x-shockwave-flash\" allowscriptaccess=\"always\" allowfullscreen=\"true\" width=\"480\" height=\"385\"><\/embed><\/object><\/p>\n<p>L\u00e4s \u00e4ven andra bloggares \u00e5sikter om <a href=\"http:\/\/bloggar.se\/om\/musik\" rel=\"tag\">musik<\/a>, <a href=\"http:\/\/bloggar.se\/om\/recension\" rel=\"tag\">recension<\/a>, <a href=\"http:\/\/bloggar.se\/om\/indie\" rel=\"tag\">indie<\/a>, <a href=\"http:\/\/bloggar.se\/om\/konsert\" rel=\"tag\">konsert<\/a>, <a href=\"http:\/\/bloggar.se\/om\/Timo+R%E4is%E4nen\" rel=\"tag\">Timo R\u00e4is\u00e4nen<\/a>, <a href=\"http:\/\/bloggar.se\/om\/Gr%F6na+Lund\" rel=\"tag\">Gr\u00f6na Lund<\/a><\/p>\n","protected":false},"excerpt":{"rendered":"<p>Allas indie\u00e4lskling Timo R\u00e4is\u00e4nen spelade p\u00e5 Gr\u00f6na Lunds lilla scen tisdag 20 juli. Timo har sedan han varit med i tv blivit b\u00e5de i S\u00e5 ska det l\u00e5ta och i hemmahosreportage har han blivit folkk\u00e4r. Vilket m\u00e4rktes p\u00e5 publiken. Trogna fans stod d\u00e4r och tr\u00e4ngdes och k\u00f6ade f\u00f6r att bli insl\u00e4ppta l\u00e5ng tid f\u00f6re spelningen [&hellip;]<\/p>\n","protected":false},"author":2,"featured_media":0,"comment_status":"open","ping_status":"open","sticky":false,"template":"","format":"standard","meta":{"_genesis_hide_title":false,"_genesis_hide_breadcrumbs":false,"_genesis_hide_singular_image":false,"_genesis_hide_footer_widgets":false,"_genesis_custom_body_class":"","_genesis_custom_post_class":"","_genesis_layout":"","footnotes":""},"categories":[7,16],"tags":[2467,3000,12282,12285],"class_list":{"0":"post-22130","1":"post","2":"type-post","3":"status-publish","4":"format-standard","6":"category-musik","7":"category-recension","8":"tag-indie","9":"tag-konsert","10":"tag-musik","11":"tag-recension","12":"entry"},"_links":{"self":[{"href":"https:\/\/kulturbloggen.com\/index.php?rest_route=\/wp\/v2\/posts\/22130","targetHints":{"allow":["GET"]}}],"collection":[{"href":"https:\/\/kulturbloggen.com\/index.php?rest_route=\/wp\/v2\/posts"}],"about":[{"href":"https:\/\/kulturbloggen.com\/index.php?rest_route=\/wp\/v2\/types\/post"}],"author":[{"embeddable":true,"href":"https:\/\/kulturbloggen.com\/index.php?rest_route=\/wp\/v2\/users\/2"}],"replies":[{"embeddable":true,"href":"https:\/\/kulturbloggen.com\/index.php?rest_route=%2Fwp%2Fv2%2Fcomments&post=22130"}],"version-history":[{"count":0,"href":"https:\/\/kulturbloggen.com\/index.php?rest_route=\/wp\/v2\/posts\/22130\/revisions"}],"wp:attachment":[{"href":"https:\/\/kulturbloggen.com\/index.php?rest_route=%2Fwp%2Fv2%2Fmedia&parent=22130"}],"wp:term":[{"taxonomy":"category","embeddable":true,"href":"https:\/\/kulturbloggen.com\/index.php?rest_route=%2Fwp%2Fv2%2Fcategories&post=22130"},{"taxonomy":"post_tag","embeddable":true,"href":"https:\/\/kulturbloggen.com\/index.php?rest_route=%2Fwp%2Fv2%2Ftags&post=22130"}],"curies":[{"name":"wp","href":"https:\/\/api.w.org\/{rel}","templated":true}]}}