{"id":22115,"date":"2010-07-20T10:43:53","date_gmt":"2010-07-20T08:43:53","guid":{"rendered":"http:\/\/kulturbloggen.com\/?p=22115"},"modified":"2010-07-20T10:43:53","modified_gmt":"2010-07-20T08:43:53","slug":"ebbot-hyllar-cornelis-nagot-jag-inte-tanker-missa-pa-kulturfestivalen","status":"publish","type":"post","link":"https:\/\/kulturbloggen.com\/?p=22115","title":{"rendered":"Ebbot hyllar Cornelis &#8211; n\u00e5got jag inte t\u00e4nker missa p\u00e5 kulturfestivalen"},"content":{"rendered":"<p><a href=\"http:\/\/kulturbloggen.com\/wp-content\/uploads\/2008\/11\/ebbot260.jpg\"><img loading=\"lazy\" decoding=\"async\" src=\"http:\/\/kulturbloggen.com\/wp-content\/uploads\/2008\/11\/ebbot260.jpg\" alt=\"\" title=\"ebbot260\" width=\"260\" height=\"150\" class=\"aligncenter size-full wp-image-4844\" \/><\/a><br \/>\nUnder Kulturfestivalen i Stockholm i augusti \u00e4r en av programpunkterna en hyllningskonsert till Cornelis Vreeswijk.<br \/>\nNu kom ett besked som g\u00f6r att jag definitivt skrivit in datumet l\u00f6rdag 14 augusti i min kalender: Ebbot fr\u00e5n Soundtrack of Our Lives kommer ocks\u00e5 att vara med i hyllningskonserten till Cornelis.<\/p>\n<p>Konserten \u00e4r p\u00e5 Gustav Adolfs Torg i Stockholm 20.00-22.00 l\u00f6rdag den 14 augusti.<br \/>\nMedverkande: Marie Bergman, Nina Ramsby, Ebbot Lundberg, Svante Thuresson, Ann-Louise Hansson, Simone Moreno m.fl tillkommande g\u00e4ster + Stockholm Concert Orchestra.<\/p>\n<p>Ett pressmeddelande fr\u00e5n arrang\u00f6ren:<br \/>\nVarje \u00e5r hyllar Kulturfestivalen en artist med stark stockholmskoppling. I \u00e5r \u00e4r det Cornelis Vreeswijks tur. Klara artister sedan tidigare: Marie Bergman, Nina Ramsby, Svante Thuresson, Ann-Louise Hansson och Simone Moreno. Ny artist: Ebbot Lundberg fr\u00e5n The Soundtrack of Our Lives kliver upp p\u00e5 scenen i kv\u00e4llens konsert som vi kallar f\u00f6r Telegram fr\u00e5n Cornelis.<\/p>\n<p><a href=\"http:\/\/kulturfestivalen.stockholm.se\/2010\/program_details.php?GID=42&#038;AID=386\">Mer p\u00e5 Kulturfestivalens hemsida.<\/a><\/p>\n<p>L\u00e4s \u00e4ven andra bloggares \u00e5sikter om <a href=\"http:\/\/bloggar.se\/om\/kulturfestival\" rel=\"tag\">kulturfestival<\/a>, <a href=\"http:\/\/bloggar.se\/om\/Stockholm\" rel=\"tag\">Stockholm<\/a>, <a href=\"http:\/\/bloggar.se\/om\/Cornelis\" rel=\"tag\">Cornelis<\/a>, <a href=\"http:\/\/bloggar.se\/om\/Ebbot\" rel=\"tag\">Ebbot<\/a><\/p>\n","protected":false},"excerpt":{"rendered":"<p>Under Kulturfestivalen i Stockholm i augusti \u00e4r en av programpunkterna en hyllningskonsert till Cornelis Vreeswijk. Nu kom ett besked som g\u00f6r att jag definitivt skrivit in datumet l\u00f6rdag 14 augusti i min kalender: Ebbot fr\u00e5n Soundtrack of Our Lives kommer ocks\u00e5 att vara med i hyllningskonserten till Cornelis. Konserten \u00e4r p\u00e5 Gustav Adolfs Torg i [&hellip;]<\/p>\n","protected":false},"author":13,"featured_media":0,"comment_status":"open","ping_status":"open","sticky":false,"template":"","format":"standard","meta":{"_genesis_hide_title":false,"_genesis_hide_breadcrumbs":false,"_genesis_hide_singular_image":false,"_genesis_hide_footer_widgets":false,"_genesis_custom_body_class":"","_genesis_custom_post_class":"","_genesis_layout":"","footnotes":""},"categories":[62,7],"tags":[3092,5400],"class_list":["post-22115","post","type-post","status-publish","format-standard","category-medie-och-kulturpolitik","category-musik","tag-kulturfestival","tag-stockholm","entry"],"_links":{"self":[{"href":"https:\/\/kulturbloggen.com\/index.php?rest_route=\/wp\/v2\/posts\/22115","targetHints":{"allow":["GET"]}}],"collection":[{"href":"https:\/\/kulturbloggen.com\/index.php?rest_route=\/wp\/v2\/posts"}],"about":[{"href":"https:\/\/kulturbloggen.com\/index.php?rest_route=\/wp\/v2\/types\/post"}],"author":[{"embeddable":true,"href":"https:\/\/kulturbloggen.com\/index.php?rest_route=\/wp\/v2\/users\/13"}],"replies":[{"embeddable":true,"href":"https:\/\/kulturbloggen.com\/index.php?rest_route=%2Fwp%2Fv2%2Fcomments&post=22115"}],"version-history":[{"count":0,"href":"https:\/\/kulturbloggen.com\/index.php?rest_route=\/wp\/v2\/posts\/22115\/revisions"}],"wp:attachment":[{"href":"https:\/\/kulturbloggen.com\/index.php?rest_route=%2Fwp%2Fv2%2Fmedia&parent=22115"}],"wp:term":[{"taxonomy":"category","embeddable":true,"href":"https:\/\/kulturbloggen.com\/index.php?rest_route=%2Fwp%2Fv2%2Fcategories&post=22115"},{"taxonomy":"post_tag","embeddable":true,"href":"https:\/\/kulturbloggen.com\/index.php?rest_route=%2Fwp%2Fv2%2Ftags&post=22115"}],"curies":[{"name":"wp","href":"https:\/\/api.w.org\/{rel}","templated":true}]}}