{"id":22073,"date":"2010-07-18T09:58:31","date_gmt":"2010-07-18T07:58:31","guid":{"rendered":"http:\/\/kulturbloggen.com\/?p=22073"},"modified":"2010-07-18T09:58:31","modified_gmt":"2010-07-18T07:58:31","slug":"teddybears-pa-scen-i-arvika-raddade-lordagen","status":"publish","type":"post","link":"https:\/\/kulturbloggen.com\/?p=22073","title":{"rendered":"Teddybears p\u00e5 scen i Arvika r\u00e4ddade l\u00f6rdagen"},"content":{"rendered":"<p><a href=\"http:\/\/kulturbloggen.com\/wp-content\/uploads\/2010\/06\/teddybears1.jpg\"><img loading=\"lazy\" decoding=\"async\" src=\"http:\/\/kulturbloggen.com\/wp-content\/uploads\/2010\/06\/teddybears1-300x225.jpg\" alt=\"\" title=\"teddybears\" width=\"300\" height=\"225\" class=\"aligncenter size-medium wp-image-21390\" \/><\/a><\/p>\n<p>J\u00e4mf\u00f6rt med den genomg\u00e5ende h\u00f6ga kvaliteten under de tidigare dagarna k\u00e4ndes l\u00f6rdagen n\u00e4stan som en besvikelse p\u00e5 Arvikafestivalen fram tills Teddybears gick p\u00e5 scen.<br \/>\nUppl\u00e4gget hade inte f\u00f6r\u00e4ndrats sedan <a href=\"http:\/\/kulturbloggen.com\/?p=21180\">konserten p\u00e5 Gr\u00f6nan<\/a> i b\u00f6rjan av sommaren.<br \/>\nScenbygget, g\u00e4sts\u00e5ngarna och gitarrsolot mitt i konserten \u00e4r sig likt men de l\u00e4gger lite st\u00f6rre fokus p\u00e5 hitsen, vilket med publikens hj\u00e4lp resulterar i en lysande konsert.<br \/>\nDet enda skumma \u00e4r i slutet n\u00e4r det l\u00e5ter som att de ber publiken att ropa upp Robyn p\u00e5 scen utan att hon dyker upp.<\/p>\n<p><a href=\"http:\/\/kulturbloggen.com\/?p=20889\">H\u00e4r skrev Kulturbloggen om Teddybears p\u00e5 Dramaten.<\/a><\/p>\n<p>Mer av Kulturbloggen fr\u00e5n Arvikafestivalen:<br \/>\n<a href=\"http:\/\/kulturbloggen.com\/?p=22052\">The Big Pink definierar vad musik oftare borde handla om<\/a><\/p>\n<p><a href=\"..\/?p=22047\">Per Egland p\u00e5  Arvikafestivalen<\/a><br \/>\n<a href=\"..\/?p=22038\">Regina Spektor och Kent p\u00e5   Arvikafestivalen<\/a><br \/>\n<a href=\"..\/?p=22034\">[ingenting] p\u00e5    Arvikafestivalen<\/a><br \/>\n<a href=\"..\/?p=22031\">Johnossi<\/a><br \/>\n<a href=\"..\/?p=22019\">Yeasayer<\/a><\/p>\n<p>Relaterat:<br \/>\n<a href=\"http:\/\/blogg.aftonbladet.se\/festivalbloggen\/2010\/07\/ett-leende-kanske\">Exempel fr\u00e5n l\u00f6rdagen: till och med Aftonbladets optimistiske festivalbloggare var n\u00e5got besviken p\u00e5 Shout Out Louds.<\/a><br \/>\n<a href=\"http:\/\/www.expressen.se\/noje\/musik\/1.2067791\/anders-dahlbom-arvika-behover-en-tydligare-profil\">Expressen: Anders Dahlbom: Arvika beh\u00f6ver en tydligare profil<\/a><\/p>\n<p>L\u00e4s \u00e4ven andra bloggares \u00e5sikter om <a href=\"http:\/\/bloggar.se\/om\/musik\" rel=\"tag\">musik<\/a>, <a href=\"http:\/\/bloggar.se\/om\/musikfestivaler\" rel=\"tag\">musikfestivaler<\/a>, <a href=\"http:\/\/bloggar.se\/om\/elektroniskt\" rel=\"tag\">elektroniskt<\/a>, <a href=\"http:\/\/bloggar.se\/om\/Teddybears\" rel=\"tag\">Teddybears<\/a>, <a href=\"http:\/\/bloggar.se\/om\/Arvika\" rel=\"tag\">Arvika<\/a><\/p>\n","protected":false},"excerpt":{"rendered":"<p>J\u00e4mf\u00f6rt med den genomg\u00e5ende h\u00f6ga kvaliteten under de tidigare dagarna k\u00e4ndes l\u00f6rdagen n\u00e4stan som en besvikelse p\u00e5 Arvikafestivalen fram tills Teddybears gick p\u00e5 scen. Uppl\u00e4gget hade inte f\u00f6r\u00e4ndrats sedan konserten p\u00e5 Gr\u00f6nan i b\u00f6rjan av sommaren. Scenbygget, g\u00e4sts\u00e5ngarna och gitarrsolot mitt i konserten \u00e4r sig likt men de l\u00e4gger lite st\u00f6rre fokus p\u00e5 hitsen, vilket [&hellip;]<\/p>\n","protected":false},"author":3,"featured_media":0,"comment_status":"open","ping_status":"open","sticky":false,"template":"","format":"standard","meta":{"_genesis_hide_title":false,"_genesis_hide_breadcrumbs":false,"_genesis_hide_singular_image":false,"_genesis_hide_footer_widgets":false,"_genesis_custom_body_class":"","_genesis_custom_post_class":"","_genesis_layout":"","footnotes":""},"categories":[7,16],"tags":[1478,12282],"class_list":{"0":"post-22073","1":"post","2":"type-post","3":"status-publish","4":"format-standard","6":"category-musik","7":"category-recension","8":"tag-elektroniskt","9":"tag-musik","10":"entry"},"_links":{"self":[{"href":"https:\/\/kulturbloggen.com\/index.php?rest_route=\/wp\/v2\/posts\/22073","targetHints":{"allow":["GET"]}}],"collection":[{"href":"https:\/\/kulturbloggen.com\/index.php?rest_route=\/wp\/v2\/posts"}],"about":[{"href":"https:\/\/kulturbloggen.com\/index.php?rest_route=\/wp\/v2\/types\/post"}],"author":[{"embeddable":true,"href":"https:\/\/kulturbloggen.com\/index.php?rest_route=\/wp\/v2\/users\/3"}],"replies":[{"embeddable":true,"href":"https:\/\/kulturbloggen.com\/index.php?rest_route=%2Fwp%2Fv2%2Fcomments&post=22073"}],"version-history":[{"count":0,"href":"https:\/\/kulturbloggen.com\/index.php?rest_route=\/wp\/v2\/posts\/22073\/revisions"}],"wp:attachment":[{"href":"https:\/\/kulturbloggen.com\/index.php?rest_route=%2Fwp%2Fv2%2Fmedia&parent=22073"}],"wp:term":[{"taxonomy":"category","embeddable":true,"href":"https:\/\/kulturbloggen.com\/index.php?rest_route=%2Fwp%2Fv2%2Fcategories&post=22073"},{"taxonomy":"post_tag","embeddable":true,"href":"https:\/\/kulturbloggen.com\/index.php?rest_route=%2Fwp%2Fv2%2Ftags&post=22073"}],"curies":[{"name":"wp","href":"https:\/\/api.w.org\/{rel}","templated":true}]}}