{"id":2193,"date":"2008-10-04T13:04:30","date_gmt":"2008-10-04T13:04:30","guid":{"rendered":"http:\/\/kulturbloggen.com\/?p=2193"},"modified":"2008-10-04T13:04:30","modified_gmt":"2008-10-04T13:04:30","slug":"filmklipp-med-rapparen-pras-michel-annu-en-av-de-manga-artisterna-som-tar-stallning-for-obama","status":"publish","type":"post","link":"https:\/\/kulturbloggen.com\/?p=2193","title":{"rendered":"Filmklipp med rapparen Pras Michel, \u00e4nnu en av de m\u00e5nga artisterna som tar st\u00e4llning f\u00f6r Obama"},"content":{"rendered":"<p><a href='http:\/\/sodergren.com\/kulturbloggen\/wp-content\/uploads\/2008\/10\/pras_michel260.jpg'><img loading=\"lazy\" decoding=\"async\" src=\"http:\/\/sodergren.com\/kulturbloggen\/wp-content\/uploads\/2008\/10\/pras_michel260.jpg\" alt=\"\" title=\"pras_michel260\" width=\"260\" height=\"150\" class=\"alignright size-full wp-image-2194\" \/><\/a><\/p>\n<p>Den amerikanske rapparen Pras Michel \u00e4r i Sverige, f\u00f6r att g\u00f6ra reklam f\u00f6r Obama. Jag f\u00f6rmodar att han siktar p\u00e5 de amerikaner som bor utomlands, annars \u00e4r v\u00e4l inte det s\u00e5 meningsfullt att kampanja i Sverige.<\/p>\n<p><a href=\"http:\/\/www.aftonbladet.se\/nyheter\/usavalet\/article3460072.ab\">Enligt AB <\/a>s\u00e4ger Pras Michel att om McCain vinner, d\u00e5 flyttar Pras Michel fr\u00e5n USA.<\/p>\n<p>Det \u00e4r en m\u00e5nad kvar nu till valet av amerikansk president och de tv\u00e5 kandidaterna, McCain och Obama har startat slutspurten. Den \u00e4r mycket noggrannt planlagd. De reser till de delstater d\u00e4r det st\u00e5r och v\u00e4ger, d\u00e4r det allts\u00e5 \u00e4r meningsfullt att g\u00f6ra en insats. De stater d\u00e4r de redan vet att de f\u00f6rlorar, respektive vinner, hoppar de \u00f6ver.<\/p>\n<p>Det betyder till exempel att Obama inte beh\u00f6ver kampanja i New York, f\u00f6r d\u00e4r l\u00e4r han \u00e4nd\u00e5 vinna. Det \u00e4r ocks\u00e5 sl\u00f6seri med energi f\u00f6r honom att dra till Texas, f\u00f6r den delstaten har McCain och republikanerna somi en liten ask.<\/p>\n<p><a href=\"http:\/\/www.aftonbladet.se\/nyheter\/usavalet\/article3458619.ab\">Aftonbladet har listat hur det ser ut f\u00f6r de tv\u00e5 kandidaterna i de olika delstaterna.<\/a><\/p>\n<p>Det \u00e4r sl\u00e5ende hur m\u00e5nga artister som \u00f6ppet tar politisk st\u00e4llning i USA.<\/p>\n<p>Pras Michel 003: Obama and The Fugees<\/p>\n<p><object width=\"425\" height=\"344\"><param name=\"movie\" value=\"http:\/\/www.youtube.com\/v\/Md2XWK_ORPE&#038;hl=en&#038;fs=1\"><\/param><param name=\"allowFullScreen\" value=\"true\"><\/param><embed src=\"http:\/\/www.youtube.com\/v\/Md2XWK_ORPE&#038;hl=en&#038;fs=1\" type=\"application\/x-shockwave-flash\" allowfullscreen=\"true\" width=\"425\" height=\"344\"><\/embed><\/object><\/p>\n<p>Pras Michel: Introducing My Video Blog<br \/>\n<object width=\"425\" height=\"344\"><param name=\"movie\" value=\"http:\/\/www.youtube.com\/v\/fWRaKE1r--k&#038;hl=en&#038;fs=1\"><\/param><param name=\"allowFullScreen\" value=\"true\"><\/param><embed src=\"http:\/\/www.youtube.com\/v\/fWRaKE1r--k&#038;hl=en&#038;fs=1\" type=\"application\/x-shockwave-flash\" allowfullscreen=\"true\" width=\"425\" height=\"344\"><\/embed><\/object><\/p>\n<p>Relaterat:<br \/>\n<a href=\"http:\/\/www.dn.se\/DNet\/jsp\/polopoly.jsp?d=2374&#038;a=834982\">Obama v\u00e4djar med brev i Vibe<\/a><br \/>\n<a href='http:\/\/sodergren.com\/kulturbloggen\/wp-content\/uploads\/2008\/10\/pras_michel125.jpg'><img loading=\"lazy\" decoding=\"async\" src=\"http:\/\/sodergren.com\/kulturbloggen\/wp-content\/uploads\/2008\/10\/pras_michel125.jpg\" alt=\"\" title=\"pras_michel125\" width=\"125\" height=\"250\" class=\"alignright size-full wp-image-2195\" \/><\/a><br \/>\nAndra bloggar om: <a href=\"http:\/\/bloggar.se\/om\/USA\" rel=\"tag\">USA<\/a>, <a href=\"http:\/\/bloggar.se\/om\/hiphop\" rel=\"tag\">hiphop<\/a>, <a href=\"http:\/\/bloggar.se\/om\/Obama\" rel=\"tag\">Obama<\/a>, <a href=\"http:\/\/bloggar.se\/om\/Pras+Michel\" rel=\"tag\">Pras Michel<\/a>, <a href=\"http:\/\/bloggar.se\/om\/McCain\" rel=\"tag\">McCain<\/a>, <a href=\"http:\/\/bloggar.se\/om\/presidentval\" rel=\"tag\">presidentval<\/a>, <a href=\"http:\/\/bloggar.se\/om\/New+York\" rel=\"tag\">New York<\/a>, <a href=\"http:\/\/bloggar.se\/om\/Texas\" rel=\"tag\">Texas<\/a>, <a href=\"http:\/\/bloggar.se\/om\/delstater\" rel=\"tag\">delstater<\/a>, <a href=\"http:\/\/bloggar.se\/om\/demokraterna\" rel=\"tag\">demokraterna<\/a>, <a href=\"http:\/\/bloggar.se\/om\/republikanerna\" rel=\"tag\">republikanerna<\/a><\/p>\n","protected":false},"excerpt":{"rendered":"<p>Den amerikanske rapparen Pras Michel \u00e4r i Sverige, f\u00f6r att g\u00f6ra reklam f\u00f6r Obama. Jag f\u00f6rmodar att han siktar p\u00e5 de amerikaner som bor utomlands, annars \u00e4r v\u00e4l inte det s\u00e5 meningsfullt att kampanja i Sverige. Enligt AB s\u00e4ger Pras Michel att om McCain vinner, d\u00e5 flyttar Pras Michel fr\u00e5n USA. Det \u00e4r en m\u00e5nad [&hellip;]<\/p>\n","protected":false},"author":2,"featured_media":0,"comment_status":"open","ping_status":"open","sticky":false,"template":"","format":"standard","meta":{"_genesis_hide_title":false,"_genesis_hide_breadcrumbs":false,"_genesis_hide_singular_image":false,"_genesis_hide_footer_widgets":false,"_genesis_custom_body_class":"","_genesis_custom_post_class":"","_genesis_layout":"","footnotes":""},"categories":[20],"tags":[2274,4100,6129],"class_list":{"0":"post-2193","1":"post","2":"type-post","3":"status-publish","4":"format-standard","6":"category-film","7":"tag-hiphop","8":"tag-obama","9":"tag-usa","10":"entry"},"_links":{"self":[{"href":"https:\/\/kulturbloggen.com\/index.php?rest_route=\/wp\/v2\/posts\/2193","targetHints":{"allow":["GET"]}}],"collection":[{"href":"https:\/\/kulturbloggen.com\/index.php?rest_route=\/wp\/v2\/posts"}],"about":[{"href":"https:\/\/kulturbloggen.com\/index.php?rest_route=\/wp\/v2\/types\/post"}],"author":[{"embeddable":true,"href":"https:\/\/kulturbloggen.com\/index.php?rest_route=\/wp\/v2\/users\/2"}],"replies":[{"embeddable":true,"href":"https:\/\/kulturbloggen.com\/index.php?rest_route=%2Fwp%2Fv2%2Fcomments&post=2193"}],"version-history":[{"count":0,"href":"https:\/\/kulturbloggen.com\/index.php?rest_route=\/wp\/v2\/posts\/2193\/revisions"}],"wp:attachment":[{"href":"https:\/\/kulturbloggen.com\/index.php?rest_route=%2Fwp%2Fv2%2Fmedia&parent=2193"}],"wp:term":[{"taxonomy":"category","embeddable":true,"href":"https:\/\/kulturbloggen.com\/index.php?rest_route=%2Fwp%2Fv2%2Fcategories&post=2193"},{"taxonomy":"post_tag","embeddable":true,"href":"https:\/\/kulturbloggen.com\/index.php?rest_route=%2Fwp%2Fv2%2Ftags&post=2193"}],"curies":[{"name":"wp","href":"https:\/\/api.w.org\/{rel}","templated":true}]}}