{"id":2190,"date":"2008-10-04T07:55:46","date_gmt":"2008-10-04T07:55:46","guid":{"rendered":"http:\/\/kulturbloggen.com\/?p=2190"},"modified":"2008-10-04T07:55:46","modified_gmt":"2008-10-04T07:55:46","slug":"hitta-norska-bloggar","status":"publish","type":"post","link":"https:\/\/kulturbloggen.com\/?p=2190","title":{"rendered":"Hitta norska bloggar"},"content":{"rendered":"<p><a href='http:\/\/sodergren.com\/kulturbloggen\/wp-content\/uploads\/2008\/10\/norskabloggar.jpg'><img loading=\"lazy\" decoding=\"async\" src=\"http:\/\/sodergren.com\/kulturbloggen\/wp-content\/uploads\/2008\/10\/norskabloggar.jpg\" alt=\"\" title=\"norskabloggar\" width=\"260\" height=\"150\" class=\"alignright size-full wp-image-2191\" \/><\/a><\/p>\n<p>Jag hade en del kontakt med norska bloggar f\u00f6r lite drygt ett \u00e5r sedan. Nu har det varit tunt med det p\u00e5 sista tiden. Det \u00e4r lite dumt att vi i den nordiska l\u00e4nderna vet s\u00e5 litet om varandras l\u00e4nder. Jag vet inte ens namnet p\u00e5 s\u00e4rskilt m\u00e5nga norska politiker och inte s\u00e5 m\u00e5nga artister heller.<\/p>\n<p>Men nu ska jag b\u00f6rja ta tag i det d\u00e4r med att ha koll p\u00e5 bloggv\u00e4rlden i Norge och f\u00f6r \u00f6vrigt ocks\u00e5 \u00f6vriga nordiska l\u00e4nder. S\u00e5 jag b\u00f6rjade med att samla ihop en lista p\u00e5 norska bloggportaler. Det \u00e4r en b\u00f6rjan.<\/p>\n<p>Tipsa mig g\u00e4rna om du har koll p\u00e5 bra skandinaviska bloggar och bloggportaler.<\/p>\n<p><a href=\"http:\/\/portal.sonitus.org\/\">Sonitus<\/a> har blivit en portal som aggregerar nordiska l\u00e4nkar.<\/p>\n<p>P\u00e5 de stora norska tidningssajterna finns bloggportaler, precis som hos Aftonbladet och Expressen h\u00e4r i Sverige, d\u00e4r folk kan starta bloggar.<br \/>\n<a href=\"http:\/\/www.vgb.no\/\">http:\/\/www.vgb.no\/<\/a><br \/>\n<a href=\"http:\/\/www.blogging.no\/\">http:\/\/www.blogging.no\/<\/a><\/p>\n<p><a href=\"http:\/\/bloggrevyen.no\/\">Hos Bloggrevyen<\/a> hittar du nyligen uppdaterade norska bloggar.<br \/>\n<a href=\"http:\/\/www.bloggarkivet.net\/\">Bloggarkivet<\/a><br \/>\n<a href=\"http:\/\/www.norskeblogger.com\/\">Norske blogger<\/a><\/p>\n<p><a href=\"http:\/\/www.primelabs.se\/2007\/05\/06\/oversikt-over-norska-bloggsajter\/\">Primelabs har fler tips.<\/a><\/p>\n<p>Andra bloggar om: <a href=\"http:\/\/bloggar.se\/om\/Norge\" rel=\"tag\">Norge<\/a>, <a href=\"http:\/\/bloggar.se\/om\/bloggportaler\" rel=\"tag\">bloggportaler<\/a>, <a href=\"http:\/\/bloggar.se\/om\/norska+bloggar\" rel=\"tag\">norska bloggar<\/a><\/p>\n<p><a href='http:\/\/sodergren.com\/kulturbloggen\/wp-content\/uploads\/2008\/10\/norge125.jpg'><img loading=\"lazy\" decoding=\"async\" src=\"http:\/\/sodergren.com\/kulturbloggen\/wp-content\/uploads\/2008\/10\/norge125.jpg\" alt=\"\" title=\"norge125\" width=\"125\" height=\"250\" class=\"alignnone size-medium wp-image-2192\" \/><\/a><\/p>\n","protected":false},"excerpt":{"rendered":"<p>Jag hade en del kontakt med norska bloggar f\u00f6r lite drygt ett \u00e5r sedan. Nu har det varit tunt med det p\u00e5 sista tiden. Det \u00e4r lite dumt att vi i den nordiska l\u00e4nderna vet s\u00e5 litet om varandras l\u00e4nder. Jag vet inte ens namnet p\u00e5 s\u00e4rskilt m\u00e5nga norska politiker och inte s\u00e5 m\u00e5nga artister [&hellip;]<\/p>\n","protected":false},"author":2,"featured_media":0,"comment_status":"open","ping_status":"open","sticky":false,"template":"","format":"standard","meta":{"_genesis_hide_title":false,"_genesis_hide_breadcrumbs":false,"_genesis_hide_singular_image":false,"_genesis_hide_footer_widgets":false,"_genesis_custom_body_class":"","_genesis_custom_post_class":"","_genesis_layout":"","footnotes":""},"categories":[20],"tags":[736,4032],"class_list":{"0":"post-2190","1":"post","2":"type-post","3":"status-publish","4":"format-standard","6":"category-film","7":"tag-bloggportaler","8":"tag-norge","9":"entry"},"_links":{"self":[{"href":"https:\/\/kulturbloggen.com\/index.php?rest_route=\/wp\/v2\/posts\/2190","targetHints":{"allow":["GET"]}}],"collection":[{"href":"https:\/\/kulturbloggen.com\/index.php?rest_route=\/wp\/v2\/posts"}],"about":[{"href":"https:\/\/kulturbloggen.com\/index.php?rest_route=\/wp\/v2\/types\/post"}],"author":[{"embeddable":true,"href":"https:\/\/kulturbloggen.com\/index.php?rest_route=\/wp\/v2\/users\/2"}],"replies":[{"embeddable":true,"href":"https:\/\/kulturbloggen.com\/index.php?rest_route=%2Fwp%2Fv2%2Fcomments&post=2190"}],"version-history":[{"count":0,"href":"https:\/\/kulturbloggen.com\/index.php?rest_route=\/wp\/v2\/posts\/2190\/revisions"}],"wp:attachment":[{"href":"https:\/\/kulturbloggen.com\/index.php?rest_route=%2Fwp%2Fv2%2Fmedia&parent=2190"}],"wp:term":[{"taxonomy":"category","embeddable":true,"href":"https:\/\/kulturbloggen.com\/index.php?rest_route=%2Fwp%2Fv2%2Fcategories&post=2190"},{"taxonomy":"post_tag","embeddable":true,"href":"https:\/\/kulturbloggen.com\/index.php?rest_route=%2Fwp%2Fv2%2Ftags&post=2190"}],"curies":[{"name":"wp","href":"https:\/\/api.w.org\/{rel}","templated":true}]}}