{"id":21814,"date":"2010-07-07T14:19:14","date_gmt":"2010-07-07T12:19:14","guid":{"rendered":"http:\/\/kulturbloggen.com\/?p=21814"},"modified":"2010-07-07T14:19:14","modified_gmt":"2010-07-07T12:19:14","slug":"vard-efter-behov-inte-efter-planbok-men-med-en-riskabel-overvakning-av-medborgarnas-journaler","status":"publish","type":"post","link":"https:\/\/kulturbloggen.com\/?p=21814","title":{"rendered":"V\u00e5rd efter behov, inte efter pl\u00e5nbok men med en riskabel \u00f6vervakning av medborgarnas journaler"},"content":{"rendered":"<p><a href=\"http:\/\/kulturbloggen.com\/wp-content\/uploads\/2010\/07\/rodgrona.jpg\"><img loading=\"lazy\" decoding=\"async\" src=\"http:\/\/kulturbloggen.com\/wp-content\/uploads\/2010\/07\/rodgrona-300x225.jpg\" alt=\"\" title=\"rodgrona\" width=\"300\" height=\"225\" class=\"aligncenter size-medium wp-image-21818\" \/><\/a><br \/>\nMer resurser till sjukv\u00e5rden och den ska vara j\u00e4mlik, det ska inte g\u00e5 att k\u00f6pa sig b\u00e4ttre v\u00e5rd. Tjockleken p\u00e5 pl\u00e5nboken ska inte avg\u00f6ra vilken v\u00e5rd en m\u00e4nniska f\u00e5, det \u00e4r vilken v\u00e5rd en m\u00e4nniska beh\u00f6ver som ska avg\u00f6ra.<\/p>\n<p><a href=\"http:\/\/www.rodgron.se\/nyheter\/gemensam-overenskommelse-vard-i-varldsklass\/\">De r\u00f6dgr\u00f6nas partiledare och spr\u00e5kr\u00f6r<\/a> presenterade p\u00e5 onsdagen en gemensam politik inom sjukv\u00e5rden. Presentationen gjordes inf\u00f6r ett stort, stort medieuppb\u00e5d av s\u00e5v\u00e4l gammelmedier som Expressen, Aftonbladet, <a href=\"http:\/\/svt.se\/2.128339\/1.2068911\/behov_fore_planbok_i_varden\">SVT<\/a> med flera, men ocks\u00e5 en stor grupp nya medier som <a href=\"http:\/\/hbt-sossen.blogspot.com\/2010\/07\/ytterligare-en-rodgron-uppgorelse.html\">bloggare fr\u00e5n Netroots<\/a>.<\/p>\n<p><em>Programmet inneh\u00e5ller riktlinjer som &#8221;V\u00e5rd efter behov &#8211; inte efter pl\u00e5nbok&#8221;<br \/>\nInga gr\u00e4ddfilen f\u00f6r privatbetalande patienter<br \/>\nInte till\u00e5tet att privatisera eller stycka universitets- och regionsjukhuset<br \/>\nHemsjukv\u00e5rden f\u00e5r kommunalt huvudmannaskap<br \/>\nEn bred kompetenssatsning f\u00f6r \u00f6kat kompetens hos alla yrkesgrupper som arbetar inom demensv\u00e5rden<br \/>\nMultisjuka \u00e4ldre f\u00e5r en personlig l\u00e4kare med helhetsansvar som g\u00f6r regelbundna l\u00e4kemedelsgenomg\u00e5ngar<br \/>\nNationella riktlinjer g\u00f6rs obligatoriska i v\u00e5rden<br \/>\nSamma h\u00f6ga kvalitet i v\u00e5rden i hela landet<br \/>\nMedborgarna ska kunna v\u00e4lja v\u00e5rdgivare, V\u00e5rdf\u00f6retagen ska inte v\u00e4lja patienter. Ingen lag om fri etablering.<br \/>\nDet ska inte vara m\u00f6jligt f\u00f6r de som har r\u00e5d att k\u00f6pa extra tj\u00e4nster i den offentligt finansierade v\u00e5rden.<\/em><\/p>\n<p>Idag finns det privata sjukv\u00e5rdsf\u00f6rs\u00e4kringar. Jag fr\u00e5gade p\u00e5 vilket s\u00e4tt dessa p\u00e5verkas.<br \/>\nDen som har en privat sjukv\u00e5rdsf\u00f6rs\u00e4kring ringer ju till sitt f\u00f6rs\u00e4kringsf\u00f6retag och f\u00e5r tid hos specialistl\u00e4kare samma dag &#8211; medan den som v\u00e4nder sig till allm\u00e4nna sjukv\u00e5rden aldrig kan f\u00e5 tid hos specialist direkt. De m\u00e5ste v\u00e4nda sig till v\u00e5rdcentral f\u00f6r att f\u00e5 remiss och kan i b\u00e4sta fall f\u00e5 tid om sex veckor, ofta tar det tre-fyra m\u00e5nader.<\/p>\n<p>Men detta p\u00e5verkas inte av det h\u00e4r f\u00f6rslaget, eftersom den som har privat sjukv\u00e5rdsf\u00f6rs\u00e4kring oftast f\u00e5r tid hos l\u00e4kare inom privata f\u00f6retag.<br \/>\nJag tjuvlyssnade lite n\u00e4r ett g\u00e4ng fr\u00e5n Expressens ledarredaktion diskuterade. De menade att det var diskriminering att rika m\u00e4nniskor som bor utomlands och inte \u00e4r svenska medborgare kan k\u00f6pa operationer och sjukv\u00e5rd inom svensk v\u00e5rd, medan svenska medborgare inte har den r\u00e4tten.<\/p>\n<p>N\u00e5gon journalist fr\u00e5gade om detta p\u00e5 presskonferensen. Mona Sahlin svarade att det har med speciella avtal sjukv\u00e5rden har \u00f6ver landsgr\u00e4nser, att svensk sjukv\u00e5rd tar emot s\u00e5dana patienter g\u00f6r att vi i v\u00e5r tur kan k\u00f6pa v\u00e5rd utomlands.<\/p>\n<p>Vad jag kunde h\u00f6ra fr\u00e5n Expressens ledarskribenter tyckte de att detta var en grav or\u00e4ttvisa. Jag kan inte l\u00e5ta bli att undra om det inte \u00e4r en oerh\u00f6rt liten detalj i sammanhanget. Den stora or\u00e4ttvisan \u00e4r v\u00e4l att de med privat sjukv\u00e5rdsf\u00f6rs\u00e4kring redan idag f\u00e5r v\u00e5rd betydligt snabbare \u00e4n den som \u00e4r h\u00e4nvisad till allm\u00e4nna sjukv\u00e5rden.<\/p>\n<p>Vad jag efterlyser \u00e4r b\u00e4ttre v\u00e5rd \u00e5t alla. Det g\u00f6r inget att de med privata sjukv\u00e5rdsf\u00f6rs\u00e4kringar f\u00e5r bra v\u00e5rd, bara alla har samma snabba och bra v\u00e5rd.<\/p>\n<p>Men en sak i f\u00f6rslaget fr\u00e5n de r\u00f6dgr\u00f6na vill jag flagga en varningsflagga f\u00f6r.<br \/>\nAlla patienters journaler ska samlas p\u00e5 ett st\u00e4lla. Idag kan en m\u00e4nniska ha journaler med information om sin sjukhistoria och sina mediciner utspridd hos en m\u00e4ngd l\u00e4kare.<br \/>\nDet kan vara negativt: l\u00e4kare kan ha sv\u00e5rt att g\u00f6ra r\u00e4tt bed\u00f6mningar, de har inte all bakgrund och vet inte vilka mediciner den v\u00e5rds\u00f6kande har.<br \/>\nMen redan idag kan ju en m\u00e4nniska ge en v\u00e5rdcentral eller l\u00e4kare r\u00e4tt att f\u00e5 ut journaler fr\u00e5n andra st\u00e4llen.<br \/>\nAtt samla all information om en m\u00e4nniska p\u00e5 ett st\u00e4lla kan vara information som \u00e4r attraktiv f\u00f6r f\u00f6rs\u00e4kringsbolag. Redan idag \u00e4r det m\u00e4nniskor som nekas teckna f\u00f6rs\u00e4kringar f\u00f6r att de har sjukdomar eller anlag f\u00f6r vissa sjukdomar. Sj\u00e4lvklart kommer f\u00f6rs\u00e4kringsbolag att kr\u00e4va att f\u00e5 tillg\u00e5ng till m\u00e4nniskors journaler f\u00f6r att godk\u00e4nna att de tecknar f\u00f6rs\u00e4kringar.<br \/>\nMed tanke p\u00e5 den utveckling som sker inom dna-teknik och vad s\u00e5dana prov kan visa \u00e4r det ot\u00e4ckt n\u00e4r f\u00f6rs\u00e4kringsbolag och andra kommersiella intressen kommer att f\u00e5 tillg\u00e5ng till m\u00e4nniskors medicinska historia.<br \/>\nJag vet inte hur det h\u00e4r kan f\u00f6rhindras. Det finns sj\u00e4lvklart f\u00f6rdelar med att all medicinsk information om en m\u00e4nniska finns samlad p\u00e5 ett st\u00e4lle, men det finns v\u00e4ldigt h\u00f6ra risker med detta.<\/p>\n<p><a href=\"http:\/\/martinmobergsblogg.blogspot.com\/2010\/07\/sjukvarden-ska-ges-efter-behov-och.html\">Martin Moberg<\/a> var ocks\u00e5 med p\u00e5 presskonferensen och har bloggat om den och <a href=\"http:\/\/ulrikafalk.wordpress.com\/2010\/07\/07\/rodgron-overenskommelse-vard-i-varldsklass\/\">Ulrika Falk<\/a> har ocks\u00e5 bloggat om den. <a href=\"http:\/\/rodaberget.wordpress.com\/2010\/07\/07\/de-rodgrona-levererar-sjukvard\/\">Peter fr\u00e5n R\u00f6da berget<\/a> var ocks\u00e5 med p\u00e5 plats liksom Claes Krantz..<\/p>\n<p><a href=\"http:\/\/www.rodgron.se\/wp-content\/uploads\/2010\/07\/vard_rapport2.pdf\">Vill du l\u00e4sa hela uppg\u00f6relsen, s\u00e5 finns den h\u00e4r.<\/a><\/p>\n<p><a href=\"http:\/\/www.annavikstrom.com\/2010\/07\/vard-i-varldsklass-rodgron.html\">Anna Vikstr\u00f6m har ocks\u00e5 bloggat om uppg\u00f6relsen.<br \/>\n<\/a><\/p>\n<p>Relaterat:<br \/>\n<a href=\"http:\/\/www.dn.se\/nyheter\/valet2010\/man-ska-inte-kunna-kopa-sig-extra-sjuktjanster-for-pengar-1.1134081\">Dagens Nyheter<\/a>, <a href=\"http:\/\/www.expressen.se\/Nyheter\/val2010\/1.2050778\/rodgront-utspel-om-valfarden\">Expressen<\/a><\/p>\n<p>L\u00e4s \u00e4ven andra bloggares \u00e5sikter om <a href=\"http:\/\/bloggar.se\/om\/sjukv%E5rd\" rel=\"tag\">sjukv\u00e5rd<\/a>, <a href=\"http:\/\/bloggar.se\/om\/r%F6dgr%F6na\" rel=\"tag\">r\u00f6dgr\u00f6na<\/a>, <a href=\"http:\/\/bloggar.se\/om\/politik\" rel=\"tag\">politik<\/a>, <a href=\"http:\/\/bloggar.se\/om\/medier\" rel=\"tag\">medier<\/a> L\u00e4s \u00e4ven andra bloggares \u00e5sikter om <a href=\"http:\/\/bloggar.se\/om\/%F6vervakning\" rel=\"tag\">\u00f6vervakning<\/a>, <a href=\"http:\/\/bloggar.se\/om\/%F6vervakningssamh%E4llet\" rel=\"tag\">\u00f6vervakningssamh\u00e4llet<\/a><\/p>\n","protected":false},"excerpt":{"rendered":"<p>Mer resurser till sjukv\u00e5rden och den ska vara j\u00e4mlik, det ska inte g\u00e5 att k\u00f6pa sig b\u00e4ttre v\u00e5rd. Tjockleken p\u00e5 pl\u00e5nboken ska inte avg\u00f6ra vilken v\u00e5rd en m\u00e4nniska f\u00e5, det \u00e4r vilken v\u00e5rd en m\u00e4nniska beh\u00f6ver som ska avg\u00f6ra. De r\u00f6dgr\u00f6nas partiledare och spr\u00e5kr\u00f6r presenterade p\u00e5 onsdagen en gemensam politik inom sjukv\u00e5rden. Presentationen gjordes inf\u00f6r [&hellip;]<\/p>\n","protected":false},"author":2,"featured_media":0,"comment_status":"open","ping_status":"open","sticky":false,"template":"","format":"standard","meta":{"_genesis_hide_title":false,"_genesis_hide_breadcrumbs":false,"_genesis_hide_singular_image":false,"_genesis_hide_footer_widgets":false,"_genesis_custom_body_class":"","_genesis_custom_post_class":"","_genesis_layout":"","footnotes":""},"categories":[20],"tags":[3582,6550,6554,12284,4877,5091],"class_list":{"0":"post-21814","1":"post","2":"type-post","3":"status-publish","4":"format-standard","6":"category-film","7":"tag-medier","8":"tag-overvakning","9":"tag-overvakningssamhallet","10":"tag-politik","11":"tag-rodgrona","12":"tag-sjukvard","13":"entry"},"_links":{"self":[{"href":"https:\/\/kulturbloggen.com\/index.php?rest_route=\/wp\/v2\/posts\/21814","targetHints":{"allow":["GET"]}}],"collection":[{"href":"https:\/\/kulturbloggen.com\/index.php?rest_route=\/wp\/v2\/posts"}],"about":[{"href":"https:\/\/kulturbloggen.com\/index.php?rest_route=\/wp\/v2\/types\/post"}],"author":[{"embeddable":true,"href":"https:\/\/kulturbloggen.com\/index.php?rest_route=\/wp\/v2\/users\/2"}],"replies":[{"embeddable":true,"href":"https:\/\/kulturbloggen.com\/index.php?rest_route=%2Fwp%2Fv2%2Fcomments&post=21814"}],"version-history":[{"count":0,"href":"https:\/\/kulturbloggen.com\/index.php?rest_route=\/wp\/v2\/posts\/21814\/revisions"}],"wp:attachment":[{"href":"https:\/\/kulturbloggen.com\/index.php?rest_route=%2Fwp%2Fv2%2Fmedia&parent=21814"}],"wp:term":[{"taxonomy":"category","embeddable":true,"href":"https:\/\/kulturbloggen.com\/index.php?rest_route=%2Fwp%2Fv2%2Fcategories&post=21814"},{"taxonomy":"post_tag","embeddable":true,"href":"https:\/\/kulturbloggen.com\/index.php?rest_route=%2Fwp%2Fv2%2Ftags&post=21814"}],"curies":[{"name":"wp","href":"https:\/\/api.w.org\/{rel}","templated":true}]}}