{"id":21784,"date":"2010-07-06T13:28:16","date_gmt":"2010-07-06T11:28:16","guid":{"rendered":"http:\/\/kulturbloggen.com\/?p=21784"},"modified":"2010-07-06T13:28:16","modified_gmt":"2010-07-06T11:28:16","slug":"en-miljon-bortprogrammerade-drommar-mote-med-fantastiske-samar-faramarxi","status":"publish","type":"post","link":"https:\/\/kulturbloggen.com\/?p=21784","title":{"rendered":"En miljon bortprogrammerade dr\u00f6mmar &#8211; m\u00f6te med fantastiske Saman Faramarxi"},"content":{"rendered":"<p><a href=\"http:\/\/kulturbloggen.com\/wp-content\/uploads\/2010\/07\/saman_faramarxi.jpg\"><img loading=\"lazy\" decoding=\"async\" src=\"http:\/\/kulturbloggen.com\/wp-content\/uploads\/2010\/07\/saman_faramarxi-300x225.jpg\" alt=\"\" title=\"saman_faramarxi\" width=\"300\" height=\"225\" class=\"aligncenter size-medium wp-image-21788\" \/><\/a><br \/>\nEn miljon bortprogrammerade dr\u00f6mmar.<br \/>\nVarf\u00f6r blev f\u00f6r\u00e4ldrarnas \u00e4nglamark v\u00e5r \u00e4ndh\u00e5llplats?<br \/>\nHar skrivit in mig p\u00e5 Arbetsf\u00f6rmedlingen, har tagit steget till en arbetsf\u00f6rnedring &#8230;<br \/>\nDom gav oss r\u00e4tten att vara en barskrapad konsument.<br \/>\n&#8230;<br \/>\nDe s\u00e4ger att jag har auktoritetsproblem, men det \u00e4r auktoriteter som \u00e4r problemet<br \/>\n&#8230;<br \/>\nRaderna ovan \u00e4r spridda citat ur Spoken Word-poesi av Saman Faramarxi som p\u00e5 tisdagen l\u00e4ste n\u00e5gra av sina dikter om sin uppv\u00e4xt i Gr\u00e4nby i Uppsala, om or\u00e4ttvisor och politisk kamp p\u00e5 ett seminarium av ABF i Almedalen.<\/p>\n<p>Han \u00e4r arg, Saman, men det \u00e4r en ilska som \u00e4r befogad. Sverige \u00e4r ett land d\u00e4r det finns mycket or\u00e4ttvisor och d\u00e4r m\u00e5nga m\u00e4nniskor \u00e4r r\u00e4ttsl\u00f6sa.<\/p>\n<p>Saman har aldrig varit i klammeri med r\u00e4ttvisan, aldrig varit gripen f\u00f6r n\u00e5got brott. N\u00e4r han anl\u00e4nde till Visby greps han av polisen f\u00f6r att de h\u00e4vdade att han s\u00e5g ut att vara narkotikap\u00e5verkad. De unders\u00f6kte honom och sl\u00e4ppte honom sedan med f\u00f6rklaringen att det smugglades in s\u00e5 mycket knark p\u00e5 Gotland att de m\u00e5ste ha koll.<br \/>\nJavisst, Saman \u00e4r emot droger och inser att polisen m\u00e5ste ha koll, men vad \u00e4r anledningen att inte en ljush\u00e5rig kvinna grips bara genom sitt utseende?<br \/>\nF\u00f6rdomar, f\u00f6rst\u00e5s.<br \/>\nSamh\u00e4llet \u00e4r fullt av dem.<\/p>\n<p>Saman \u00e4r arg, fyndig och en ordk\u00f6nstn\u00e4r. Han sade dock att f\u00f6r honom \u00e4r hans poesi \u00e4nd\u00e5 bara ord. \u00c4ven om han tycker mycket \u00e4r m\u00f6rkt s\u00e5 engagerar han sig politiskt f\u00f6r att f\u00f6r\u00e4ndra.<\/p>\n<p>&#8211; Ord \u00e4r ord, men bara handling kan f\u00f6r\u00e4ndra n\u00e5got, sade han.<\/p>\n<p>Fast jag, som \u00e5h\u00f6rare, t\u00e4nker att ord \u00e4r j\u00e4tteviktiga ocks\u00e5. Den som upplever n\u00e5got liknande och inte sj\u00e4lv kan formulera sig kan f\u00e5 styrka genom att h\u00f6ra n\u00e5got formulera dessa k\u00e4nslor.<\/p>\n<p>Vi beh\u00f6ver mer poeter som Saman. Helt klart.<br \/>\nP\u00e5 fr\u00e5gan om vad han vill med sin poesi svarade han:<br \/>\n&#8211; Jag vill att \u00e5sk\u00e5darna ska f\u00e5 med sig ett annat perspektiv och jag vill n\u00e5 ut till de ungdomar som inte sj\u00e4lva kan s\u00e4tta ord p\u00e5 detta.<\/p>\n<p>Ur en av hans dikter:<\/p>\n<blockquote><p>Finn fem fem<br \/>\nVi ser ett<br \/>\nSamh\u00e4llet felv\u00e4nt<br \/>\nMen det kommer de aldrig att erk\u00e4nna.<\/p><\/blockquote>\n<p><a href=\"http:\/\/www.brockman.nu\/blogg\/2010\/07\/morgon-i-almedalen\/\">Brockman har ocks\u00e5 bloggat om detta h\u00e4ftiga seminarium.<\/a><\/p>\n<p>Alexandra var <a href=\"http:\/\/hbt-sossen.blogspot.com\/2010\/07\/forodelse-forakt-och-ett-feministiskt.html\">ocks\u00e5 d\u00e4r<\/a>.<\/p>\n<p><object width=\"480\" height=\"385\"><param name=\"movie\" value=\"http:\/\/www.youtube.com\/v\/u1AOgh_DMWY&amp;hl=sv_SE&amp;fs=1\"><\/param><param name=\"allowFullScreen\" value=\"true\"><\/param><param name=\"allowscriptaccess\" value=\"always\"><\/param><embed src=\"http:\/\/www.youtube.com\/v\/u1AOgh_DMWY&amp;hl=sv_SE&amp;fs=1\" type=\"application\/x-shockwave-flash\" allowscriptaccess=\"always\" allowfullscreen=\"true\" width=\"480\" height=\"385\"><\/embed><\/object><\/p>\n","protected":false},"excerpt":{"rendered":"<p>En miljon bortprogrammerade dr\u00f6mmar. Varf\u00f6r blev f\u00f6r\u00e4ldrarnas \u00e4nglamark v\u00e5r \u00e4ndh\u00e5llplats? Har skrivit in mig p\u00e5 Arbetsf\u00f6rmedlingen, har tagit steget till en arbetsf\u00f6rnedring &#8230; Dom gav oss r\u00e4tten att vara en barskrapad konsument. &#8230; De s\u00e4ger att jag har auktoritetsproblem, men det \u00e4r auktoriteter som \u00e4r problemet &#8230; Raderna ovan \u00e4r spridda citat ur Spoken Word-poesi [&hellip;]<\/p>\n","protected":false},"author":2,"featured_media":0,"comment_status":"open","ping_status":"open","sticky":false,"template":"","format":"standard","meta":{"_genesis_hide_title":false,"_genesis_hide_breadcrumbs":false,"_genesis_hide_singular_image":false,"_genesis_hide_footer_widgets":false,"_genesis_custom_body_class":"","_genesis_custom_post_class":"","_genesis_layout":"","footnotes":""},"categories":[20],"tags":[],"class_list":{"0":"post-21784","1":"post","2":"type-post","3":"status-publish","4":"format-standard","6":"category-film","7":"entry"},"_links":{"self":[{"href":"https:\/\/kulturbloggen.com\/index.php?rest_route=\/wp\/v2\/posts\/21784","targetHints":{"allow":["GET"]}}],"collection":[{"href":"https:\/\/kulturbloggen.com\/index.php?rest_route=\/wp\/v2\/posts"}],"about":[{"href":"https:\/\/kulturbloggen.com\/index.php?rest_route=\/wp\/v2\/types\/post"}],"author":[{"embeddable":true,"href":"https:\/\/kulturbloggen.com\/index.php?rest_route=\/wp\/v2\/users\/2"}],"replies":[{"embeddable":true,"href":"https:\/\/kulturbloggen.com\/index.php?rest_route=%2Fwp%2Fv2%2Fcomments&post=21784"}],"version-history":[{"count":0,"href":"https:\/\/kulturbloggen.com\/index.php?rest_route=\/wp\/v2\/posts\/21784\/revisions"}],"wp:attachment":[{"href":"https:\/\/kulturbloggen.com\/index.php?rest_route=%2Fwp%2Fv2%2Fmedia&parent=21784"}],"wp:term":[{"taxonomy":"category","embeddable":true,"href":"https:\/\/kulturbloggen.com\/index.php?rest_route=%2Fwp%2Fv2%2Fcategories&post=21784"},{"taxonomy":"post_tag","embeddable":true,"href":"https:\/\/kulturbloggen.com\/index.php?rest_route=%2Fwp%2Fv2%2Ftags&post=21784"}],"curies":[{"name":"wp","href":"https:\/\/api.w.org\/{rel}","templated":true}]}}