{"id":2174,"date":"2008-10-03T23:10:35","date_gmt":"2008-10-03T23:10:35","guid":{"rendered":"http:\/\/kulturbloggen.com\/?p=2174"},"modified":"2008-10-03T23:10:35","modified_gmt":"2008-10-03T23:10:35","slug":"valdigt-rundgang-pa-kandisar-ar-det-forstas","status":"publish","type":"post","link":"https:\/\/kulturbloggen.com\/?p=2174","title":{"rendered":"V\u00e4ldigt rundg\u00e5ng p\u00e5 k\u00e4ndisar \u00e4r det f\u00f6rst\u00e5s"},"content":{"rendered":"<p><a href='http:\/\/sodergren.com\/kulturbloggen\/wp-content\/uploads\/2008\/10\/starsonice260.jpg'><img loading=\"lazy\" decoding=\"async\" src=\"http:\/\/sodergren.com\/kulturbloggen\/wp-content\/uploads\/2008\/10\/starsonice260.jpg\" alt=\"\" title=\"starsonice260\" width=\"260\" height=\"150\" class=\"alignright size-full wp-image-2175\" \/><\/a><\/p>\n<p>Jag gillar dans och jag gillar att \u00e5ka skridskor. En hemlighet som jag inte ber\u00e4ttat f\u00f6r s\u00e5 m\u00e5nga av mina nya bekanta \u00e4r att jag faktiskt g\u00e5tt kurser i att vara skridskoledare f\u00f6r barn.<br \/>\nNej, jag \u00e4r ingen expert, men det \u00e4r kul att \u00e5ka skridskor.<\/p>\n<p>N\u00e4r reklam \u00f6ser \u00f6ver mig brukar jag bli misst\u00e4nksam. Nu har vi f\u00e5tt reklam i tv och sett stora affischer \u00f6verallt f\u00f6r den d\u00e4r isvarianten av Lets Dance som b\u00f6rjar p\u00e5 l\u00f6rdag kv\u00e4ll. I radion h\u00f6rde jag n\u00e5gra radiopratare s\u00e4ga att de tyckte det var trist att de som \u00e4r med \u00e4r idrottare och f\u00f6re detta idrottare. Det hade varit roligare med k\u00e4ndisar som inte har s\u00e5 bra kroppskontroll. Menade radioprataren.<\/p>\n<p>Vi f\u00e5r se. Let\u00b4s Dance tyckte jag var kul i ett par s\u00e4songer &#8211; men sedan tr\u00f6ttnade jag.<\/p>\n<p>Jag ska ge isprogrammet en chans i morgon i alla fall. Ska bland annat bli kul att se Tony Irving som brukar sitta i Lets Dance-juryn nu sj\u00e4lv t\u00e4vla.<\/p>\n<p>Jo, som en person sade i tv-soffan i morse: V\u00e4ldig rundg\u00e5ng p\u00e5 k\u00e4ndisar \u00e4r det. Samma k\u00e4ndisar dyker upp i alla program.<\/p>\n<p><a href=\"http:\/\/www.tv4.se\/1.623094\/2008\/09\/11\/stjarnor_pa_is_en_succe_runt_om_i_varlden\">TV4 ber\u00e4ttar p\u00e5 sajten f\u00f6r Stj\u00e4rnor p\u00e5 is<\/a> att ute i andra delar av v\u00e4rlden har samma programid\u00e9 gjort stor succ\u00e9.<\/p>\n<p>N\u00e5gra rapporter fr\u00e5n Aftonbladet inf\u00f6r isprogrammet:<br \/>\n<a href=\"http:\/\/www.aftonbladet.se\/nojesliv\/tv\/dokusapa\/stjarnorpais\/article3449051.ab\">Lulu har sm\u00e4rtor<\/a><br \/>\n<a href=\"http:\/\/www.aftonbladet.se\/nojesliv\/article3449049.ab\">Stora vattenp\u00f6lar p\u00e5 isbanan \u2013 flera deltagare kritiska<\/a><br \/>\n<a href=\"http:\/\/www.aftonbladet.se\/nojesliv\/tv\/dokusapa\/stjarnorpais\/article3449050.ab\">L\u00e4sarna hyllar Lulus utvik<\/a><\/p>\n<p>Andra bloggar om: <a href=\"http:\/\/bloggar.se\/om\/tv4\" rel=\"tag\">tv4<\/a>, <a href=\"http:\/\/bloggar.se\/om\/n%F6je\" rel=\"tag\">n\u00f6je<\/a>, <a href=\"http:\/\/bloggar.se\/om\/stj%E4rnor+p%E5+is\" rel=\"tag\">stj\u00e4rnor p\u00e5 is<\/a>, <a href=\"http:\/\/bloggar.se\/om\/Tony+Irvind\" rel=\"tag\">Tony Irvind<\/a>, <a href=\"http:\/\/bloggar.se\/om\/Josefine+Sundstr%F6m\" rel=\"tag\">Josefine Sundstr\u00f6m<\/a><\/p>\n<p><a href='http:\/\/sodergren.com\/kulturbloggen\/wp-content\/uploads\/2008\/10\/starsonice125.jpg'><img loading=\"lazy\" decoding=\"async\" src=\"http:\/\/sodergren.com\/kulturbloggen\/wp-content\/uploads\/2008\/10\/starsonice125.jpg\" alt=\"\" title=\"starsonice125\" width=\"125\" height=\"250\" class=\"alignnone size-medium wp-image-2176\" \/><\/a><\/p>\n","protected":false},"excerpt":{"rendered":"<p>Jag gillar dans och jag gillar att \u00e5ka skridskor. En hemlighet som jag inte ber\u00e4ttat f\u00f6r s\u00e5 m\u00e5nga av mina nya bekanta \u00e4r att jag faktiskt g\u00e5tt kurser i att vara skridskoledare f\u00f6r barn. Nej, jag \u00e4r ingen expert, men det \u00e4r kul att \u00e5ka skridskor. N\u00e4r reklam \u00f6ser \u00f6ver mig brukar jag bli misst\u00e4nksam. [&hellip;]<\/p>\n","protected":false},"author":2,"featured_media":0,"comment_status":"open","ping_status":"open","sticky":false,"template":"","format":"standard","meta":{"_genesis_hide_title":false,"_genesis_hide_breadcrumbs":false,"_genesis_hide_singular_image":false,"_genesis_hide_footer_widgets":false,"_genesis_custom_body_class":"","_genesis_custom_post_class":"","_genesis_layout":"","footnotes":""},"categories":[20],"tags":[4095,6029],"class_list":{"0":"post-2174","1":"post","2":"type-post","3":"status-publish","4":"format-standard","6":"category-film","7":"tag-noje","8":"tag-tv4","9":"entry"},"_links":{"self":[{"href":"https:\/\/kulturbloggen.com\/index.php?rest_route=\/wp\/v2\/posts\/2174","targetHints":{"allow":["GET"]}}],"collection":[{"href":"https:\/\/kulturbloggen.com\/index.php?rest_route=\/wp\/v2\/posts"}],"about":[{"href":"https:\/\/kulturbloggen.com\/index.php?rest_route=\/wp\/v2\/types\/post"}],"author":[{"embeddable":true,"href":"https:\/\/kulturbloggen.com\/index.php?rest_route=\/wp\/v2\/users\/2"}],"replies":[{"embeddable":true,"href":"https:\/\/kulturbloggen.com\/index.php?rest_route=%2Fwp%2Fv2%2Fcomments&post=2174"}],"version-history":[{"count":0,"href":"https:\/\/kulturbloggen.com\/index.php?rest_route=\/wp\/v2\/posts\/2174\/revisions"}],"wp:attachment":[{"href":"https:\/\/kulturbloggen.com\/index.php?rest_route=%2Fwp%2Fv2%2Fmedia&parent=2174"}],"wp:term":[{"taxonomy":"category","embeddable":true,"href":"https:\/\/kulturbloggen.com\/index.php?rest_route=%2Fwp%2Fv2%2Fcategories&post=2174"},{"taxonomy":"post_tag","embeddable":true,"href":"https:\/\/kulturbloggen.com\/index.php?rest_route=%2Fwp%2Fv2%2Ftags&post=2174"}],"curies":[{"name":"wp","href":"https:\/\/api.w.org\/{rel}","templated":true}]}}