{"id":21699,"date":"2010-07-01T09:38:43","date_gmt":"2010-07-01T07:38:43","guid":{"rendered":"http:\/\/kulturbloggen.com\/?p=21699"},"modified":"2010-07-01T09:38:43","modified_gmt":"2010-07-01T07:38:43","slug":"allsangen-fotbollen-roky-erickson-hultsfred-och-communitydoden-och-bloggdoden","status":"publish","type":"post","link":"https:\/\/kulturbloggen.com\/?p=21699","title":{"rendered":"Alls\u00e5ngen, fotbollen, Roky Erickson, Hultsfred och communityd\u00f6den och bloggd\u00f6den"},"content":{"rendered":"<p><a href=\"http:\/\/kulturbloggen.com\/wp-content\/uploads\/2010\/07\/roky-erickson.jpg\"><img loading=\"lazy\" decoding=\"async\" src=\"http:\/\/kulturbloggen.com\/wp-content\/uploads\/2010\/07\/roky-erickson.jpg\" alt=\"\" title=\"roky-erickson\" width=\"300\" height=\"300\" class=\"aligncenter size-full wp-image-21703\" \/><\/a><br \/>\nStenh\u00e5rd konkurrens fr\u00e5n VM-fotbollen.<br \/>\n\u00c4nd\u00e5 var det \u00f6ver 1,5 miljon svenskar som s\u00e5g premi\u00e4ren av \u201d<a href=\"http:\/\/svt.se\/2.109533\/start\">Alls\u00e5ng p\u00e5 Skansen<\/a>\u201d.<br \/>\n\u2013 \u00c5h, s\u00e5 sk\u00f6nt, vad glad jag blir, s\u00e4ger SVT:s projektledare Gunilla Nilars <a href=\"http:\/\/www.resume.se\/nyheter\/2010\/06\/30\/ah-sa-skont\/\">till Resume.se<\/a>.<\/p>\n<p>Ja  jag undrade faktiskt hur det skulle g\u00e5. Mitt i fotbolls-VM och med konkurrens med matchen mellan Spanien och Portugal skulle f\u00f6rsta omg\u00e5ngen av sommarens Alls\u00e5ng p\u00e5 Skansen dra ig\u00e5ng. Det var trots allt f\u00f6rsta g\u00e5ngen Spanien och Portugal m\u00f6ttes i ett \u00e5ttondelsfinal i ett VM.<\/p>\n<p>Hemma hos mig vann fotbollen, f\u00f6r att jag var den enda som fanns kvar hemma, alla andra var iv\u00e4g p\u00e5 annat. Men jag vet ocks\u00e5 att m\u00e5nga b\u00f6rjat tr\u00f6ttna p\u00e5 fotbollen, det \u00e4r inte s\u00e5 kul f\u00f6r den som inte \u00e4r fotbollsn\u00f6rd eller tidigare sportjournalist att f\u00f6lja alla matcher, kanske.<br \/>\nSverige var ju inte med alls, Danmark f\u00f6ll bort och b\u00e5da svensklagen Elftenbenskusten och Nigeria borta.<br \/>\n<a href=\"http:\/\/www.dn.se\/kultur-noje\/bloggarna-okar-allt-langsammare-1.1130724\">Ur Dagens Nhyheter:<\/a><\/p>\n<p>Just nu lyssnar jag p\u00e5 en underskiva som sl\u00e4ppts i v\u00e5r med Roky Erickson och Okkervil River: True Love Cast Out All Evil.<br \/>\nRokys sk\u00f6na raspiga r\u00e5a st\u00e4mma med s\u00e5 mycket sm\u00e4rta och livserfarenhet siitter bra en s\u00e5dan h\u00e4r regngr\u00e5 svensk sommardag d\u00e5 jag liksom m\u00e5nga s\u00f6rjer att Hultsfredsfestivalen nu l\u00e4ggs ned.<\/p>\n<p>I juni 2007 spelade Roky f\u00f6r f\u00f6rsta g\u00e5ngen i Sverige p\u00e5 Hultsfredsfestivalen.<br \/>\nDet \u00e4r ett av de f\u00f6r mig viktiga minnena fr\u00e5n Hultsfred. Det var ocks\u00e5 p\u00e5 Hultsfred jag h\u00f6rde Pet Shop Boys live f\u00f6r f\u00f6rsta g\u00e5ngen och ins\u00e5g att jag gillar det bandet.<br \/>\n<a href=\"http:\/\/www.aftonbladet.se\/nojesbladet\/musik\/rockbjornen2010\/article7392755.ab\">Aftonbladet har l\u00e5tit l\u00e4sare ber\u00e4tta om sina minnen fr\u00e5n Hultsfred.<\/a><\/p>\n<p><a href=\"http:\/\/www.dagensmedia.se\/nyheter\/event\/article2441938.ece\">Dagens Media menar att Peace &amp; Love \u00e4r den nya Hultsfred<\/a>:<\/p>\n<blockquote><p>Peace &amp; Love har fram till i \u00e5r inte haft n\u00e5gra kommersiella samarbeten, men har i \u00e5r tecknat ett avtal med Coop. Festivalen har v\u00e4xt till Sveriges st\u00f6rsta och kan n\u00e4stas s\u00e4gas ha tagit \u00f6ver Hultsfredsfestivalens roll.<\/p>\n<p>\u2013 De har kvar lite av Woodstockromantiken, som \u00e4ven Hultsfred hade f\u00f6r l\u00e4ngesen. F\u00f6r oss i branschen \u00e4r det n\u00e4stan ofattbart att de inte jobbat med sponsorer. D\u00e4r finns en stor outnyttjad kommersiell kapacitet, s\u00e4ger Niklas Olovzon.<\/p><\/blockquote>\n<p>Jag funderar, kan det vara s\u00e5 att just f\u00f6r att Peace &amp; Love inte har en kommersiell image, att det kan vara hemligheten bakom succ\u00e9n? Att Peace &amp; Love kommer att f\u00f6rlora sin f\u00f6rstaplats om de b\u00f6rjar bli mer sponsrade och kommersiella?<\/p>\n<p>Bert Karlsson ryter till och s\u00e4ger att det inte \u00e4r f\u00f6r f\u00e5 bes\u00f6kare som g\u00f6r att Hultsfred m\u00e5ste l\u00e4gga ned, det \u00e4r att artisterna \u00e4r alldeles f\u00f6r dyra:<br \/>\n<a href=\"http:\/\/www.aftonbladet.se\/debatt\/article7393683.ab\">Han skriver i en debattartikel:<\/a><\/p>\n<blockquote><p>Problemet \u00e4r de internationella bokningsbolagen som best\u00e4mt sig f\u00f6r att suga ut det svenska musiklivet.<\/p>\n<p>De trissar upp priserna p\u00e5 artisterna och d\u00e4rmed ocks\u00e5 p\u00e5 bes\u00f6karnas biljetter. Och de enda som g\u00e5r rika ur aff\u00e4ren \u00e4r de internationella direkt\u00f6rerna, inte arrang\u00f6rerna p\u00e5 plats.<\/p><\/blockquote>\n<p>Det talas mycket om olika d\u00f6dar i medierna nu i sommar. F\u00f6rutom att vi \u00e4r m\u00e5nga som s\u00f6rjer Hultsfred har flera communities lagts ned. Fast det tror jag inte s\u00e5 m\u00e5nga s\u00f6rjer, det har kommit andra alternativ. <a href=\"http:\/\/www.dn.se\/kultur-noje\/bloggarna-okar-allt-langsammare-1.1130724\">Dagens Nyheter<\/a> passar p\u00e5 att ge en k\u00e4nga \u00e5t bloggar och p\u00e5pekar f\u00f6rst\u00e5s att det \u00e4r f\u00e4rre som bloggar nu sedan Facebook tagit s\u00e5dan t\u00e4tposition i bes\u00f6ksstatistiken.<\/p>\n<blockquote><p>Uppt\u00e4ckten \u00e4r en av flera som pekar mot att antalet bloggar \u00f6kar allt l\u00e5ngsammare. Framf\u00f6r allt \u00e4r det bloggar som fungerar som dagb\u00f6cker som minskar p\u00e5 grund av konkurrens fr\u00e5n Facebook och Twitter, d\u00e4r liknande funktioner finns.<\/p>\n<p>Samtidigt som \u00f6kningen av bloggar minskar har n\u00e4mligen trafiken p\u00e5 Facebook och Twitter \u00f6kat med 66 respektive 47 procent f\u00f6rra \u00e5ret, skriver The Economist.<\/p><\/blockquote>\n<p>Om igen: bloggverktyg \u00e4r verktyg som g\u00f6r att det \u00e4r l\u00e4tt att publicera sig p\u00e5 webben. Vad de sedan fylls med kan variera hur mycket som helst. Medier vill g\u00e4rna framst\u00e4lla det som att bloggar bara \u00e4r en form av dagb\u00f6cker. Bloggar kan ju vara som vilken tidning som helst, i princip, fyllas med vetenskapligt inneh\u00e5ll, med fakta om diet, om musik, om teknik &#8230; Bara fantasier s\u00e4tter gr\u00e4nser.<\/p>\n<p>Men att det mer personliga bloggandet som mer \u00e4r en social funktion minskar n\u00e4r andra sociala medier v\u00e4xer \u00e4r naturligt. Det \u00e4r bara bra att det kommit verktyg som fungerar \u00e4nnu b\u00e4ttre f\u00f6r dessa syften.<\/p>\n<p><a href=\"http:\/\/www.dn.se\/kultur-noje\/fritt-fall-for-svenska-natcommunities-1.1130703\">Dagens Nyheter:<\/a><\/p>\n<blockquote><p>Fritt fall f\u00f6r svenska n\u00e4tcommunities<br \/>\nDen ena efter den andra av de stora, svenska sociala n\u00e4tverken st\u00e4nger ner. Playahead f\u00f6rsvann i januari i \u00e5r, Lunarstorm kommer att st\u00e4nga ner i augusti och i dag onsdag l\u00e4gger Skunk ner sin verksamhet.<\/p><\/blockquote>\n<p>Relaterat.<br \/>\n<a href=\"http:\/\/www.dn.se\/kultur-noje\/sajternas-information-riskerar-att-ga-forlorad-1.1130717\">Dagens Nyheter<\/a>, <a href=\"http:\/\/www.aftonbladet.se\/nojesbladet\/article7395702.ab\">Aftonbladet<\/a>, <a href=\"http:\/\/www.expressen.se\/noje\/musik\/1.2046612\/sa-blev-peace-love-storst\">Expressen<\/a><\/p>\n<p><object width=\"480\" height=\"385\"><param name=\"movie\" value=\"http:\/\/www.youtube.com\/v\/-zuJ3_PCfmQ&amp;hl=sv_SE&amp;fs=1\"><\/param><param name=\"allowFullScreen\" value=\"true\"><\/param><param name=\"allowscriptaccess\" value=\"always\"><\/param><embed src=\"http:\/\/www.youtube.com\/v\/-zuJ3_PCfmQ&amp;hl=sv_SE&amp;fs=1\" type=\"application\/x-shockwave-flash\" allowscriptaccess=\"always\" allowfullscreen=\"true\" width=\"480\" height=\"385\">L\u00e4s \u00e4ven andra bloggares \u00e5sikter om <a href=\"http:\/\/bloggar.se\/om\/musikfestivaler\" rel=\"tag\">musikfestivaler<\/a>, <a href=\"http:\/\/bloggar.se\/om\/community\" rel=\"tag\">community<\/a>, <a href=\"http:\/\/bloggar.se\/om\/sociala+medierm\" rel=\"tag\">sociala medierm<\/a>, <a href=\"http:\/\/bloggar.se\/om\/bloggd%F6den\" rel=\"tag\">bloggd\u00f6den<\/a>, <a href=\"http:\/\/bloggar.se\/om\/medier\" rel=\"tag\">medier<\/a>, <a href=\"http:\/\/bloggar.se\/om\/Roky+Erickson\" rel=\"tag\">Roky Erickson<\/a>, <a href=\"http:\/\/bloggar.se\/om\/Hultsfred\" rel=\"tag\">Hultsfred<\/a><\/embed><\/object><\/p>\n","protected":false},"excerpt":{"rendered":"<p>Stenh\u00e5rd konkurrens fr\u00e5n VM-fotbollen. \u00c4nd\u00e5 var det \u00f6ver 1,5 miljon svenskar som s\u00e5g premi\u00e4ren av \u201dAlls\u00e5ng p\u00e5 Skansen\u201d. \u2013 \u00c5h, s\u00e5 sk\u00f6nt, vad glad jag blir, s\u00e4ger SVT:s projektledare Gunilla Nilars till Resume.se. Ja jag undrade faktiskt hur det skulle g\u00e5. Mitt i fotbolls-VM och med konkurrens med matchen mellan Spanien och Portugal skulle f\u00f6rsta [&hellip;]<\/p>\n","protected":false},"author":2,"featured_media":0,"comment_status":"open","ping_status":"open","sticky":false,"template":"","format":"standard","meta":{"_genesis_hide_title":false,"_genesis_hide_breadcrumbs":false,"_genesis_hide_singular_image":false,"_genesis_hide_footer_widgets":false,"_genesis_custom_body_class":"","_genesis_custom_post_class":"","_genesis_layout":"","footnotes":""},"categories":[44],"tags":[1040,5225],"class_list":{"0":"post-21699","1":"post","2":"type-post","3":"status-publish","4":"format-standard","6":"category-chadie","7":"tag-community","8":"tag-sociala-medier","9":"entry"},"_links":{"self":[{"href":"https:\/\/kulturbloggen.com\/index.php?rest_route=\/wp\/v2\/posts\/21699","targetHints":{"allow":["GET"]}}],"collection":[{"href":"https:\/\/kulturbloggen.com\/index.php?rest_route=\/wp\/v2\/posts"}],"about":[{"href":"https:\/\/kulturbloggen.com\/index.php?rest_route=\/wp\/v2\/types\/post"}],"author":[{"embeddable":true,"href":"https:\/\/kulturbloggen.com\/index.php?rest_route=\/wp\/v2\/users\/2"}],"replies":[{"embeddable":true,"href":"https:\/\/kulturbloggen.com\/index.php?rest_route=%2Fwp%2Fv2%2Fcomments&post=21699"}],"version-history":[{"count":0,"href":"https:\/\/kulturbloggen.com\/index.php?rest_route=\/wp\/v2\/posts\/21699\/revisions"}],"wp:attachment":[{"href":"https:\/\/kulturbloggen.com\/index.php?rest_route=%2Fwp%2Fv2%2Fmedia&parent=21699"}],"wp:term":[{"taxonomy":"category","embeddable":true,"href":"https:\/\/kulturbloggen.com\/index.php?rest_route=%2Fwp%2Fv2%2Fcategories&post=21699"},{"taxonomy":"post_tag","embeddable":true,"href":"https:\/\/kulturbloggen.com\/index.php?rest_route=%2Fwp%2Fv2%2Ftags&post=21699"}],"curies":[{"name":"wp","href":"https:\/\/api.w.org\/{rel}","templated":true}]}}