{"id":2163,"date":"2008-10-03T20:56:45","date_gmt":"2008-10-03T20:56:45","guid":{"rendered":"http:\/\/kulturbloggen.com\/?p=2163"},"modified":"2008-10-03T20:56:45","modified_gmt":"2008-10-03T20:56:45","slug":"flera-miljoner-protesterar-mot-nya-facebook","status":"publish","type":"post","link":"https:\/\/kulturbloggen.com\/?p=2163","title":{"rendered":"Flera miljoner protesterar mot nya Facebook"},"content":{"rendered":"<p><a href='http:\/\/sodergren.com\/kulturbloggen\/wp-content\/uploads\/2008\/10\/nyafacebook.jpg'><img loading=\"lazy\" decoding=\"async\" src=\"http:\/\/sodergren.com\/kulturbloggen\/wp-content\/uploads\/2008\/10\/nyafacebook.jpg\" alt=\"\" title=\"nyafacebook\" width=\"260\" height=\"150\" class=\"alignright size-medium wp-image-2164\" \/><\/a><\/p>\n<p>2,7 miljoner medlemmar hade den st\u00f6rsta gruppen p\u00e5 Facebook som startats i protest mot nya strukturen och desajnen p\u00e5 Facebook.<\/p>\n<p>Det \u00e4r r\u00e4tt otroligt. Det \u00e4r bara en av flera grupper som bildats p\u00e5 grund av missn\u00f6je med nya Facebook. T\u00e4nk att flera miljoner kan enas kring en s\u00e5dan sak.<\/p>\n<p>Det visar p\u00e5 att det finns en samlande potential p\u00e5 Internet. \u00c4ven om det kan k\u00e4nnas att just hur Facebook \u00e4r utformat inte \u00e4r v\u00e4rldens allra viktigaste sak att engagera sig f\u00f6r. Men det finns m\u00f6jlighet att enas kring n\u00e5got den dag det verkligen beh\u00f6vs. Det \u00e4r hoppfullt.<\/p>\n<p>Andra som bloggat om detta: <a href=\"http:\/\/rolandsson.blogspot.com\/2008\/10\/men-whine.html\">Tanja Rolandsson<\/a>,  <a href=\"http:\/\/uppned-hitdit.blogspot.com\/2008\/10\/hh.html\">Upp &#038; Ned, Hit &#038; Dit<\/a> och <a href=\"http:\/\/www.jazzjeppe.se\/?p=442\">Jazzjeppe<\/a>.<\/p>\n<p>Jag l\u00e4ste att <a href=\"http:\/\/internetworld.idg.se\/2.1006\/1.183362\">en majoritet av svenska f\u00f6retag<\/a> \u00e4r skeptiska inf\u00f6r sociala medier, som Facebook. Jag tror det inte f\u00f6rst\u00e5tt vidden och kraften i det som sker.<br \/>\nhttp:\/\/internetworld.idg.se\/2.1006\/1.183362<\/p>\n<p>Relaterat:<br \/>\n<a href=\"http:\/\/www.dn.se\/DNet\/jsp\/polopoly.jsp?d=2374&#038;a=835630\">Dagens Nyheter<\/a><br \/>\n<a href=\"http:\/\/www.svd.se\/nyheter\/inrikes\/artikel_1810427.svd\">Svenska Dagbladet<\/a><br \/>\n<a href=\"http:\/\/pcforalla.idg.se\/2.1054\/1.182729\">PC f\u00f6r alla<\/a><\/p>\n<p>Andra bloggar om: <a href=\"http:\/\/bloggar.se\/om\/sociala+medier\" rel=\"tag\">sociala medier<\/a>, <a href=\"http:\/\/bloggar.se\/om\/facebook\" rel=\"tag\">facebook<\/a>, <a href=\"http:\/\/bloggar.se\/om\/f%F6retag\" rel=\"tag\">f\u00f6retag<\/a>, <a href=\"http:\/\/bloggar.se\/om\/nya+facebook\" rel=\"tag\">nya facebook<\/a><\/p>\n<p><a href='http:\/\/sodergren.com\/kulturbloggen\/wp-content\/uploads\/2008\/10\/facebook125.jpg'><img loading=\"lazy\" decoding=\"async\" src=\"http:\/\/sodergren.com\/kulturbloggen\/wp-content\/uploads\/2008\/10\/facebook125.jpg\" alt=\"\" title=\"facebook125\" width=\"125\" height=\"250\" class=\"alignnone size-medium wp-image-2167\" \/><\/a><\/p>\n","protected":false},"excerpt":{"rendered":"<p>2,7 miljoner medlemmar hade den st\u00f6rsta gruppen p\u00e5 Facebook som startats i protest mot nya strukturen och desajnen p\u00e5 Facebook. Det \u00e4r r\u00e4tt otroligt. Det \u00e4r bara en av flera grupper som bildats p\u00e5 grund av missn\u00f6je med nya Facebook. T\u00e4nk att flera miljoner kan enas kring en s\u00e5dan sak. Det visar p\u00e5 att det [&hellip;]<\/p>\n","protected":false},"author":2,"featured_media":0,"comment_status":"open","ping_status":"open","sticky":false,"template":"","format":"standard","meta":{"_genesis_hide_title":false,"_genesis_hide_breadcrumbs":false,"_genesis_hide_singular_image":false,"_genesis_hide_footer_widgets":false,"_genesis_custom_body_class":"","_genesis_custom_post_class":"","_genesis_layout":"","footnotes":""},"categories":[20],"tags":[1626,5225],"class_list":["post-2163","post","type-post","status-publish","format-standard","category-film","tag-facebook","tag-sociala-medier","entry"],"_links":{"self":[{"href":"https:\/\/kulturbloggen.com\/index.php?rest_route=\/wp\/v2\/posts\/2163","targetHints":{"allow":["GET"]}}],"collection":[{"href":"https:\/\/kulturbloggen.com\/index.php?rest_route=\/wp\/v2\/posts"}],"about":[{"href":"https:\/\/kulturbloggen.com\/index.php?rest_route=\/wp\/v2\/types\/post"}],"author":[{"embeddable":true,"href":"https:\/\/kulturbloggen.com\/index.php?rest_route=\/wp\/v2\/users\/2"}],"replies":[{"embeddable":true,"href":"https:\/\/kulturbloggen.com\/index.php?rest_route=%2Fwp%2Fv2%2Fcomments&post=2163"}],"version-history":[{"count":0,"href":"https:\/\/kulturbloggen.com\/index.php?rest_route=\/wp\/v2\/posts\/2163\/revisions"}],"wp:attachment":[{"href":"https:\/\/kulturbloggen.com\/index.php?rest_route=%2Fwp%2Fv2%2Fmedia&parent=2163"}],"wp:term":[{"taxonomy":"category","embeddable":true,"href":"https:\/\/kulturbloggen.com\/index.php?rest_route=%2Fwp%2Fv2%2Fcategories&post=2163"},{"taxonomy":"post_tag","embeddable":true,"href":"https:\/\/kulturbloggen.com\/index.php?rest_route=%2Fwp%2Fv2%2Ftags&post=2163"}],"curies":[{"name":"wp","href":"https:\/\/api.w.org\/{rel}","templated":true}]}}