{"id":21603,"date":"2010-06-25T08:47:29","date_gmt":"2010-06-25T06:47:29","guid":{"rendered":"http:\/\/kulturbloggen.com\/?p=21603"},"modified":"2010-06-25T08:47:29","modified_gmt":"2010-06-25T06:47:29","slug":"pressens-kapitulation-for-brollopet-bevisar-mediers-kris","status":"publish","type":"post","link":"https:\/\/kulturbloggen.com\/?p=21603","title":{"rendered":"Pressens kapitulation f\u00f6r br\u00f6llopet bevisar mediers kris"},"content":{"rendered":"<p><a href=\"http:\/\/kulturbloggen.com\/wp-content\/uploads\/2010\/04\/prinsessbok.jpg\"><img loading=\"lazy\" decoding=\"async\" src=\"http:\/\/kulturbloggen.com\/wp-content\/uploads\/2010\/04\/prinsessbok-216x300.jpg\" alt=\"\" title=\"prinsessbok\" width=\"216\" height=\"300\" class=\"aligncenter size-medium wp-image-19550\" \/><\/a><br \/>\nMen det finns annat som \u00e4r bet\u00e4nkligt. Ett allvarligt problem \u00e4r den plats detta kungahus med hj\u00e4lp av ett prinsessbr\u00f6llop f\u00f6rskaffat sig i v\u00e5rt offentliga liv. \u201dF\u00f6rskaffats\u201d borde det dock heta d\u00e5 de kungliga \u00e4r utan skuld. Ansvaret f\u00f6r vad vi den senaste tiden varit med om ligger hos v\u00e5ra medier och vad vi f\u00e5tt utst\u00e5 tror jag kan ses som tecken p\u00e5 en bransch i djup kris. Ty i veckor eller m\u00e5nader har denna glada bagatell och f\u00f6r v\u00e5r tillvaro fullkomligt marginella h\u00e4ndelse f\u00e5tt ett utrymme som det verkligen viktiga och v\u00e4sentliga inte har minsta chans att r\u00e4kna med.<br \/>\n<a href=\"http:\/\/www.dn.se\/ledare\/signerat\/brollopet-visar-pa-forfallet-1.1128168\">Richard Swartz i en Signerat artikel p\u00e5 DN.<\/a><br \/>\nKan det s\u00e4gas tydligare?<\/p>\n<p>En journalistik som s\u00e5 till den milda grad helt okritiskt f\u00f6rmedlar antal rutor p\u00e5 brudens sl\u00e4p \u00e4r p\u00e5 v\u00e4g att tappa konceptet helt och fullt.<\/p>\n<p>Ett demokratiskt samh\u00e4lle beh\u00f6ver medier som kan granska makten &#8211; inte medier som t\u00e4vlar i att st\u00e4lla meningsl\u00f6sa fr\u00e5gor till ett kungapar som inte har r\u00e4tt att uttala sig om n\u00e5got v\u00e4sentligt.<\/p>\n<p>DN ska dock ha en eloge f\u00f6r att redaktionen nu tar tag i en viktig fr\u00e5ga:<br \/>\n<a href=\"http:\/\/www.dn.se\/debatt\/vi-behover-en-serios-debatt-om-vart-statsskick-1.1128141\">\u201dVi beh\u00f6ver en seri\u00f6s debatt om v\u00e5rt statsskick&#8221;<\/a><\/p>\n<p>Det \u00e4r midsommarafton och jag ska iv\u00e4g till v\u00e4nner &#8211; s\u00e5 jag har inte tid att utveckla detta nu. Men absolut: fr\u00e5gan kommer att \u00e5terkomma.<\/p>\n<p>L\u00e4s \u00e4ven andra bloggares \u00e5sikter om <a href=\"http:\/\/bloggar.se\/om\/br%F6llopet\" rel=\"tag\">br\u00f6llopet<\/a>, <a href=\"http:\/\/bloggar.se\/om\/monarkin\" rel=\"tag\">monarkin<\/a>, <a href=\"http:\/\/bloggar.se\/om\/samh%E4lle\" rel=\"tag\">samh\u00e4lle<\/a>, <a href=\"http:\/\/bloggar.se\/om\/medier\" rel=\"tag\">medier<\/a>, <a href=\"http:\/\/bloggar.se\/om\/journalistik\" rel=\"tag\">journalistik<\/a><\/p>\n","protected":false},"excerpt":{"rendered":"<p>Men det finns annat som \u00e4r bet\u00e4nkligt. Ett allvarligt problem \u00e4r den plats detta kungahus med hj\u00e4lp av ett prinsessbr\u00f6llop f\u00f6rskaffat sig i v\u00e5rt offentliga liv. \u201dF\u00f6rskaffats\u201d borde det dock heta d\u00e5 de kungliga \u00e4r utan skuld. Ansvaret f\u00f6r vad vi den senaste tiden varit med om ligger hos v\u00e5ra medier och vad vi f\u00e5tt [&hellip;]<\/p>\n","protected":false},"author":2,"featured_media":0,"comment_status":"open","ping_status":"open","sticky":false,"template":"","format":"standard","meta":{"_genesis_hide_title":false,"_genesis_hide_breadcrumbs":false,"_genesis_hide_singular_image":false,"_genesis_hide_footer_widgets":false,"_genesis_custom_body_class":"","_genesis_custom_post_class":"","_genesis_layout":"","footnotes":""},"categories":[62],"tags":[877,2765,3582,3765,4917],"class_list":{"0":"post-21603","1":"post","2":"type-post","3":"status-publish","4":"format-standard","6":"category-medie-och-kulturpolitik","7":"tag-brollopet","8":"tag-journalistik","9":"tag-medier","10":"tag-monarkin","11":"tag-samhalle","12":"entry"},"_links":{"self":[{"href":"https:\/\/kulturbloggen.com\/index.php?rest_route=\/wp\/v2\/posts\/21603","targetHints":{"allow":["GET"]}}],"collection":[{"href":"https:\/\/kulturbloggen.com\/index.php?rest_route=\/wp\/v2\/posts"}],"about":[{"href":"https:\/\/kulturbloggen.com\/index.php?rest_route=\/wp\/v2\/types\/post"}],"author":[{"embeddable":true,"href":"https:\/\/kulturbloggen.com\/index.php?rest_route=\/wp\/v2\/users\/2"}],"replies":[{"embeddable":true,"href":"https:\/\/kulturbloggen.com\/index.php?rest_route=%2Fwp%2Fv2%2Fcomments&post=21603"}],"version-history":[{"count":0,"href":"https:\/\/kulturbloggen.com\/index.php?rest_route=\/wp\/v2\/posts\/21603\/revisions"}],"wp:attachment":[{"href":"https:\/\/kulturbloggen.com\/index.php?rest_route=%2Fwp%2Fv2%2Fmedia&parent=21603"}],"wp:term":[{"taxonomy":"category","embeddable":true,"href":"https:\/\/kulturbloggen.com\/index.php?rest_route=%2Fwp%2Fv2%2Fcategories&post=21603"},{"taxonomy":"post_tag","embeddable":true,"href":"https:\/\/kulturbloggen.com\/index.php?rest_route=%2Fwp%2Fv2%2Ftags&post=21603"}],"curies":[{"name":"wp","href":"https:\/\/api.w.org\/{rel}","templated":true}]}}