{"id":21468,"date":"2010-06-21T21:49:44","date_gmt":"2010-06-21T19:49:44","guid":{"rendered":"http:\/\/kulturbloggen.com\/?p=21468"},"modified":"2010-06-21T21:49:44","modified_gmt":"2010-06-21T19:49:44","slug":"teaterpremiarer-i-sommar","status":"publish","type":"post","link":"https:\/\/kulturbloggen.com\/?p=21468","title":{"rendered":"Teaterpremi\u00e4rer i sommar"},"content":{"rendered":"<p><a href=\"http:\/\/kulturbloggen.com\/wp-content\/uploads\/2010\/06\/scensommar1.jpg\"><img loading=\"lazy\" decoding=\"async\" src=\"http:\/\/kulturbloggen.com\/wp-content\/uploads\/2010\/06\/scensommar1-199x300.jpg\" alt=\"\" title=\"scensommar1\" width=\"199\" height=\"300\" class=\"aligncenter size-medium wp-image-21475\" \/><\/a><br \/>\nDet m\u00e5 vara semester f\u00f6r m\u00e5nga, men p\u00e5 Stadsteatern i Stockholm \u00e4r det inte helt st\u00e4ngt. Teatern har flera premi\u00e4rer under sommaren.<\/p>\n<p>H\u00e4r information om dessa fr\u00e5n ett pressmeddelande:<\/p>\n<p>Albin Flinkas och Johannes Bah Kuhnke spelar par i pj\u00e4sen Pride, med premi\u00e4r under Pridefestivalen, Helge Skoog g\u00f6r comeback och Louise Bojie af Genn\u00e4s Stadsteaterdebuterar med en nyskriven pj\u00e4s. S\u00e5 ser scensommaren ut under jubil\u00e9ums\u00e5ret p\u00e5 Stockholms stadsteater.<\/p>\n<p>I slutet av augusti f\u00e5r \u00e4ven Strindbergs m\u00e4sterverk Fadern premi\u00e4r p\u00e5 Stora scenen med Kjell Bergqvist och Eva R\u00f6se i huvudrollerna.<\/p>\n<p>Gerhard Hoberstorfer regidebuterar med relationsdramat Pride &#8211; d\u00e4r k\u00e4rleken mellan Oliver och Philip st\u00e5r i fokus p\u00e5 tv\u00e5 olika tidsplan. Dels p\u00e5 1960-talet d\u00e5 deras f\u00f6r\u00e4lskelse m\u00e5ste d\u00f6ljas, dels i nutid d\u00e5 friheten \u00e4r enorm &#8211; vilket leder till helt andra utmaningar. Albin Flinkas och Johannes Bah Kuhnke spelar par i den kritikerrosade pj\u00e4sen som uruppf\u00f6rdes 2008 p\u00e5 Royal Court i London.<br \/>\n I \u00f6vriga roller:<br \/>\nEva Rexed och Alexander Stocks. Sverigepremi\u00e4r 29 juli p\u00e5 Lilla scenen.<\/p>\n<p>I nyskrivna Sit Down Tragedy g\u00f6r Helge Skoog rollen som Rune, folkh\u00f6gskolel\u00e4raren som blivit inbjuden till den Stora Teatern, f\u00f6r att h\u00e5lla sitt f\u00f6redrag om m\u00e4nniskan som art och hur vi tar oss friheten att dominera \u00f6ver jordens \u00f6vriga levande v\u00e4sen. Pj\u00e4sen \u00e4r skriven prisbel\u00f6nte f\u00f6rfattaren och journalisten G\u00f6ran Palm, kanske mest k\u00e4nd f\u00f6r sitt blankversreportage<br \/>\nSverige en vintersaga.<br \/>\nRegi: Johan Paulsen. Urpremi\u00e4r 11 augusti p\u00e5 Lilla scenen.<\/p>\n<p>I Kvinna kl\u00e4dd i solen skildrar Louise Boije af Genn\u00e4s spelet bakom<br \/>\nkulisserna i storpolitiken, bland<br \/>\nannat hur journalister och politiker utnyttjar varandra. I huvudrollen<br \/>\nsom Sveriges popul\u00e4raste politiker<br \/>\nser vi Anja Lundqvist. Rollen som maken spelas av Lennart J\u00e4hkel. Regi:<br \/>\nSusan Taslimi.<br \/>\nUrpremi\u00e4r 20 augusti p\u00e5 den helt nyrenoverade Klarascenen.<\/p>\n<p>Kjell Bergqvist och Eva R\u00f6se spelar huvudrollerna i Fadern, en<br \/>\nbearbetning av Strindbergs m\u00e4sterverk<br \/>\nfr\u00e5n 1887. Lauras och Ryttm\u00e4starns \u00e4ktenskap har utvecklats till en<br \/>\nkamp p\u00e5 liv och d\u00f6d. Deras krig<br \/>\nspeglas genom dottern Berthas \u00f6gon &#8211; ett barn som hamnat i kl\u00e4m i<br \/>\nf\u00f6r\u00e4ldrarnas skilsm\u00e4ssodrama.<br \/>\nBertha spelas av Josefin Ljungman. Bearbetning: Susanne Marko. Regi:<br \/>\nPhilip Zand\u00e9n.<br \/>\nPremi\u00e4r 28 augusti p\u00e5 Stora scenen.<\/p>\n<p>\u00c4ven i Kristina Lugns pj\u00e4s Rut och Ragnar handlar det om ett \u00e4ktenskapsom g\u00e5tt i kras. \u00c4kta paret Meta Velander och Ingvar Kjellson &#8211; som varit gifta i \u00f6ver sextio \u00e5r och st\u00e5tt p\u00e5 scen lika l\u00e4nge &#8211; spelar de separerande makarna som har lovat att f\u00f6rs\u00f6ka l\u00e4mna varandra ifred.<br \/>\nPremi\u00e4r 9 september p\u00e5 Lilla scenen.<\/p>\n<p>Fotograf  \tPetra Hellberg<br \/>\nBildtext \tAlexander Stocks, Eva Rexed, Albin Flinkas, Johannes Bah Kuhnke i Pride. Skandinavienpremi\u00e4r 29 juli p\u00e5 Lilla scenen.<\/p>\n<p>L\u00e4s \u00e4ven andra bloggares \u00e5sikter om <a href=\"http:\/\/bloggar.se\/om\/teater\" rel=\"tag\">teater<\/a>, <a href=\"http:\/\/bloggar.se\/om\/Stockholm\" rel=\"tag\">Stockholm<\/a>, <a href=\"http:\/\/bloggar.se\/om\/scen\" rel=\"tag\">scen<\/a><\/p>\n","protected":false},"excerpt":{"rendered":"<p>Det m\u00e5 vara semester f\u00f6r m\u00e5nga, men p\u00e5 Stadsteatern i Stockholm \u00e4r det inte helt st\u00e4ngt. Teatern har flera premi\u00e4rer under sommaren. H\u00e4r information om dessa fr\u00e5n ett pressmeddelande: Albin Flinkas och Johannes Bah Kuhnke spelar par i pj\u00e4sen Pride, med premi\u00e4r under Pridefestivalen, Helge Skoog g\u00f6r comeback och Louise Bojie af Genn\u00e4s Stadsteaterdebuterar med [&hellip;]<\/p>\n","protected":false},"author":13,"featured_media":0,"comment_status":"open","ping_status":"open","sticky":false,"template":"","format":"standard","meta":{"_genesis_hide_title":false,"_genesis_hide_breadcrumbs":false,"_genesis_hide_singular_image":false,"_genesis_hide_footer_widgets":false,"_genesis_custom_body_class":"","_genesis_custom_post_class":"","_genesis_layout":"","footnotes":""},"categories":[20,30],"tags":[12286,5400,12288],"class_list":{"0":"post-21468","1":"post","2":"type-post","3":"status-publish","4":"format-standard","6":"category-film","7":"category-teater","8":"tag-film","9":"tag-stockholm","10":"tag-teater","11":"entry"},"_links":{"self":[{"href":"https:\/\/kulturbloggen.com\/index.php?rest_route=\/wp\/v2\/posts\/21468","targetHints":{"allow":["GET"]}}],"collection":[{"href":"https:\/\/kulturbloggen.com\/index.php?rest_route=\/wp\/v2\/posts"}],"about":[{"href":"https:\/\/kulturbloggen.com\/index.php?rest_route=\/wp\/v2\/types\/post"}],"author":[{"embeddable":true,"href":"https:\/\/kulturbloggen.com\/index.php?rest_route=\/wp\/v2\/users\/13"}],"replies":[{"embeddable":true,"href":"https:\/\/kulturbloggen.com\/index.php?rest_route=%2Fwp%2Fv2%2Fcomments&post=21468"}],"version-history":[{"count":0,"href":"https:\/\/kulturbloggen.com\/index.php?rest_route=\/wp\/v2\/posts\/21468\/revisions"}],"wp:attachment":[{"href":"https:\/\/kulturbloggen.com\/index.php?rest_route=%2Fwp%2Fv2%2Fmedia&parent=21468"}],"wp:term":[{"taxonomy":"category","embeddable":true,"href":"https:\/\/kulturbloggen.com\/index.php?rest_route=%2Fwp%2Fv2%2Fcategories&post=21468"},{"taxonomy":"post_tag","embeddable":true,"href":"https:\/\/kulturbloggen.com\/index.php?rest_route=%2Fwp%2Fv2%2Ftags&post=21468"}],"curies":[{"name":"wp","href":"https:\/\/api.w.org\/{rel}","templated":true}]}}