{"id":21429,"date":"2010-06-20T09:47:43","date_gmt":"2010-06-20T07:47:43","guid":{"rendered":"http:\/\/kulturbloggen.com\/?p=21429"},"modified":"2010-06-20T09:47:43","modified_gmt":"2010-06-20T07:47:43","slug":"dagen-efter-eller-kanske-danmark","status":"publish","type":"post","link":"https:\/\/kulturbloggen.com\/?p=21429","title":{"rendered":"Dagen efter eller kanske Danmark"},"content":{"rendered":"<p><a href=\"http:\/\/kulturbloggen.com\/wp-content\/uploads\/2010\/06\/danmarks-flagga.png\"><img loading=\"lazy\" decoding=\"async\" src=\"http:\/\/kulturbloggen.com\/wp-content\/uploads\/2010\/06\/danmarks-flagga-300x226.png\" alt=\"\" title=\"danmarks-flagga\" width=\"300\" height=\"226\" class=\"aligncenter size-medium wp-image-21281\" \/><\/a><br \/>\nSk\u00f6nt att <a href=\"http:\/\/www.dn.se\/nyheter\/sverige\/den-langa-brollopsdagen-i-kortformat-1.1125215\">det kungliga br\u00f6llopet \u00e4r \u00f6ver<\/a>. Och att allt gick bra. \u00c4ven om jag blivit republikan efter all \u00f6verdriven och okritisk mediabevakning \u00f6nskar jag som medm\u00e4nniska att allt g\u00e5r bra en dag som den f\u00f6r Victoria och Daniel.<\/p>\n<p>Nu \u00e4r br\u00f6llopet \u00f6ver och allt gick bra. Nu kan kanske tidningars fokus handla om saker som ber\u00f6r m\u00e4nniskors vardag mycket mer.<br \/>\nF\u00f6r br\u00f6llopet och all enorm bevakning av vilka kl\u00e4nningar vem hade och vilka ordnar som h\u00e4ngde p\u00e5 vem och v<a href=\"http:\/\/www.svd.se\/nyheter\/inrikes\/prinsessbrollop\/talen-till-brudparet_4891629.svd\">em som sade vad<\/a> och vad som \u00e5ts n\u00e4r och vem som dansade med vem, <a href=\"http:\/\/www.vg.no\/rampelys\/artikkel.php?artid=10009066\">eller vem som festade hur l\u00e4nge,<\/a> \u00e4r trots allt inget annat \u00e4r underh\u00e5llning: sk\u00e5despel f\u00f6r folket.<\/p>\n<p>Men om vi ska prata om stor underh\u00e5llning har jag fokus p\u00e5 fotbolls-VM, f\u00f6r min del.<br \/>\nDet \u00e4r ocks\u00e5 underh\u00e5llning &#8211; och ocks\u00e5 f\u00f6r den delen big business.<\/p>\n<p>Efter Danmarks f\u00f6rsta match var jag riktigt besviken. Och <a href=\"http:\/\/kulturbloggen.com\/?p=21280\">\u00f6nskade att de inte skulle g\u00e5 vidare,<\/a> s\u00e5 trist fotboll som de spelade d\u00e5. L\u00f6rdagens match mot Kamerun <a href=\"http:\/\/www.gp.se\/sport\/fotboll\/vm\/1.394962-danmarks-vm-drom-lever\">var betydligt mer underh\u00e5llande<\/a>.<\/p>\n<p>B\u00e5da lagen, <a href=\"http:\/\/www.vg.no\/sport\/fotball\/vm\/2010\/artikkel.php?artid=10009059\">Kamerun och Danmark<\/a>, struntade i att st\u00e5 p\u00e5 en linje som soldater p\u00e5 backlinjen utan spelade fotboll som pojk- eller flicklag i l\u00e4gre \u00e5ldrar. Fram och f\u00f6rs\u00f6ka g\u00f6ra m\u00e5l. Om och om igen. Rena Hawaii stundtals.<\/p>\n<p>Inte var det n\u00e5gra genier p\u00e5 strategi men det var fotbollsgl\u00e4dje.<\/p>\n<p>Danmark tog ju \u00e4nd\u00e5 den plats Sverige k\u00e4mpade f\u00f6r att f\u00e5. Nu var Danmark b\u00e4ttre d\u00e5. S\u00e5 jag hoppas ju att de tar sig vidare. De \u00e4r ju d\u00e4r lite i v\u00e5rt st\u00e4lle.)<\/p>\n<p><a href=\"http:\/\/www.dn.se\/sport\/rommedahl-show-sankte-kamerun-1.1125199\">Danmark vann med 2-1 mot Kamerun<\/a>. S\u00e5 nu g\u00e4ller det att de r\u00f6dvita tar sista gruppspelmatchen ocks\u00e5.<\/p>\n<p>Relaterat: <a href=\"http:\/\/www.gp.se\/sport\/fotboll\/vm\/1.394962-danmarks-vm-drom-lever\">G\u00f6teborgsposten<\/a>, <a href=\"http:\/\/www.svd.se\/nyheter\/inrikes\/prinsessbrollop\/jag-alskar-dig-victoria_4890859.svd\">Svenska Dagbladet<\/a> och <a href=\"http:\/\/fotboll.expressen.se\/VM2010\/gruppe\/1.2033846\/rommedahls-replik-efter-harda-kritiken\">Expressen.<\/a><\/p>\n","protected":false},"excerpt":{"rendered":"<p>Sk\u00f6nt att det kungliga br\u00f6llopet \u00e4r \u00f6ver. Och att allt gick bra. \u00c4ven om jag blivit republikan efter all \u00f6verdriven och okritisk mediabevakning \u00f6nskar jag som medm\u00e4nniska att allt g\u00e5r bra en dag som den f\u00f6r Victoria och Daniel. Nu \u00e4r br\u00f6llopet \u00f6ver och allt gick bra. Nu kan kanske tidningars fokus handla om saker [&hellip;]<\/p>\n","protected":false},"author":2,"featured_media":0,"comment_status":"open","ping_status":"open","sticky":false,"template":"","format":"standard","meta":{"_genesis_hide_title":false,"_genesis_hide_breadcrumbs":false,"_genesis_hide_singular_image":false,"_genesis_hide_footer_widgets":false,"_genesis_custom_body_class":"","_genesis_custom_post_class":"","_genesis_layout":"","footnotes":""},"categories":[20],"tags":[1125,12292,1840,27],"class_list":{"0":"post-21429","1":"post","2":"type-post","3":"status-publish","4":"format-standard","6":"category-film","7":"tag-danmark","8":"tag-fotboll-sport-nyheter","9":"tag-fotbollsvm","10":"tag-sport","11":"entry"},"_links":{"self":[{"href":"https:\/\/kulturbloggen.com\/index.php?rest_route=\/wp\/v2\/posts\/21429","targetHints":{"allow":["GET"]}}],"collection":[{"href":"https:\/\/kulturbloggen.com\/index.php?rest_route=\/wp\/v2\/posts"}],"about":[{"href":"https:\/\/kulturbloggen.com\/index.php?rest_route=\/wp\/v2\/types\/post"}],"author":[{"embeddable":true,"href":"https:\/\/kulturbloggen.com\/index.php?rest_route=\/wp\/v2\/users\/2"}],"replies":[{"embeddable":true,"href":"https:\/\/kulturbloggen.com\/index.php?rest_route=%2Fwp%2Fv2%2Fcomments&post=21429"}],"version-history":[{"count":0,"href":"https:\/\/kulturbloggen.com\/index.php?rest_route=\/wp\/v2\/posts\/21429\/revisions"}],"wp:attachment":[{"href":"https:\/\/kulturbloggen.com\/index.php?rest_route=%2Fwp%2Fv2%2Fmedia&parent=21429"}],"wp:term":[{"taxonomy":"category","embeddable":true,"href":"https:\/\/kulturbloggen.com\/index.php?rest_route=%2Fwp%2Fv2%2Fcategories&post=21429"},{"taxonomy":"post_tag","embeddable":true,"href":"https:\/\/kulturbloggen.com\/index.php?rest_route=%2Fwp%2Fv2%2Ftags&post=21429"}],"curies":[{"name":"wp","href":"https:\/\/api.w.org\/{rel}","templated":true}]}}