{"id":21413,"date":"2010-06-19T14:15:29","date_gmt":"2010-06-19T12:15:29","guid":{"rendered":"http:\/\/kulturbloggen.com\/?p=21413"},"modified":"2010-06-19T14:15:29","modified_gmt":"2010-06-19T12:15:29","slug":"segraren-star-ensam-paulo-coelhos-samsta-roman","status":"publish","type":"post","link":"https:\/\/kulturbloggen.com\/?p=21413","title":{"rendered":"Segraren st\u00e5r ensam &#8211; Paulo Coelhos s\u00e4msta roman?"},"content":{"rendered":"<p><a href=\"http:\/\/kulturbloggen.com\/wp-content\/uploads\/2010\/06\/segraren_star_ensam.jpg\"><img loading=\"lazy\" decoding=\"async\" src=\"http:\/\/kulturbloggen.com\/wp-content\/uploads\/2010\/06\/segraren_star_ensam-200x300.jpg\" alt=\"\" title=\"segraren_star_ensam\" width=\"200\" height=\"300\" class=\"aligncenter size-medium wp-image-21415\" \/><\/a><br \/>\n&#8221;Segraren st\u00e5r ensam&#8221; &#8211; visst \u00e4r det en titel p\u00e5 en bok som l\u00e5ter intressant, lockande att l\u00e4sa?<br \/>\nP\u00e5 baksidan av boken st\u00e5r:<br \/>\n<em>I &#8221;Segraren st\u00e5r ensam&#8221; \u00e5terv\u00e4nder Paulo Coelho till de viktiga teman som hittas i &#8221;Elva minuter&#8221; och &#8221;Zahiren&#8221;. Vi f\u00e5r en spegelbild av v\u00e4rlden vi lever i, d\u00e4r v\u00e5r str\u00e4van efter rikedom och ber\u00f6mmelse till varje pris, hindrar oss fr\u00e5n att se det v\u00e5ra hj\u00e4rtan verkligen \u00f6nskar.<br \/>\n<\/em><\/p>\n<p>Jag fastnade f\u00f6r Paulo Coelho n\u00e4r jag l\u00e4ste &#8221;Alkemisten&#8221;. Jag l\u00e4ste flera av hans b\u00f6cker efter att jag l\u00e4st &#8221;Alkemisten&#8221;. Ingen av b\u00f6ckerna kom upp i samma niv\u00e5 och klass som &#8221;Alkemisten&#8221; men de fungerade att l\u00e4sa, i alla fall.<\/p>\n<p>Nu mer &#8221;Segraren st\u00e5r ensam&#8221; gick jag tvinga mig sj\u00e4lv att l\u00e4sa klart boken.<br \/>\nDen var s\u00e5 d\u00e5lig.<br \/>\nF\u00f6rst och fr\u00e4mst svarar den inte alls upp till det som baksidestexten utlovar. Handlingen i romanen \u00e4r f\u00f6rlagd till staden Cannes i Frankrike i samband med filmfestivalen. En helsjuk kn\u00e4pp ryss har f\u00e5tt f\u00f6r sig att han ska m\u00f6rda flera personer f\u00f6r att p\u00e5 s\u00e5 s\u00e4tt f\u00e5 tillbaka sin fru som \u00f6vergett honom f\u00f6r en annan man.<br \/>\nMen s\u00e5 som Paulo Coelho beskriver den h\u00e4r ryssen, Igor, \u00e4r det inte trov\u00e4rdigt f\u00f6r fem \u00f6re. Ingen l\u00e4sare kan v\u00e4l k\u00f6pa att Igor p\u00e5 fullt allvar kan ha lyckats s\u00e5 otroligt med sina aff\u00e4rer och samtidigt vara s\u00e5 extremt sjuk i skallen.<\/p>\n<p>Ingen av karakt\u00e4rerna i romanen \u00e4r trov\u00e4rdigt, Coelho beskriver dem alldeles f\u00f6r ytligt.<\/p>\n<p>Han skriver p\u00e5 ett ytligt s\u00e4tt \u00f6verhuvudtaget och anstr\u00e4nger sig inte att litter\u00e4rt f\u00e5 oss att uppleva n\u00e5got sj\u00e4lva. Han skriver oss p\u00e5 n\u00e4san hela tiden, skriver att m\u00e4nniskorna \u00e4r ytliga och ber\u00e4knande ist\u00e4llet f\u00f6r att framst\u00e4lla det litter\u00e4rt s\u00e5 vi sj\u00e4lva kan uppt\u00e4cka n\u00e5got.<\/p>\n<p>Coelhos mest framg\u00e5ngsrika bok Alkemisten  har s\u00e5lts i 46 miljoner exemplar.<\/p>\n<p>Kanske han skulle n\u00f6ja sig med det och inte skriva fler b\u00f6cker. Det \u00e4r skr\u00e4mmande att n\u00e4r en f\u00f6rfattare v\u00e4l slagit igenom kan de producera vilken skit som helst och \u00e4nd\u00e5 f\u00e5 det tryckt och \u00f6versatt till m\u00e4ngder av olika spr\u00e5k. Efter att ha tvingat mig sj\u00e4lv igenom &#8221;Segraren st\u00e5r ensam&#8221; ska jag h\u00e5lla mig l\u00e5ngt fr\u00e5n andra b\u00f6cker av Coelho ett tag.<\/p>\n<p>Jag visste inte att han verkar vara v\u00e4ldigt speciell. <a href=\"http:\/\/sv.wikipedia.org\/wiki\/Paulo_Coelho\">Wikipedia har en del intressant att ber\u00e4tta:<\/a><\/p>\n<blockquote><p>Han f\u00f6ddes i Rio de Janeiro d\u00e4r han ocks\u00e5 utbildade sig till jurist tills han 1970 \u00f6vergav sina studier f\u00f6r att resa genom Mexiko, Peru, Bolivia och Chile, samt Europa  och Nordafrika.<\/p>\n<p>Tv\u00e5 \u00e5r senare \u00e5terv\u00e4nde han till Brasilien och b\u00f6rjade komponera s\u00e5ngtexter och arbetade bland annat med Raul Seixas. Han ber\u00e4ttade senare i en intervju att deras samarbete kom att p\u00e5verkas av att han under den h\u00e4r tidsperioden kom i kontakt med Aleister Crowleys kontroversiella verk. Det r\u00f6rde sig inte endast om musik utan kom att innefatta planer p\u00e5 att skapa ett &#8221;Alternativt Samh\u00e4lle&#8221; som skulle bli ett anarkistiskt samh\u00e4lle i Minas Gerais baserat p\u00e5 Crowleys id\u00e9er. Projektet ogillades av medlemmar av den brasilianska milit\u00e4ren som l\u00e4t f\u00e4ngsla alla som var inblandade i planerna. Det p\u00e5st\u00e5s att Seixas och Coelho torterades under f\u00e5ngenskapen. Coelho l\u00e4mnade sedan gruppen efter en \u00f6vernaturlig upplevelse.<\/p>\n<p>Senare tr\u00e4ffade han i Nederl\u00e4nderna en person som han kallar f\u00f6r &#8221;J&#8221; och som kom att f\u00f6r\u00e4ndra hans liv. Coelho n\u00e4rmade sig kristendomen och blev medlem i den fiktiva katolska gruppen Regnus Agnus Mundi med &#8221;J&#8221; som sin &#8221;M\u00e4stare&#8221;. 1986 vandrade han l\u00e4ngs den popul\u00e4ra pilgrimsrutten till Santiago de Compostela och genomgick sin slutgiltiga intr\u00e4desrit.\n<\/p><\/blockquote>\n<p>Segraren st\u00e5r ensam<br \/>\nF\u00f6rfattare<br \/>\nPaulo Coelho<br \/>\n\u00d6vers\u00e4ttare \t\u00d6rjan Sj\u00f6gren<br \/>\nOriginaltitel: \tO vencedor est\u00e1 s\u00f3<br \/>\nISBN \t9170282005<br \/>\nISBN-13 \t9789170282003<\/p>\n<p>L\u00e4s \u00e4ven andra bloggares \u00e5sikter om <a href=\"http:\/\/bloggar.se\/om\/recensioner\" rel=\"tag\">recensioner<\/a>, <a href=\"http:\/\/bloggar.se\/om\/b%F6cker\" rel=\"tag\">b\u00f6cker<\/a>, <a href=\"http:\/\/bloggar.se\/om\/religion\" rel=\"tag\">religion<\/a>, <a href=\"http:\/\/bloggar.se\/om\/etik\" rel=\"tag\">etik<\/a>, <a href=\"http:\/\/bloggar.se\/om\/Coelho\" rel=\"tag\">Coelho<\/a><\/p>\n","protected":false},"excerpt":{"rendered":"<p>&#8221;Segraren st\u00e5r ensam&#8221; &#8211; visst \u00e4r det en titel p\u00e5 en bok som l\u00e5ter intressant, lockande att l\u00e4sa? P\u00e5 baksidan av boken st\u00e5r: I &#8221;Segraren st\u00e5r ensam&#8221; \u00e5terv\u00e4nder Paulo Coelho till de viktiga teman som hittas i &#8221;Elva minuter&#8221; och &#8221;Zahiren&#8221;. Vi f\u00e5r en spegelbild av v\u00e4rlden vi lever i, d\u00e4r v\u00e5r str\u00e4van efter rikedom [&hellip;]<\/p>\n","protected":false},"author":2,"featured_media":0,"comment_status":"open","ping_status":"open","sticky":false,"template":"","format":"standard","meta":{"_genesis_hide_title":false,"_genesis_hide_breadcrumbs":false,"_genesis_hide_singular_image":false,"_genesis_hide_footer_widgets":false,"_genesis_custom_body_class":"","_genesis_custom_post_class":"","_genesis_layout":"","footnotes":""},"categories":[43,3,16],"tags":[907,1577,4670,4710],"class_list":{"0":"post-21413","1":"post","2":"type-post","3":"status-publish","4":"format-standard","6":"category-bokrecension","7":"category-litteratur","8":"category-recension","9":"tag-bocker","10":"tag-etik","11":"tag-recensioner","12":"tag-religion","13":"entry"},"_links":{"self":[{"href":"https:\/\/kulturbloggen.com\/index.php?rest_route=\/wp\/v2\/posts\/21413","targetHints":{"allow":["GET"]}}],"collection":[{"href":"https:\/\/kulturbloggen.com\/index.php?rest_route=\/wp\/v2\/posts"}],"about":[{"href":"https:\/\/kulturbloggen.com\/index.php?rest_route=\/wp\/v2\/types\/post"}],"author":[{"embeddable":true,"href":"https:\/\/kulturbloggen.com\/index.php?rest_route=\/wp\/v2\/users\/2"}],"replies":[{"embeddable":true,"href":"https:\/\/kulturbloggen.com\/index.php?rest_route=%2Fwp%2Fv2%2Fcomments&post=21413"}],"version-history":[{"count":0,"href":"https:\/\/kulturbloggen.com\/index.php?rest_route=\/wp\/v2\/posts\/21413\/revisions"}],"wp:attachment":[{"href":"https:\/\/kulturbloggen.com\/index.php?rest_route=%2Fwp%2Fv2%2Fmedia&parent=21413"}],"wp:term":[{"taxonomy":"category","embeddable":true,"href":"https:\/\/kulturbloggen.com\/index.php?rest_route=%2Fwp%2Fv2%2Fcategories&post=21413"},{"taxonomy":"post_tag","embeddable":true,"href":"https:\/\/kulturbloggen.com\/index.php?rest_route=%2Fwp%2Fv2%2Ftags&post=21413"}],"curies":[{"name":"wp","href":"https:\/\/api.w.org\/{rel}","templated":true}]}}