{"id":21321,"date":"2010-06-16T13:32:36","date_gmt":"2010-06-16T11:32:36","guid":{"rendered":"http:\/\/kulturbloggen.com\/?p=21321"},"modified":"2010-06-16T13:32:36","modified_gmt":"2010-06-16T11:32:36","slug":"ar-det-morker-eller-finns-hopp","status":"publish","type":"post","link":"https:\/\/kulturbloggen.com\/?p=21321","title":{"rendered":"\u00c4r det m\u00f6rker eller finns hopp?"},"content":{"rendered":"<p><a href=\"http:\/\/kulturbloggen.com\/wp-content\/uploads\/2010\/06\/tomt_odsligt.jpg\"><img loading=\"lazy\" decoding=\"async\" src=\"http:\/\/kulturbloggen.com\/wp-content\/uploads\/2010\/06\/tomt_odsligt-300x225.jpg\" alt=\"\" title=\"tomt_odsligt\" width=\"300\" height=\"225\" class=\"aligncenter size-medium wp-image-21322\" \/><\/a><br \/>\nN\u00e4r jag s\u00e5g <a href=\"http:\/\/www.dn.se\/nyheter\/valet2010\/reinfeldt-slar-sahlin-pa-samtliga-punkter-1.1122792\">DN i morse<\/a> k\u00e4ndes det r\u00e4tt m\u00f6rkt.<\/p>\n<p>N\u00e5gra siffror som \u00e4r del i nuvarande <a href=\"http:\/\/www.svd.se\/nyheter\/politik\/valet2010\/vinnarna-visar-stort-sjalvfortroende_4875103.svd\">h\u00f6gerregeringes bokslut<\/a>:<\/p>\n<blockquote><p>Den rikaste procenten har f\u00e5tt 25 g\u00e5nger mer<br \/>\nDen enskilda procentenhet (1 %) som tj\u00e4nar b\u00e4st har f\u00e5tt lika mycket genom regeringens politik som 25 % av svenska folket tillsammans. (RUT)<\/p>\n<p>L\u00e5ngtidsarbetsl\u00f6sheten biter sig fast<br \/>\nAntalet l\u00e5ngtidsarbetsl\u00f6sa har \u00f6kat med 140 personer per dag det senaste \u00e5ret (SCB) Trots m\u00e5nga arbetss\u00f6kande misslyckas 1 av 5 rekryteringsf\u00f6rs\u00f6k pg. att de arbetss\u00f6kande saknar r\u00e4tt kompetens.(Svenskt N\u00e4ringsliv)<\/p><\/blockquote>\n<p>Till det kommer en m\u00e4ngd annat. Som att h\u00f6gerregeringen inf\u00f6r FRA-lagen och Ipredlagen, att de gjort regler som g\u00f6r att l\u00e5ngtidssjuka blir av med sin sjukpeng och \u00f6verhuvudtaget att det som styr samh\u00e4llet \u00e4r tanken att bara de som \u00e4r unga, friska, starka r\u00e4knas. Att den som blir gammal eller sjuk inte r\u00e4knas med l\u00e4ngre.<\/p>\n<p>Det k\u00e4ndes m\u00f6rkt.<\/p>\n<p>Ovanp\u00e5 det \u00e4r det jobbigt att vara sjuk, som jag \u00e4r nu. S\u00e5 jag gick en promenad, satte mig i en lekpark och tog en bild som talade till mig, som speglade den k\u00e4nslan jag hade. Tankarna fl\u00f6t iv\u00e4g med bilden och den vy jag hade.<\/p>\n<p>&#8212;&#8212;&#8212;-<\/p>\n<p>En vidstr\u00e4ckt, platt yta breder ut sig.  Jag tar en bild med min mobiltelefons kamera.<br \/>\nGr\u00e4set \u00e4r junisommar-ljusgr\u00f6nt.<br \/>\nEn doft av nyklippt gr\u00e4s letar sig in i min ena n\u00e4sborre, den som inte t\u00e4ppts till av efterdyningarna till t\u00e5rarna. Lite ilsket blinkar jag till, vill f\u00e5 bort de efterh\u00e4ngsna v\u00e5ta dropparna i \u00f6gonen.<br \/>\nEtt smatter h\u00f6rs av en motorgr\u00e4sklippare.<br \/>\nN\u00e5gon som f\u00e5tt n\u00e5got av de f\u00e5 sommarjobben f\u00f6r ungdomar har n\u00e5gra veckor tj\u00e4nst som parkarbetare, k\u00f6r p\u00e5 en gr\u00e4spl\u00e4tt l\u00e4ngre bort.<\/p>\n<p>I j\u00e4mna rader ligger det avklippta gr\u00e4set p\u00e5 den h\u00e4r utsikten. Det avklippta gr\u00e4set \u00e4r m\u00f6rkare, milit\u00e4rgr\u00f6nt.<\/p>\n<p>L\u00e4ngst fram p\u00e5 bilden, knappt synligt, till v\u00e4nster, finns ett stort helt naket kraftigt tr\u00e4d. Undrar varf\u00f6r inga sm\u00e5 yrvakna knoppar kommit? <a href=\"http:\/\/www.aftonbladet.se\/nyheter\/analys\/wolfganghansson\/article7310656.ab\">Kan det vara klimatf\u00f6r\u00e4ndringen<\/a>?<\/p>\n<p>L\u00e4ngs kanten av gr\u00e4spl\u00e4tten bildar olika l\u00f6vtr\u00e4d en mur. Ett av tr\u00e4den \u00e4r ett s\u00e5dant vackert med r\u00f6da l\u00f6v.<br \/>\nTill h\u00f6ger, knappt synligt p\u00e5 bilden, finns en kal kl\u00e4tterst\u00e4llning.<br \/>\nInga barn kl\u00e4nger d\u00e4r.<\/p>\n<p>Utspridda p\u00e5 gr\u00e4spl\u00e4ttor: n\u00e5gra stora ensliga stenbumlingar.<br \/>\nDe skulle vara trevliga f\u00f6r en f\u00f6r\u00e4ldraledig pappa att s\u00e4tta sig p\u00e5 och ha saftpicknick med sina sm\u00e5 telningar.<\/p>\n<p>Men det \u00e4r tomt.<br \/>\n\u00d6dsligt.<br \/>\nInga barn hoppar omkring, bara n\u00e5gon ensam kr\u00e5ka kraxar hest.<br \/>\nEn m\u00e5s sveper f\u00f6rbi i luften, utan att s\u00e4ga n\u00e5got.<\/p>\n<p>En bra bild av mig. S\u00e5 tom k\u00e4nner jag mig.<br \/>\nVad har jag satt f\u00f6r sp\u00e5r i v\u00e4rlden?<br \/>\nLika bortklippt som gr\u00e4set och kommer att svepas iv\u00e4g med n\u00e4sta vindpust.<\/p>\n<p>Inne i mig finns lika lite gl\u00e4dje som gr\u00e4spl\u00e4tten \u00e4r \u00f6vergiven av liv.<br \/>\nMen n\u00e5gon fladdrar till.<br \/>\nEn skugga, knappt sk\u00f6njbar, vinkar till i gr\u00e4set.<br \/>\nEn liten, liten brungr\u00e5 sparv s\u00e4tter sig p\u00e5 den kala grenen p\u00e5 det tomma tr\u00e4det.<\/p>\n<p>D\u00e5 uppt\u00e4cker jag det:<br \/>\nL\u00e4ngst till h\u00f6ger i min synf\u00e4lt, n\u00e4stan dolda av kl\u00e4tterst\u00e4llningen, d\u00e4r sitter de.<br \/>\nTv\u00e5 personer p\u00e5 en filt.<\/p>\n<p>En skata landar mitt p\u00e5 bilden, traskar lite fram och tillbaka och vippar p\u00e5 sin stj\u00e4rt.<\/p>\n<p>.<\/p>\n","protected":false},"excerpt":{"rendered":"<p>N\u00e4r jag s\u00e5g DN i morse k\u00e4ndes det r\u00e4tt m\u00f6rkt. N\u00e5gra siffror som \u00e4r del i nuvarande h\u00f6gerregeringes bokslut: Den rikaste procenten har f\u00e5tt 25 g\u00e5nger mer Den enskilda procentenhet (1 %) som tj\u00e4nar b\u00e4st har f\u00e5tt lika mycket genom regeringens politik som 25 % av svenska folket tillsammans. (RUT) L\u00e5ngtidsarbetsl\u00f6sheten biter sig fast Antalet [&hellip;]<\/p>\n","protected":false},"author":2,"featured_media":0,"comment_status":"open","ping_status":"open","sticky":false,"template":"","format":"standard","meta":{"_genesis_hide_title":false,"_genesis_hide_breadcrumbs":false,"_genesis_hide_singular_image":false,"_genesis_hide_footer_widgets":false,"_genesis_custom_body_class":"","_genesis_custom_post_class":"","_genesis_layout":"","footnotes":""},"categories":[44],"tags":[],"class_list":{"0":"post-21321","1":"post","2":"type-post","3":"status-publish","4":"format-standard","6":"category-chadie","7":"entry"},"_links":{"self":[{"href":"https:\/\/kulturbloggen.com\/index.php?rest_route=\/wp\/v2\/posts\/21321","targetHints":{"allow":["GET"]}}],"collection":[{"href":"https:\/\/kulturbloggen.com\/index.php?rest_route=\/wp\/v2\/posts"}],"about":[{"href":"https:\/\/kulturbloggen.com\/index.php?rest_route=\/wp\/v2\/types\/post"}],"author":[{"embeddable":true,"href":"https:\/\/kulturbloggen.com\/index.php?rest_route=\/wp\/v2\/users\/2"}],"replies":[{"embeddable":true,"href":"https:\/\/kulturbloggen.com\/index.php?rest_route=%2Fwp%2Fv2%2Fcomments&post=21321"}],"version-history":[{"count":0,"href":"https:\/\/kulturbloggen.com\/index.php?rest_route=\/wp\/v2\/posts\/21321\/revisions"}],"wp:attachment":[{"href":"https:\/\/kulturbloggen.com\/index.php?rest_route=%2Fwp%2Fv2%2Fmedia&parent=21321"}],"wp:term":[{"taxonomy":"category","embeddable":true,"href":"https:\/\/kulturbloggen.com\/index.php?rest_route=%2Fwp%2Fv2%2Fcategories&post=21321"},{"taxonomy":"post_tag","embeddable":true,"href":"https:\/\/kulturbloggen.com\/index.php?rest_route=%2Fwp%2Fv2%2Ftags&post=21321"}],"curies":[{"name":"wp","href":"https:\/\/api.w.org\/{rel}","templated":true}]}}