{"id":21280,"date":"2010-06-15T13:29:22","date_gmt":"2010-06-15T11:29:22","guid":{"rendered":"http:\/\/kulturbloggen.com\/?p=21280"},"modified":"2010-06-15T13:29:22","modified_gmt":"2010-06-15T11:29:22","slug":"det-vore-trist-om-danmark-gick-vidare","status":"publish","type":"post","link":"https:\/\/kulturbloggen.com\/?p=21280","title":{"rendered":"Det vore trist om Danmark gick vidare"},"content":{"rendered":"<p><a href=\"http:\/\/kulturbloggen.com\/wp-content\/uploads\/2010\/06\/danmarks-flagga.png\"><img loading=\"lazy\" decoding=\"async\" src=\"http:\/\/kulturbloggen.com\/wp-content\/uploads\/2010\/06\/danmarks-flagga-300x226.png\" alt=\"\" title=\"danmarks-flagga\" width=\"300\" height=\"226\" class=\"aligncenter size-medium wp-image-21281\" \/><\/a><br \/>\nDet var trist att se det australienska laget som \u00e4gnade sig \u00e5t fula sparkar och f\u00e4llningar mot benen. Attacker mot motst\u00e5ndarna som kunde skada dem f\u00f6r livet, g\u00f6ra dem handikappade.<\/p>\n<p>Men fr\u00e5gan \u00e4r om inte Danmark trots det \u00e4r det tristaste laget hittills i VM.<\/p>\n<p><a href=\"http:\/\/www.dn.se\/sport\/fotboll\/danmark-ar-vms-tristaste-lag-1.1122437\">Johan Esk p\u00e5 DN anser det, fast han \u00e4nd\u00e5 tror att danskarna kommer att ta sig vidare fr\u00e5n gruppspelet:<\/a><\/p>\n<blockquote><p>Danmark har aldrig misslyckats med att \u00f6verleva ett gruppspel i VM och det h\u00e4r talar trots allt f\u00f6r att laget g\u00e5r vidare igen \u2013 lottningen. Med Japan och Kamerun har ingen kunnat kalla grupp E f\u00f6r d\u00f6dens.<\/p><\/blockquote>\n<p>Det var s\u00e5 uppenbart tydligt att Danmark spelade f\u00f6r oavgjort, f\u00f6r 0-0. N\u00e4r Poulsens snedtr\u00e4ff med skallen som styrdes in i danska m\u00e5let via Aggers rygg och sj\u00e4lvm\u00e5let var ett faktum gick luften liksom ur danskarna.<\/p>\n<p>F\u00f6r min del tycker jag det vore trist om de gick vidare, f\u00f6r ett lag som siktar p\u00e5 0-0 har inte i en stor turnering att g\u00f6ra.<\/p>\n<p>Jag s\u00e4ger som Glenn Hys\u00e9n: <a href=\"http:\/\/www.expressen.se\/sport\/tips\/1.2017297\/hysen-danmark-blir-sist-i-sin-grupp\">Danmark har f\u00f6r m\u00e5nga f\u00f6redettingar i laget.<\/a><\/p>\n<p>Relaterat:<br \/>\n<a href=\"http:\/\/www.aftonbladet.se\/sportbladet\/fotboll\/landslagsfotboll\/vm2010\/Anrell\/article7302814.ab\">Aftonbladet<\/a>, <a href=\"http:\/\/www.vg.no\/sport\/fotball\/vm\/2010\/artikkel.php?artid=10001534\">Verdens Gang<\/a> och <a href=\"http:\/\/www.svd.se\/sportspel\/nyheter\/sjalvmal-sankte-danmark_4863987.svd\">Svenska Dagbladet.<\/a><\/p>\n<p>L\u00e4s \u00e4ven andra bloggares \u00e5sikter om <a href=\"http:\/\/bloggar.se\/om\/fotbollsvm\" rel=\"tag\">fotbollsvm<\/a>, <a href=\"http:\/\/bloggar.se\/om\/VM2010\" rel=\"tag\">VM2010<\/a>, <a href=\"http:\/\/bloggar.se\/om\/fotboll\" rel=\"tag\">fotboll<\/a>, <a href=\"http:\/\/bloggar.se\/om\/sport\" rel=\"tag\">sport<\/a>, <a href=\"http:\/\/bloggar.se\/om\/Danmark\" rel=\"tag\">Danmark<\/a><\/p>\n","protected":false},"excerpt":{"rendered":"<p>Det var trist att se det australienska laget som \u00e4gnade sig \u00e5t fula sparkar och f\u00e4llningar mot benen. Attacker mot motst\u00e5ndarna som kunde skada dem f\u00f6r livet, g\u00f6ra dem handikappade. Men fr\u00e5gan \u00e4r om inte Danmark trots det \u00e4r det tristaste laget hittills i VM. Johan Esk p\u00e5 DN anser det, fast han \u00e4nd\u00e5 tror [&hellip;]<\/p>\n","protected":false},"author":13,"featured_media":0,"comment_status":"open","ping_status":"open","sticky":false,"template":"","format":"standard","meta":{"_genesis_hide_title":false,"_genesis_hide_breadcrumbs":false,"_genesis_hide_singular_image":false,"_genesis_hide_footer_widgets":false,"_genesis_custom_body_class":"","_genesis_custom_post_class":"","_genesis_layout":"","footnotes":""},"categories":[20],"tags":[1125,12292,1840,27,6277],"class_list":{"0":"post-21280","1":"post","2":"type-post","3":"status-publish","4":"format-standard","6":"category-film","7":"tag-danmark","8":"tag-fotboll-sport-nyheter","9":"tag-fotbollsvm","10":"tag-sport","11":"tag-vm2010","12":"entry"},"_links":{"self":[{"href":"https:\/\/kulturbloggen.com\/index.php?rest_route=\/wp\/v2\/posts\/21280","targetHints":{"allow":["GET"]}}],"collection":[{"href":"https:\/\/kulturbloggen.com\/index.php?rest_route=\/wp\/v2\/posts"}],"about":[{"href":"https:\/\/kulturbloggen.com\/index.php?rest_route=\/wp\/v2\/types\/post"}],"author":[{"embeddable":true,"href":"https:\/\/kulturbloggen.com\/index.php?rest_route=\/wp\/v2\/users\/13"}],"replies":[{"embeddable":true,"href":"https:\/\/kulturbloggen.com\/index.php?rest_route=%2Fwp%2Fv2%2Fcomments&post=21280"}],"version-history":[{"count":0,"href":"https:\/\/kulturbloggen.com\/index.php?rest_route=\/wp\/v2\/posts\/21280\/revisions"}],"wp:attachment":[{"href":"https:\/\/kulturbloggen.com\/index.php?rest_route=%2Fwp%2Fv2%2Fmedia&parent=21280"}],"wp:term":[{"taxonomy":"category","embeddable":true,"href":"https:\/\/kulturbloggen.com\/index.php?rest_route=%2Fwp%2Fv2%2Fcategories&post=21280"},{"taxonomy":"post_tag","embeddable":true,"href":"https:\/\/kulturbloggen.com\/index.php?rest_route=%2Fwp%2Fv2%2Ftags&post=21280"}],"curies":[{"name":"wp","href":"https:\/\/api.w.org\/{rel}","templated":true}]}}