{"id":21239,"date":"2010-06-14T07:44:19","date_gmt":"2010-06-14T05:44:19","guid":{"rendered":"http:\/\/kulturbloggen.com\/?p=21239"},"modified":"2010-06-14T07:44:19","modified_gmt":"2010-06-14T05:44:19","slug":"kents-nya-album-en-plats-i-solen-slapps-30-juni","status":"publish","type":"post","link":"https:\/\/kulturbloggen.com\/?p=21239","title":{"rendered":"Kents nya album &quot;En plats i solen&quot; sl\u00e4pps 30 juni"},"content":{"rendered":"<p><a href=\"http:\/\/kulturbloggen.com\/wp-content\/uploads\/2010\/06\/kent_enplatsisolen.jpg\"><img loading=\"lazy\" decoding=\"async\" src=\"http:\/\/kulturbloggen.com\/wp-content\/uploads\/2010\/06\/kent_enplatsisolen-300x297.jpg\" alt=\"\" title=\"kent_enplatsisolen\" width=\"300\" height=\"297\" class=\"aligncenter size-medium wp-image-21240\" \/><\/a><br \/>\nKent, kanske Sveriges b\u00e4sta popband, <a href=\"http:\/\/kent.nu\/2010\/06\/14\/nytt-album-en-plats-i-solen\/\">sl\u00e4pper ett nytt album: &#8221;En plats i solen&#8221;<\/a>.<br \/>\nAlbumet \u00e4r Kents nionde studioalbum och sl\u00e4pps 30 juni.<\/p>\n<p><a href=\"http:\/\/kulturbloggen.com\/wp-content\/uploads\/2010\/06\/KentSingelomslag.jpg\"><img loading=\"lazy\" decoding=\"async\" src=\"http:\/\/kulturbloggen.com\/wp-content\/uploads\/2010\/06\/KentSingelomslag-300x300.jpg\" alt=\"\" title=\"KentSingelomslag\" width=\"300\" height=\"300\" class=\"alignright size-medium wp-image-21242\" \/><\/a>En f\u00f6rsta singel, en dubbel A-sidasingel sl\u00e4pps 14 juni med sp\u00e5ren \u201cGAMLA ULLEVI\u201d + \u201cSKISSER F\u00d6R SOMMAREN\u201d.<\/p>\n<p>Ett pressutskick ber\u00e4ttar att albumet skrevs under tidig v\u00e5r och spelades in och mixades i Psykbunkern\/Park Studio i \u00c4lvsj\u00f6.<br \/>\nDet \u00e4r producerat av Kent och Stefan Boman.<\/p>\n<p>L\u00e5tarna p\u00e5 &#8221;En plats i solen&#8221;:<br \/>\n01: GLAS\u00c4PPLEN<br \/>\n02: ISMAEL<br \/>\n03: SKISSER F\u00d6R SOMMAREN<br \/>\n04: \u00c4RLIGHET RESPEKT K\u00c4RLEK<br \/>\n05: VARJE G\u00c5NG DU M\u00d6TER DU MIN BLICK<br \/>\n06: ENSAM L\u00c5NG V\u00c4G HEM<br \/>\n07: TEAM BUILDING<br \/>\n08: GAMLA ULLEVI<br \/>\n09: MINIMALEN<br \/>\n10: PASSAGERARE<\/p>\n<p>Sj\u00e4lv ser jag j\u00e4ttemycket fram emot Hultsfredsfestivalen. Kent spelar d\u00e4r. Det ska jag inte missa.<\/p>\n<p>H\u00e4r \u00e4r Kents sommarturn\u00e9:<br \/>\nKENTS SOMMARTURN\u00c9 HAR TURN\u00c9PREMI\u00c4R DEN 1 JULI UNDER PEACE &#038; LOVE.<\/p>\n<p>JULI<br \/>\n01 BORL\u00c4NGE   PEACE &#038; LOVE<br \/>\n03 KIRUNA   KIRUNAFESTIVALEN<br \/>\n07 HULTSFRED  HULTSFREDSFESTIVALEN<br \/>\n08 SUNDSVALL  SUNDSVALLS GATUFEST<br \/>\n10 LAKSELV (N)  MIDNATTSROCKEN<br \/>\n15 ARVIKA   ARVIKAFESTIVALEN<br \/>\n16 OSLO (N)   OSLO LIVE<br \/>\n17 ESKILSTUNA  PARKEN ZOO<br \/>\n21 LANGESUND (N)  WRIGHTEGAARDEN<br \/>\n22 STOCKHOLM  L\u00c5NGHOLMSPARKEN<br \/>\n24 H\u00c4MEENLINNA (FI)  WANAJA FESTIVAL<br \/>\n25 MARIEHAMN   ROCKOFF FESTIVAL (\u00c5LAND)<br \/>\n29 TRONDHEIM (N)  OLAVSFESTDAGENE<br \/>\n30 \u00d6STERSUND  STORSJ\u00d6YRAN<br \/>\n31 PITE\u00c5   PITE\u00c5 DANSAR &#038; LER<\/p>\n<p>AUGUSTI<br \/>\n06 HELSINGBORG  SOFIERO SLOTT<br \/>\n07 G\u00d6TEBORG   TR\u00c4DG\u00c5RDSF\u00d6RENINGEN<br \/>\n08 SKANDERBORG (DK)  SKANDERBORG FESTIVAL<\/p>\n<p>Kent-sidor p\u00e5 webben:<br \/>\n<a href=\"http:\/\/WWW.KENT.NU\">WWW.KENT.NU<\/a><br \/>\n<a href=\"http:\/\/WWW.MYSPACE.COM\/KENTSWEDEN\">WWW.MYSPACE.COM\/KENTSWEDEN<\/a><\/p>\n<p><a href=\"http:\/\/kulturbloggen.com\/wp-content\/uploads\/2010\/06\/KentPressbild.jpg\"><img loading=\"lazy\" decoding=\"async\" src=\"http:\/\/kulturbloggen.com\/wp-content\/uploads\/2010\/06\/KentPressbild-300x300.jpg\" alt=\"\" title=\"KentPressbild\" width=\"300\" height=\"300\" class=\"aligncenter size-medium wp-image-21241\" \/><\/a><\/p>\n<p>L\u00e4s \u00e4ven andra bloggares \u00e5sikter om <a href=\"http:\/\/bloggar.se\/om\/skivnytt\" rel=\"tag\">skivnytt<\/a>, <a href=\"http:\/\/bloggar.se\/om\/indie\" rel=\"tag\">indie<\/a>, <a href=\"http:\/\/bloggar.se\/om\/popmusik\" rel=\"tag\">popmusik<\/a>, <a href=\"http:\/\/bloggar.se\/om\/turn%E9\" rel=\"tag\">turn\u00e9<\/a>, <a href=\"http:\/\/bloggar.se\/om\/musikfestivaler\" rel=\"tag\">musikfestivaler<\/a>, <a href=\"http:\/\/bloggar.se\/om\/Hultsfred\" rel=\"tag\">Hultsfred<\/a>, <a href=\"http:\/\/bloggar.se\/om\/Kent\" rel=\"tag\">Kent<\/a><\/p>\n","protected":false},"excerpt":{"rendered":"<p>Kent, kanske Sveriges b\u00e4sta popband, sl\u00e4pper ett nytt album: &#8221;En plats i solen&#8221;. Albumet \u00e4r Kents nionde studioalbum och sl\u00e4pps 30 juni. En f\u00f6rsta singel, en dubbel A-sidasingel sl\u00e4pps 14 juni med sp\u00e5ren \u201cGAMLA ULLEVI\u201d + \u201cSKISSER F\u00d6R SOMMAREN\u201d. Ett pressutskick ber\u00e4ttar att albumet skrevs under tidig v\u00e5r och spelades in och mixades i Psykbunkern\/Park [&hellip;]<\/p>\n","protected":false},"author":13,"featured_media":0,"comment_status":"open","ping_status":"open","sticky":false,"template":"","format":"standard","meta":{"_genesis_hide_title":false,"_genesis_hide_breadcrumbs":false,"_genesis_hide_singular_image":false,"_genesis_hide_footer_widgets":false,"_genesis_custom_body_class":"","_genesis_custom_post_class":"","_genesis_layout":"","footnotes":""},"categories":[7],"tags":[2332,2467,4436,5121,6004],"class_list":{"0":"post-21239","1":"post","2":"type-post","3":"status-publish","4":"format-standard","6":"category-musik","7":"tag-hultsfred","8":"tag-indie","9":"tag-popmusik","10":"tag-skivnytt","11":"tag-turne","12":"entry"},"_links":{"self":[{"href":"https:\/\/kulturbloggen.com\/index.php?rest_route=\/wp\/v2\/posts\/21239","targetHints":{"allow":["GET"]}}],"collection":[{"href":"https:\/\/kulturbloggen.com\/index.php?rest_route=\/wp\/v2\/posts"}],"about":[{"href":"https:\/\/kulturbloggen.com\/index.php?rest_route=\/wp\/v2\/types\/post"}],"author":[{"embeddable":true,"href":"https:\/\/kulturbloggen.com\/index.php?rest_route=\/wp\/v2\/users\/13"}],"replies":[{"embeddable":true,"href":"https:\/\/kulturbloggen.com\/index.php?rest_route=%2Fwp%2Fv2%2Fcomments&post=21239"}],"version-history":[{"count":0,"href":"https:\/\/kulturbloggen.com\/index.php?rest_route=\/wp\/v2\/posts\/21239\/revisions"}],"wp:attachment":[{"href":"https:\/\/kulturbloggen.com\/index.php?rest_route=%2Fwp%2Fv2%2Fmedia&parent=21239"}],"wp:term":[{"taxonomy":"category","embeddable":true,"href":"https:\/\/kulturbloggen.com\/index.php?rest_route=%2Fwp%2Fv2%2Fcategories&post=21239"},{"taxonomy":"post_tag","embeddable":true,"href":"https:\/\/kulturbloggen.com\/index.php?rest_route=%2Fwp%2Fv2%2Ftags&post=21239"}],"curies":[{"name":"wp","href":"https:\/\/api.w.org\/{rel}","templated":true}]}}