{"id":21180,"date":"2010-06-12T18:48:27","date_gmt":"2010-06-12T16:48:27","guid":{"rendered":"http:\/\/kulturbloggen.com\/?p=21180"},"modified":"2010-06-12T18:48:27","modified_gmt":"2010-06-12T16:48:27","slug":"teddybears-pa-grona-lund","status":"publish","type":"post","link":"https:\/\/kulturbloggen.com\/?p=21180","title":{"rendered":"Teddybears p\u00e5 Gr\u00f6na Lund"},"content":{"rendered":"<p><a href=\"http:\/\/kulturbloggen.com\/wp-content\/uploads\/2010\/06\/teddybears.jpg\"><img loading=\"lazy\" decoding=\"async\" src=\"http:\/\/kulturbloggen.com\/wp-content\/uploads\/2010\/06\/teddybears-300x225.jpg\" alt=\"\" title=\"teddybears\" width=\"300\" height=\"225\" class=\"aligncenter size-medium wp-image-21186\" \/><\/a><\/p>\n<p>N\u00e4r Teddybears inleder sin konsert p\u00e5 Gr\u00f6na Lund med sina nyare l\u00e5tar f\u00f6r att sedan tillsammans med olika g\u00e4sts\u00e5ngare avsluta med en hitkavalkad k\u00e4nns det n\u00e4stan som en resa i tiden. P\u00e5 gott och ont har l\u00e5tarna blivit mer atmosf\u00e4riska och st\u00e4mningsfulla. Som att fokus numera snarare ligger p\u00e5 vilka effekter de anv\u00e4nder sig av \u00e4n vad de faktiskt spelar.<\/p>\n<p>P\u00e5 en scen som Gr\u00f6na Lund, en kv\u00e4ll som denna, \u00e4r det trots allt hitsen som \u00e4r b\u00e4st l\u00e4mpade. \u00c4ven om det \u00e4r drag i publiken redan fr\u00e5n start s\u00e5 \u00e4r det f\u00f6rst i klassikerna det exploderar.<\/p>\n<p>Som vanligt upptr\u00e4der Teddybears i sina fantastiska bj\u00f6rnmasker. Vid ett tillf\u00e4lle kommer till och med gitarristen in i n\u00e5got som liknar en discokula p\u00e5 huvudet och drar ett solo. Vanligtvis hatar jag gitarrsolon men jag antar att vi kan f\u00f6rl\u00e5ta honom tack vare masken&#8230;<\/p>\n<p>Vad jag framf\u00f6r allt gillar med Teddybears \u00e4r hur sv\u00e5ra de \u00e4r att placera i en viss musikgenre.<\/p>\n<p>N\u00e4r de framf\u00f6rde sin musik till Don Carlos p\u00e5 Dramaten tidigare i \u00e5r bevisade de sin musikaliska bredd.<\/p>\n<p>Det \u00e4r elektroniskt och det \u00e4r rock. Med inslag av allt m\u00f6jligt.<\/p>\n<p>Foto: Lea Amling<\/p>\n","protected":false},"excerpt":{"rendered":"<p>N\u00e4r Teddybears inleder sin konsert p\u00e5 Gr\u00f6na Lund med sina nyare l\u00e5tar f\u00f6r att sedan tillsammans med olika g\u00e4sts\u00e5ngare avsluta med en hitkavalkad k\u00e4nns det n\u00e4stan som en resa i tiden. P\u00e5 gott och ont har l\u00e5tarna blivit mer atmosf\u00e4riska och st\u00e4mningsfulla. Som att fokus numera snarare ligger p\u00e5 vilka effekter de anv\u00e4nder sig av [&hellip;]<\/p>\n","protected":false},"author":3,"featured_media":0,"comment_status":"open","ping_status":"open","sticky":false,"template":"","format":"standard","meta":{"_genesis_hide_title":false,"_genesis_hide_breadcrumbs":false,"_genesis_hide_singular_image":false,"_genesis_hide_footer_widgets":false,"_genesis_custom_body_class":"","_genesis_custom_post_class":"","_genesis_layout":"","footnotes":""},"categories":[7],"tags":[2110,5665],"class_list":{"0":"post-21180","1":"post","2":"type-post","3":"status-publish","4":"format-standard","6":"category-musik","7":"tag-grona-lund","8":"tag-teddybears","9":"entry"},"_links":{"self":[{"href":"https:\/\/kulturbloggen.com\/index.php?rest_route=\/wp\/v2\/posts\/21180","targetHints":{"allow":["GET"]}}],"collection":[{"href":"https:\/\/kulturbloggen.com\/index.php?rest_route=\/wp\/v2\/posts"}],"about":[{"href":"https:\/\/kulturbloggen.com\/index.php?rest_route=\/wp\/v2\/types\/post"}],"author":[{"embeddable":true,"href":"https:\/\/kulturbloggen.com\/index.php?rest_route=\/wp\/v2\/users\/3"}],"replies":[{"embeddable":true,"href":"https:\/\/kulturbloggen.com\/index.php?rest_route=%2Fwp%2Fv2%2Fcomments&post=21180"}],"version-history":[{"count":0,"href":"https:\/\/kulturbloggen.com\/index.php?rest_route=\/wp\/v2\/posts\/21180\/revisions"}],"wp:attachment":[{"href":"https:\/\/kulturbloggen.com\/index.php?rest_route=%2Fwp%2Fv2%2Fmedia&parent=21180"}],"wp:term":[{"taxonomy":"category","embeddable":true,"href":"https:\/\/kulturbloggen.com\/index.php?rest_route=%2Fwp%2Fv2%2Fcategories&post=21180"},{"taxonomy":"post_tag","embeddable":true,"href":"https:\/\/kulturbloggen.com\/index.php?rest_route=%2Fwp%2Fv2%2Ftags&post=21180"}],"curies":[{"name":"wp","href":"https:\/\/api.w.org\/{rel}","templated":true}]}}